{"id":40686,"date":"2024-02-16T14:30:08","date_gmt":"2024-02-16T19:30:08","guid":{"rendered":"https:\/\/contraluzcucuta.co\/?p=40686"},"modified":"2024-02-16T14:31:23","modified_gmt":"2024-02-16T19:31:23","slug":"feria-del-libro-itinerante-500-000-ejemplares-de-infinidad-de-titulos-en-cucuta","status":"publish","type":"post","link":"https:\/\/contraluzcucuta.co\/?p=40686","title":{"rendered":"FERIA DEL LIBRO ITINERANTE. 500.000 ejemplares de infinidad de t\u00edtulos, en C\u00facuta"},"content":{"rendered":"<p style=\"padding-left: 40px; text-align: right;\"><strong><span style=\"color: #ff9900;\">C\u00daCUTA.- La madre preocupada por el presente lector de la ni\u00f1a mir\u00f3 en los exhibidores, recorri\u00f3 los pasillos y no se decidi\u00f3 por un t\u00edtulo. Al llegar a la secci\u00f3n de textos para ni\u00f1os se anim\u00f3 a pedir ayuda y la encontr\u00f3.<\/span><\/strong><\/p>\n<ul>\n<li><em>Disculpe, se\u00f1or, busco un libro para mi hija de 2 a\u00f1itos. \u00bfQu\u00e9 me recomienda?<\/em><\/li>\n<li><em>Mucho gusto, se\u00f1ora, soy Sebasti\u00e1n. Ya le colaboro.<\/em><\/li>\n<\/ul>\n<p><a href=\"https:\/\/contraluzcucuta.co\/wp-content\/uploads\/2024\/02\/FERIA-DEL-LIBRO-9.jpeg\"><img loading=\"lazy\" decoding=\"async\" class=\"wp-image-40684 alignleft\" src=\"https:\/\/contraluzcucuta.co\/wp-content\/uploads\/2024\/02\/FERIA-DEL-LIBRO-9-300x225.jpeg\" alt=\"\" width=\"240\" height=\"180\" srcset=\"https:\/\/contraluzcucuta.co\/wp-content\/uploads\/2024\/02\/FERIA-DEL-LIBRO-9-300x225.jpeg 300w, https:\/\/contraluzcucuta.co\/wp-content\/uploads\/2024\/02\/FERIA-DEL-LIBRO-9-600x450.jpeg 600w, https:\/\/contraluzcucuta.co\/wp-content\/uploads\/2024\/02\/FERIA-DEL-LIBRO-9-1024x768.jpeg 1024w, https:\/\/contraluzcucuta.co\/wp-content\/uploads\/2024\/02\/FERIA-DEL-LIBRO-9-768x576.jpeg 768w, https:\/\/contraluzcucuta.co\/wp-content\/uploads\/2024\/02\/FERIA-DEL-LIBRO-9-1536x1152.jpeg 1536w, https:\/\/contraluzcucuta.co\/wp-content\/uploads\/2024\/02\/FERIA-DEL-LIBRO-9.jpeg 1600w\" sizes=\"auto, (max-width: 240px) 100vw, 240px\" \/><\/a>El hombre se apresur\u00f3 a atender a la afanada cliente, escuch\u00f3 las inquietudes y como conocedor de lo expuesto en los estantes hizo la mejor sugerencia de regalo para que la peque\u00f1a entre en el mundo de las letras.<\/p>\n<p>La Feria del Libro itinerante lleg\u00f3 a C\u00facuta a mediados de semana. Se instal\u00f3 en Unicentro y tiene disponibles para el p\u00fablico, de manera presencial o digital, 500.000 ejemplares de infinidad de t\u00edtulos. La empresa Dislectura es la encargada de la organizaci\u00f3n y Pedro Gualteros, zar de los libros, es quien est\u00e1 al frente.<\/p>\n<p>El objetivo es recorrer el pa\u00eds para romper el paradigma que ha hecho carrera y que pone a los libros entre los art\u00edculos de alto costo. Aqu\u00ed, los precios, sin importar que sean t\u00e9cnicos, de literatura, especializados, infantiles, animados, contempor\u00e1neos, gastron\u00f3micos, investigativos, filos\u00f3ficos, novelas negras y polic\u00edacas o cl\u00e1sicos, comienzan en $ 5000 y no se elevan hasta hacerse inalcanzables.<\/p>\n<ul>\n<li><em>Dislectura es distribuidora de libros en el pa\u00eds. Nos dimos cuenta de que varias librer\u00edas cerraron y nosotros decidimos hacer la Feria del Libro. Llevamos 250 en 9 a\u00f1os.<\/em><\/li>\n<\/ul>\n<p><a href=\"https:\/\/contraluzcucuta.co\/wp-content\/uploads\/2024\/02\/FERIA-DEL-LIBRO-1.jpeg\"><img loading=\"lazy\" decoding=\"async\" class=\"alignnone wp-image-40677 alignleft\" src=\"https:\/\/contraluzcucuta.co\/wp-content\/uploads\/2024\/02\/FERIA-DEL-LIBRO-1-225x300.jpeg\" alt=\"\" width=\"207\" height=\"276\" srcset=\"https:\/\/contraluzcucuta.co\/wp-content\/uploads\/2024\/02\/FERIA-DEL-LIBRO-1-225x300.jpeg 225w, https:\/\/contraluzcucuta.co\/wp-content\/uploads\/2024\/02\/FERIA-DEL-LIBRO-1-600x800.jpeg 600w, https:\/\/contraluzcucuta.co\/wp-content\/uploads\/2024\/02\/FERIA-DEL-LIBRO-1-768x1024.jpeg 768w, https:\/\/contraluzcucuta.co\/wp-content\/uploads\/2024\/02\/FERIA-DEL-LIBRO-1-1152x1536.jpeg 1152w, https:\/\/contraluzcucuta.co\/wp-content\/uploads\/2024\/02\/FERIA-DEL-LIBRO-1.jpeg 1200w\" sizes=\"auto, (max-width: 207px) 100vw, 207px\" \/><\/a><\/p>\n<p>Sebasti\u00e1n Betancur considera que una de las maneras de reconstruir el tejido social es mediante la cultura. La empresa pas\u00f3 de las tres d\u00e9cadas en el mercado, tiempo que les ha permitido sopesar el nivel de lectura de los colombianos. A pesar del auge de las redes sociales y del facilismo para huir de los textos, cada d\u00eda crece el gusto entre j\u00f3venes y adultos.<\/p>\n<p>Para sorpresa de los encargados de la Feria, ha habido casos en los que se les acercan y les preguntan \u2018\u00bfen Colombia todav\u00eda leen?\u2019. Esa inquietud es sin\u00f3nimo de falta de inter\u00e9s por los libros. A la vuelta de las horas, aparecen las familias que tienen el h\u00e1bito de leer en grupo, como lo han transmitido de generaci\u00f3n en generaci\u00f3n.<\/p>\n<p>Quien lee, mejora el l\u00e9xico, interact\u00faa con los dem\u00e1s sin problemas idiom\u00e1ticos y utiliza el lenguaje como puente para comunicarse con quienes lo rodean.<\/p>\n<ul>\n<li><em>No todos terminan el libro que comienzan. Hemos encontrado personas que manifiestan que procrastinan la lectura y nosotros los asesoramos y les damos una lectura apropiada.<\/em><\/li>\n<\/ul>\n<p>Tambi\u00e9n, aquellos que procuran inculcar a los hijos la sana costumbre de leer, en la Feria encuentran como consejo que se sumerjan en la lectura para que el ejemplo sea seguido en casa. Para ese momento de iniciaci\u00f3n hay libros apropiados y que permiten comenzar la transici\u00f3n de la imagen a la palabra.<\/p>\n<p><a href=\"https:\/\/contraluzcucuta.co\/wp-content\/uploads\/2024\/02\/FERIA-DEL-LIBRO-4.jpeg\"><img loading=\"lazy\" decoding=\"async\" class=\"wp-image-40679 alignleft\" src=\"https:\/\/contraluzcucuta.co\/wp-content\/uploads\/2024\/02\/FERIA-DEL-LIBRO-4-300x225.jpeg\" alt=\"\" width=\"239\" height=\"179\" srcset=\"https:\/\/contraluzcucuta.co\/wp-content\/uploads\/2024\/02\/FERIA-DEL-LIBRO-4-300x225.jpeg 300w, https:\/\/contraluzcucuta.co\/wp-content\/uploads\/2024\/02\/FERIA-DEL-LIBRO-4-600x450.jpeg 600w, https:\/\/contraluzcucuta.co\/wp-content\/uploads\/2024\/02\/FERIA-DEL-LIBRO-4-1024x768.jpeg 1024w, https:\/\/contraluzcucuta.co\/wp-content\/uploads\/2024\/02\/FERIA-DEL-LIBRO-4-768x576.jpeg 768w, https:\/\/contraluzcucuta.co\/wp-content\/uploads\/2024\/02\/FERIA-DEL-LIBRO-4-1536x1152.jpeg 1536w, https:\/\/contraluzcucuta.co\/wp-content\/uploads\/2024\/02\/FERIA-DEL-LIBRO-4.jpeg 1600w\" sizes=\"auto, (max-width: 239px) 100vw, 239px\" \/><\/a>Los medios de comunicaci\u00f3n tradicionales y ahora los digitales, agotan la imaginaci\u00f3n y la creatividad infantiles. Esta saturaci\u00f3n de imagen incide en el promedio de lectura nacional, aunque existe un auge entre los j\u00f3venes por adquirir textos.<\/p>\n<ul>\n<li><em>El promedio en los adultos es alto, pero dir\u00eda que los j\u00f3venes leen m\u00e1s. Inclusive, los ni\u00f1os leen m\u00e1s.<\/em><\/li>\n<\/ul>\n<p>Los muchachos muestran inter\u00e9s en filosof\u00eda, c\u00f3mics, novelas, temas t\u00e9cnicos, medicina, m\u00e1rquetin, inteligencia financiera e inteligencia emocional. En el recorrido pueden tropezar con Edgar Allan Poe, Dostoievski, Jane Austen, Miguel de Cervantes, Agatha Christie, Paulo Coelho, Charles Dickens, Ken Follet, Nietzsche y Habermas.<\/p>\n<p>A la vuelta, en el siguiente estante, est\u00e1 Gabriel Garc\u00eda M\u00e1rquez rodeado de libros para pintar y recetarios de cocina, espirituales y de superaci\u00f3n personal, promociones y juguetes.<\/p>\n<ul>\n<li><em>Hemos notado que en C\u00facuta hay personas ilustradas y que han hecho de la Feria un evento al que no pueden faltar. De aqu\u00ed vamos para Pamplona.<\/em><\/li>\n<\/ul>\n<p><a href=\"https:\/\/contraluzcucuta.co\/wp-content\/uploads\/2024\/02\/FERIA-DEL-LIBRO-7.jpeg\"><img loading=\"lazy\" decoding=\"async\" class=\"alignnone wp-image-40682 alignleft\" src=\"https:\/\/contraluzcucuta.co\/wp-content\/uploads\/2024\/02\/FERIA-DEL-LIBRO-7-300x225.jpeg\" alt=\"\" width=\"247\" height=\"185\" srcset=\"https:\/\/contraluzcucuta.co\/wp-content\/uploads\/2024\/02\/FERIA-DEL-LIBRO-7-300x225.jpeg 300w, https:\/\/contraluzcucuta.co\/wp-content\/uploads\/2024\/02\/FERIA-DEL-LIBRO-7-600x450.jpeg 600w, https:\/\/contraluzcucuta.co\/wp-content\/uploads\/2024\/02\/FERIA-DEL-LIBRO-7-1024x768.jpeg 1024w, https:\/\/contraluzcucuta.co\/wp-content\/uploads\/2024\/02\/FERIA-DEL-LIBRO-7-768x576.jpeg 768w, https:\/\/contraluzcucuta.co\/wp-content\/uploads\/2024\/02\/FERIA-DEL-LIBRO-7-1536x1152.jpeg 1536w, https:\/\/contraluzcucuta.co\/wp-content\/uploads\/2024\/02\/FERIA-DEL-LIBRO-7.jpeg 1600w\" sizes=\"auto, (max-width: 247px) 100vw, 247px\" \/><\/a><\/p>\n<p>El recorrido por el pa\u00eds no solo toca a las capitales, tambi\u00e9n llega a las ciudades intermedias para que no se sientan marginados los lectores de los alrededores de los centros urbanos.<\/p>\n<p>Mariela encontr\u00f3 varios t\u00edtulos que servir\u00e1n para motivar a la hija para que se interese por los libros. Comenzar\u00e1 por los animados, luego le leer\u00e1 cuentos, despu\u00e9s se meter\u00e1 en historias de medio aliento. As\u00ed, le inculcar\u00e1 el gusto por la lectura.<\/p>\n<p>Sebasti\u00e1n se hace a un lado, porque tiene que asesorar a otros clientes, que llegaron con dudas en torno a los t\u00edtulos, con los precios no hay problemas.<\/p>\n<p><strong>RAFAEL ANTONIO PAB\u00d3N<\/strong><\/p>\n<p><strong><a href=\"mailto:rafaelpabon58@hotmail.com\">rafaelpabon58@hotmail.com<\/a><\/strong><\/p>\n","protected":false},"excerpt":{"rendered":"<p>C\u00daCUTA.- La madre preocupada por el presente lector de la ni\u00f1a mir\u00f3 en los exhibidores, recorri\u00f3 los pasillos y no se decidi\u00f3 por un t\u00edtulo. Al llegar a la secci\u00f3n de textos para ni\u00f1os se anim\u00f3 a pedir ayuda y la encontr\u00f3. Disculpe, se\u00f1or, busco un libro para mi hija de 2 a\u00f1itos. \u00bfQu\u00e9 me &hellip;<\/p>\n","protected":false},"author":1,"featured_media":40687,"comment_status":"open","ping_status":"open","sticky":false,"template":"","format":"standard","meta":{"footnotes":""},"categories":[45,4],"tags":[6059,148,6060,1007,6061],"class_list":["post-40686","post","type-post","status-publish","format-standard","has-post-thumbnail","hentry","category-destacado","category-barra","tag-dislectura","tag-feria-del-libro","tag-pedro-gualteros","tag-unicentro-cucuta","tag-zar-de-los-libros"],"_links":{"self":[{"href":"https:\/\/contraluzcucuta.co\/index.php?rest_route=\/wp\/v2\/posts\/40686","targetHints":{"allow":["GET"]}}],"collection":[{"href":"https:\/\/contraluzcucuta.co\/index.php?rest_route=\/wp\/v2\/posts"}],"about":[{"href":"https:\/\/contraluzcucuta.co\/index.php?rest_route=\/wp\/v2\/types\/post"}],"author":[{"embeddable":true,"href":"https:\/\/contraluzcucuta.co\/index.php?rest_route=\/wp\/v2\/users\/1"}],"replies":[{"embeddable":true,"href":"https:\/\/contraluzcucuta.co\/index.php?rest_route=%2Fwp%2Fv2%2Fcomments&post=40686"}],"version-history":[{"count":3,"href":"https:\/\/contraluzcucuta.co\/index.php?rest_route=\/wp\/v2\/posts\/40686\/revisions"}],"predecessor-version":[{"id":40690,"href":"https:\/\/contraluzcucuta.co\/index.php?rest_route=\/wp\/v2\/posts\/40686\/revisions\/40690"}],"wp:featuredmedia":[{"embeddable":true,"href":"https:\/\/contraluzcucuta.co\/index.php?rest_route=\/wp\/v2\/media\/40687"}],"wp:attachment":[{"href":"https:\/\/contraluzcucuta.co\/index.php?rest_route=%2Fwp%2Fv2%2Fmedia&parent=40686"}],"wp:term":[{"taxonomy":"category","embeddable":true,"href":"https:\/\/contraluzcucuta.co\/index.php?rest_route=%2Fwp%2Fv2%2Fcategories&post=40686"},{"taxonomy":"post_tag","embeddable":true,"href":"https:\/\/contraluzcucuta.co\/index.php?rest_route=%2Fwp%2Fv2%2Ftags&post=40686"}],"curies":[{"name":"wp","href":"https:\/\/api.w.org\/{rel}","templated":true}]}}