{"id":40672,"date":"2024-02-16T04:17:40","date_gmt":"2024-02-16T09:17:40","guid":{"rendered":"https:\/\/contraluzcucuta.co\/?p=40672"},"modified":"2024-02-16T04:17:40","modified_gmt":"2024-02-16T09:17:40","slug":"retrovisor-bien-de-interes-cultural","status":"publish","type":"post","link":"https:\/\/contraluzcucuta.co\/?p=40672","title":{"rendered":"RETROVISOR. Bien de inter\u00e9s cultural"},"content":{"rendered":"<p style=\"padding-left: 40px; text-align: right;\"><strong><span style=\"color: #ff9900;\">C\u00daCUTA.- Hace 61 a\u00f1os (15 de febrero de 1963), se inaugur\u00f3 la sede del Banco de la Rep\u00fablica, en C\u00facuta. El edificio, en la calle 11 con avenida 5, ahora es sede de algunas oficinas de la Gobernaci\u00f3n de Norte de Santander.<\/span><\/strong><\/p>\n<p><a href=\"https:\/\/contraluzcucuta.co\/wp-content\/uploads\/2024\/02\/BANCO-DE-LA-REPUBLICA-3.jpeg\"><img loading=\"lazy\" decoding=\"async\" class=\"wp-image-40674 alignleft\" src=\"https:\/\/contraluzcucuta.co\/wp-content\/uploads\/2024\/02\/BANCO-DE-LA-REPUBLICA-3-225x300.jpeg\" alt=\"\" width=\"166\" height=\"221\" srcset=\"https:\/\/contraluzcucuta.co\/wp-content\/uploads\/2024\/02\/BANCO-DE-LA-REPUBLICA-3-225x300.jpeg 225w, https:\/\/contraluzcucuta.co\/wp-content\/uploads\/2024\/02\/BANCO-DE-LA-REPUBLICA-3-600x800.jpeg 600w, https:\/\/contraluzcucuta.co\/wp-content\/uploads\/2024\/02\/BANCO-DE-LA-REPUBLICA-3-768x1024.jpeg 768w, https:\/\/contraluzcucuta.co\/wp-content\/uploads\/2024\/02\/BANCO-DE-LA-REPUBLICA-3-1152x1536.jpeg 1152w, https:\/\/contraluzcucuta.co\/wp-content\/uploads\/2024\/02\/BANCO-DE-LA-REPUBLICA-3.jpeg 1200w\" sizes=\"auto, (max-width: 166px) 100vw, 166px\" \/><\/a>Desde el Desierto de la Tatacoa, el arquitecto Luis Armando Albarrac\u00edn Pinto, record\u00f3 que el dise\u00f1o estuvo a cargo del arquitecto Juan Jos\u00e9 Vargas Ram\u00edrez y la construcci\u00f3n correspondi\u00f3 a la firma P\u00e9rez y Gait\u00e1n Ltda.<\/p>\n<p>El edificio fue declarado bien de inter\u00e9s cultural de la ciudad y hace parte del legado de la Arquitecta Moderna Latinoamericana del Siglo XX, con influencias de la Arquitectura Moderna Brasilera.<\/p>\n","protected":false},"excerpt":{"rendered":"<p>C\u00daCUTA.- Hace 61 a\u00f1os (15 de febrero de 1963), se inaugur\u00f3 la sede del Banco de la Rep\u00fablica, en C\u00facuta. El edificio, en la calle 11 con avenida 5, ahora es sede de algunas oficinas de la Gobernaci\u00f3n de Norte de Santander. Desde el Desierto de la Tatacoa, el arquitecto Luis Armando Albarrac\u00edn Pinto, record\u00f3 &hellip;<\/p>\n","protected":false},"author":1,"featured_media":40673,"comment_status":"open","ping_status":"open","sticky":false,"template":"","format":"standard","meta":{"footnotes":""},"categories":[37,6057],"tags":[895,6058],"class_list":["post-40672","post","type-post","status-publish","format-standard","has-post-thumbnail","hentry","category-paseo-cultural","category-retrovisor","tag-banco-de-la-republica","tag-mirada-al-pasado"],"_links":{"self":[{"href":"https:\/\/contraluzcucuta.co\/index.php?rest_route=\/wp\/v2\/posts\/40672","targetHints":{"allow":["GET"]}}],"collection":[{"href":"https:\/\/contraluzcucuta.co\/index.php?rest_route=\/wp\/v2\/posts"}],"about":[{"href":"https:\/\/contraluzcucuta.co\/index.php?rest_route=\/wp\/v2\/types\/post"}],"author":[{"embeddable":true,"href":"https:\/\/contraluzcucuta.co\/index.php?rest_route=\/wp\/v2\/users\/1"}],"replies":[{"embeddable":true,"href":"https:\/\/contraluzcucuta.co\/index.php?rest_route=%2Fwp%2Fv2%2Fcomments&post=40672"}],"version-history":[{"count":1,"href":"https:\/\/contraluzcucuta.co\/index.php?rest_route=\/wp\/v2\/posts\/40672\/revisions"}],"predecessor-version":[{"id":40675,"href":"https:\/\/contraluzcucuta.co\/index.php?rest_route=\/wp\/v2\/posts\/40672\/revisions\/40675"}],"wp:featuredmedia":[{"embeddable":true,"href":"https:\/\/contraluzcucuta.co\/index.php?rest_route=\/wp\/v2\/media\/40673"}],"wp:attachment":[{"href":"https:\/\/contraluzcucuta.co\/index.php?rest_route=%2Fwp%2Fv2%2Fmedia&parent=40672"}],"wp:term":[{"taxonomy":"category","embeddable":true,"href":"https:\/\/contraluzcucuta.co\/index.php?rest_route=%2Fwp%2Fv2%2Fcategories&post=40672"},{"taxonomy":"post_tag","embeddable":true,"href":"https:\/\/contraluzcucuta.co\/index.php?rest_route=%2Fwp%2Fv2%2Ftags&post=40672"}],"curies":[{"name":"wp","href":"https:\/\/api.w.org\/{rel}","templated":true}]}}