{"id":40668,"date":"2024-02-16T04:04:47","date_gmt":"2024-02-16T09:04:47","guid":{"rendered":"https:\/\/contraluzcucuta.co\/?p=40668"},"modified":"2024-02-16T04:04:47","modified_gmt":"2024-02-16T09:04:47","slug":"plan-de-desarrollo-2024-2027-amplia-participacion-de-los-pueblos-de-occidente","status":"publish","type":"post","link":"https:\/\/contraluzcucuta.co\/?p=40668","title":{"rendered":"PLAN DE DESARROLLO 2024-2027. Amplia participaci\u00f3n de los Pueblos de Occidente"},"content":{"rendered":"<p style=\"padding-left: 40px; text-align: right;\"><strong><span style=\"color: #ff9900;\">SALAZAR DE LAS PALMAS \u2013 Norte de Santander.- 146 habitantes de la zona rural y 345 de la urbana de Salazar, Lourdes, Gramalote, Villa Caro, Arboledas, Cucutilla y Santiago participaron en las mesas de la subregi\u00f3n Centro \u2013 Pueblos de Occidente para construir el Plan de Desarrollo 2024-2027.<\/span><\/strong><\/p>\n<p><a href=\"https:\/\/contraluzcucuta.co\/wp-content\/uploads\/2024\/02\/GOBERNADOR-PUEBLOS-DE-OCCIDENTE-6.jpg\"><img loading=\"lazy\" decoding=\"async\" class=\"wp-image-40670 alignleft\" src=\"https:\/\/contraluzcucuta.co\/wp-content\/uploads\/2024\/02\/GOBERNADOR-PUEBLOS-DE-OCCIDENTE-6-300x268.jpg\" alt=\"\" width=\"249\" height=\"222\" srcset=\"https:\/\/contraluzcucuta.co\/wp-content\/uploads\/2024\/02\/GOBERNADOR-PUEBLOS-DE-OCCIDENTE-6-300x268.jpg 300w, https:\/\/contraluzcucuta.co\/wp-content\/uploads\/2024\/02\/GOBERNADOR-PUEBLOS-DE-OCCIDENTE-6-600x536.jpg 600w, https:\/\/contraluzcucuta.co\/wp-content\/uploads\/2024\/02\/GOBERNADOR-PUEBLOS-DE-OCCIDENTE-6.jpg 745w\" sizes=\"auto, (max-width: 249px) 100vw, 249px\" \/><\/a>Entre los asistentes se recogieron 199 iniciativas presentadas a las 26 mesas sectoriales y poblacionales. Destacaron las inquietudes en seguridad y desarrollo productivo, deporte, mujer, migraci\u00f3n, infancia y adolescencia, vivienda, adulto mayor, discapacidad y salud. La mesa agropecuaria y seguridad alimentaria lider\u00f3 la presentaci\u00f3n de 19 iniciativas.<\/p>\n<p>Los asistentes se congregaron en la instituci\u00f3n educativa Nuestra Se\u00f1ora de Bel\u00e9n (Salazar de las Palmas). \u201cQueremos encaminar las acciones respondiendo a las necesidades de las comunidades desde sus territorios, reuniendo inquietudes, expectativas y anhelos por hacer de Norte de Santander un mejor departamento para todos\u201d, dijo el gobernador William Villamizar.<\/p>\n<p>La secretaria de Planeaci\u00f3n, Marcela Angulo, afirm\u00f3 que el ejercicio participativo concluir\u00e1 con la entrega del Plan de Desarrollo a la Asamblea, en mayo. La gesti\u00f3n ante el Gobierno ser\u00e1 fundamental para materializar las expectativas de la poblaci\u00f3n.<\/p>\n<p>Entre los compromisos adquiridos resalta la promoci\u00f3n del turismo como motor de transformaci\u00f3n en los Pueblos de Occidente. La iniciativa, impulsada con participaci\u00f3n de las comunidades, fomentar\u00e1 la creaci\u00f3n de empleo, el incremento de la productividad y el desarrollo de la infraestructura vial.<\/p>\n","protected":false},"excerpt":{"rendered":"<p>SALAZAR DE LAS PALMAS \u2013 Norte de Santander.- 146 habitantes de la zona rural y 345 de la urbana de Salazar, Lourdes, Gramalote, Villa Caro, Arboledas, Cucutilla y Santiago participaron en las mesas de la subregi\u00f3n Centro \u2013 Pueblos de Occidente para construir el Plan de Desarrollo 2024-2027. Entre los asistentes se recogieron 199 iniciativas &hellip;<\/p>\n","protected":false},"author":1,"featured_media":40669,"comment_status":"open","ping_status":"open","sticky":false,"template":"","format":"standard","meta":{"footnotes":""},"categories":[4,36],"tags":[688,379,4520,1536],"class_list":["post-40668","post","type-post","status-publish","format-standard","has-post-thumbnail","hentry","category-barra","category-la-voz-del-pueblo","tag-asamblea-de-norte-de-santander","tag-gobernacion-de-norte-de-santander","tag-plan-de-desarrollo","tag-planeacion-departamental"],"_links":{"self":[{"href":"https:\/\/contraluzcucuta.co\/index.php?rest_route=\/wp\/v2\/posts\/40668","targetHints":{"allow":["GET"]}}],"collection":[{"href":"https:\/\/contraluzcucuta.co\/index.php?rest_route=\/wp\/v2\/posts"}],"about":[{"href":"https:\/\/contraluzcucuta.co\/index.php?rest_route=\/wp\/v2\/types\/post"}],"author":[{"embeddable":true,"href":"https:\/\/contraluzcucuta.co\/index.php?rest_route=\/wp\/v2\/users\/1"}],"replies":[{"embeddable":true,"href":"https:\/\/contraluzcucuta.co\/index.php?rest_route=%2Fwp%2Fv2%2Fcomments&post=40668"}],"version-history":[{"count":1,"href":"https:\/\/contraluzcucuta.co\/index.php?rest_route=\/wp\/v2\/posts\/40668\/revisions"}],"predecessor-version":[{"id":40671,"href":"https:\/\/contraluzcucuta.co\/index.php?rest_route=\/wp\/v2\/posts\/40668\/revisions\/40671"}],"wp:featuredmedia":[{"embeddable":true,"href":"https:\/\/contraluzcucuta.co\/index.php?rest_route=\/wp\/v2\/media\/40669"}],"wp:attachment":[{"href":"https:\/\/contraluzcucuta.co\/index.php?rest_route=%2Fwp%2Fv2%2Fmedia&parent=40668"}],"wp:term":[{"taxonomy":"category","embeddable":true,"href":"https:\/\/contraluzcucuta.co\/index.php?rest_route=%2Fwp%2Fv2%2Fcategories&post=40668"},{"taxonomy":"post_tag","embeddable":true,"href":"https:\/\/contraluzcucuta.co\/index.php?rest_route=%2Fwp%2Fv2%2Ftags&post=40668"}],"curies":[{"name":"wp","href":"https:\/\/api.w.org\/{rel}","templated":true}]}}