{"id":40618,"date":"2024-02-13T21:14:30","date_gmt":"2024-02-14T02:14:30","guid":{"rendered":"https:\/\/contraluzcucuta.co\/?p=40618"},"modified":"2024-02-13T21:14:30","modified_gmt":"2024-02-14T02:14:30","slug":"fondo-para-la-paz-fundacion-howard-buffett-destino-8-millones-de-dolares","status":"publish","type":"post","link":"https:\/\/contraluzcucuta.co\/?p=40618","title":{"rendered":"FONDO PARA LA PAZ. Fundaci\u00f3n Howard Buffett destin\u00f3 8 millones de d\u00f3lares"},"content":{"rendered":"<p style=\"padding-left: 40px; text-align: right;\"><strong><span style=\"color: #ff9900;\">C\u00daCUTA.- El Programa Mundial de Alimentos en Colombia present\u00f3, ayer, en C\u00facuta el Fondo para La Paz. La iniciativa contar\u00e1 con la vinculaci\u00f3n de la Fundaci\u00f3n Howard Buffett, que destinar\u00e1 8 millones de d\u00f3lares para este prop\u00f3sito.<\/span><\/strong><\/p>\n<p><a href=\"https:\/\/contraluzcucuta.co\/wp-content\/uploads\/2024\/02\/GOBERNADOR-FONDO-PARA-LA-PAZ-3.jpg\"><img loading=\"lazy\" decoding=\"async\" class=\"wp-image-40620 alignleft\" src=\"https:\/\/contraluzcucuta.co\/wp-content\/uploads\/2024\/02\/GOBERNADOR-FONDO-PARA-LA-PAZ-3-300x200.jpg\" alt=\"\" width=\"242\" height=\"161\" srcset=\"https:\/\/contraluzcucuta.co\/wp-content\/uploads\/2024\/02\/GOBERNADOR-FONDO-PARA-LA-PAZ-3-300x200.jpg 300w, https:\/\/contraluzcucuta.co\/wp-content\/uploads\/2024\/02\/GOBERNADOR-FONDO-PARA-LA-PAZ-3-600x400.jpg 600w, https:\/\/contraluzcucuta.co\/wp-content\/uploads\/2024\/02\/GOBERNADOR-FONDO-PARA-LA-PAZ-3-1024x683.jpg 1024w, https:\/\/contraluzcucuta.co\/wp-content\/uploads\/2024\/02\/GOBERNADOR-FONDO-PARA-LA-PAZ-3-768x512.jpg 768w, https:\/\/contraluzcucuta.co\/wp-content\/uploads\/2024\/02\/GOBERNADOR-FONDO-PARA-LA-PAZ-3-310x205.jpg 310w, https:\/\/contraluzcucuta.co\/wp-content\/uploads\/2024\/02\/GOBERNADOR-FONDO-PARA-LA-PAZ-3.jpg 1280w\" sizes=\"auto, (max-width: 242px) 100vw, 242px\" \/><\/a>En el acto estuvieron el fil\u00e1ntropo estadounidense Howard Buffette y el director del Programa, Carlo Scaramella.<\/p>\n<p>El Fondo tiene como objetivo ser mecanismo de financiaci\u00f3n \u00e1gil y efectiva para la promoci\u00f3n y la consolidaci\u00f3n de las iniciativas de paz en el territorio colombiano.<\/p>\n<p>Tambi\u00e9n, se enfocar\u00e1 en el fortalecimiento de:<\/p>\n<ul>\n<li>Propuestas comunitarias para la autonom\u00eda alimentaria<\/li>\n<li>El desarrollo rural<\/li>\n<li>La integraci\u00f3n socioecon\u00f3mica<\/li>\n<li>La construcci\u00f3n de medios de vida en comunidades afectadas por el conflicto<\/li>\n<li>Excombatientes comprometidos con el cambio, la paz y la reconciliaci\u00f3n.<\/li>\n<\/ul>\n","protected":false},"excerpt":{"rendered":"<p>C\u00daCUTA.- El Programa Mundial de Alimentos en Colombia present\u00f3, ayer, en C\u00facuta el Fondo para La Paz. La iniciativa contar\u00e1 con la vinculaci\u00f3n de la Fundaci\u00f3n Howard Buffett, que destinar\u00e1 8 millones de d\u00f3lares para este prop\u00f3sito. En el acto estuvieron el fil\u00e1ntropo estadounidense Howard Buffette y el director del Programa, Carlo Scaramella. El Fondo &hellip;<\/p>\n","protected":false},"author":1,"featured_media":40619,"comment_status":"open","ping_status":"open","sticky":false,"template":"","format":"standard","meta":{"footnotes":""},"categories":[4,2630,6011],"tags":[6049,6047,379,6048],"class_list":["post-40618","post","type-post","status-publish","format-standard","has-post-thumbnail","hentry","category-barra","category-gobernacion","category-gobernacion-de-norte-de-santander","tag-carlo-scaramella","tag-fondo-para-la-paz","tag-gobernacion-de-norte-de-santander","tag-howard-buffette"],"_links":{"self":[{"href":"https:\/\/contraluzcucuta.co\/index.php?rest_route=\/wp\/v2\/posts\/40618","targetHints":{"allow":["GET"]}}],"collection":[{"href":"https:\/\/contraluzcucuta.co\/index.php?rest_route=\/wp\/v2\/posts"}],"about":[{"href":"https:\/\/contraluzcucuta.co\/index.php?rest_route=\/wp\/v2\/types\/post"}],"author":[{"embeddable":true,"href":"https:\/\/contraluzcucuta.co\/index.php?rest_route=\/wp\/v2\/users\/1"}],"replies":[{"embeddable":true,"href":"https:\/\/contraluzcucuta.co\/index.php?rest_route=%2Fwp%2Fv2%2Fcomments&post=40618"}],"version-history":[{"count":1,"href":"https:\/\/contraluzcucuta.co\/index.php?rest_route=\/wp\/v2\/posts\/40618\/revisions"}],"predecessor-version":[{"id":40621,"href":"https:\/\/contraluzcucuta.co\/index.php?rest_route=\/wp\/v2\/posts\/40618\/revisions\/40621"}],"wp:featuredmedia":[{"embeddable":true,"href":"https:\/\/contraluzcucuta.co\/index.php?rest_route=\/wp\/v2\/media\/40619"}],"wp:attachment":[{"href":"https:\/\/contraluzcucuta.co\/index.php?rest_route=%2Fwp%2Fv2%2Fmedia&parent=40618"}],"wp:term":[{"taxonomy":"category","embeddable":true,"href":"https:\/\/contraluzcucuta.co\/index.php?rest_route=%2Fwp%2Fv2%2Fcategories&post=40618"},{"taxonomy":"post_tag","embeddable":true,"href":"https:\/\/contraluzcucuta.co\/index.php?rest_route=%2Fwp%2Fv2%2Ftags&post=40618"}],"curies":[{"name":"wp","href":"https:\/\/api.w.org\/{rel}","templated":true}]}}