{"id":40615,"date":"2024-02-13T21:09:20","date_gmt":"2024-02-14T02:09:20","guid":{"rendered":"https:\/\/contraluzcucuta.co\/?p=40615"},"modified":"2024-02-13T21:09:20","modified_gmt":"2024-02-14T02:09:20","slug":"pamplona-bomberos-estrena-maquina-y-equipos","status":"publish","type":"post","link":"https:\/\/contraluzcucuta.co\/?p=40615","title":{"rendered":"PAMPLONA. Bomberos estrena m\u00e1quina y equipos"},"content":{"rendered":"<p style=\"padding-left: 40px; text-align: right;\"><span style=\"color: #ff9900;\"><strong>PAMPLONA \u2013 Norte de Santander.-<\/strong> El Cuerpo de Bomberos de Pamplona tendr\u00e1 equipos nuevos para atender emergencias en el municipio y pueblos aleda\u00f1os. El ministro del Interior, Luis Fernando Velasco, entreg\u00f3 la m\u00e1quina y el equipamiento y los puso al servicio de la comunidad.<\/span><\/p>\n<p>La administraci\u00f3n municipal agradeci\u00f3 al organismo de socorro la gesti\u00f3n efectuada para contar con los elementos que garantizar\u00e1n la seguridad de los pamploneses.<\/p>\n<p>La capitana en jefe de la Direcci\u00f3n Nacional de Bomberos Colombia, Lourdes del Socorro Pe\u00f1a, el alcalde Klaus Faber Mogoll\u00f3n y el capit\u00e1n del Cuerpo de Bomberos de Pamplona, Julio C\u00e9sar Espinosa, encabezaron el acto de recibimiento.<\/p>\n","protected":false},"excerpt":{"rendered":"<p>PAMPLONA \u2013 Norte de Santander.- El Cuerpo de Bomberos de Pamplona tendr\u00e1 equipos nuevos para atender emergencias en el municipio y pueblos aleda\u00f1os. El ministro del Interior, Luis Fernando Velasco, entreg\u00f3 la m\u00e1quina y el equipamiento y los puso al servicio de la comunidad. La administraci\u00f3n municipal agradeci\u00f3 al organismo de socorro la gesti\u00f3n efectuada &hellip;<\/p>\n","protected":false},"author":1,"featured_media":40616,"comment_status":"open","ping_status":"open","sticky":false,"template":"","format":"standard","meta":{"footnotes":""},"categories":[4,32],"tags":[6046,738],"class_list":["post-40615","post","type-post","status-publish","format-standard","has-post-thumbnail","hentry","category-barra","category-recorrido-por-la-region","tag-bomberos-de-pamplona","tag-pamplona"],"_links":{"self":[{"href":"https:\/\/contraluzcucuta.co\/index.php?rest_route=\/wp\/v2\/posts\/40615","targetHints":{"allow":["GET"]}}],"collection":[{"href":"https:\/\/contraluzcucuta.co\/index.php?rest_route=\/wp\/v2\/posts"}],"about":[{"href":"https:\/\/contraluzcucuta.co\/index.php?rest_route=\/wp\/v2\/types\/post"}],"author":[{"embeddable":true,"href":"https:\/\/contraluzcucuta.co\/index.php?rest_route=\/wp\/v2\/users\/1"}],"replies":[{"embeddable":true,"href":"https:\/\/contraluzcucuta.co\/index.php?rest_route=%2Fwp%2Fv2%2Fcomments&post=40615"}],"version-history":[{"count":1,"href":"https:\/\/contraluzcucuta.co\/index.php?rest_route=\/wp\/v2\/posts\/40615\/revisions"}],"predecessor-version":[{"id":40617,"href":"https:\/\/contraluzcucuta.co\/index.php?rest_route=\/wp\/v2\/posts\/40615\/revisions\/40617"}],"wp:featuredmedia":[{"embeddable":true,"href":"https:\/\/contraluzcucuta.co\/index.php?rest_route=\/wp\/v2\/media\/40616"}],"wp:attachment":[{"href":"https:\/\/contraluzcucuta.co\/index.php?rest_route=%2Fwp%2Fv2%2Fmedia&parent=40615"}],"wp:term":[{"taxonomy":"category","embeddable":true,"href":"https:\/\/contraluzcucuta.co\/index.php?rest_route=%2Fwp%2Fv2%2Fcategories&post=40615"},{"taxonomy":"post_tag","embeddable":true,"href":"https:\/\/contraluzcucuta.co\/index.php?rest_route=%2Fwp%2Fv2%2Ftags&post=40615"}],"curies":[{"name":"wp","href":"https:\/\/api.w.org\/{rel}","templated":true}]}}