{"id":40600,"date":"2024-02-11T18:54:36","date_gmt":"2024-02-11T23:54:36","guid":{"rendered":"https:\/\/contraluzcucuta.co\/?p=40600"},"modified":"2024-02-11T18:54:36","modified_gmt":"2024-02-11T23:54:36","slug":"2024-el-ano-de-gaitan-duran","status":"publish","type":"post","link":"https:\/\/contraluzcucuta.co\/?p=40600","title":{"rendered":"2024. El A\u00f1o de Gait\u00e1n Dur\u00e1n"},"content":{"rendered":"<p style=\"padding-left: 40px; text-align: right;\"><strong><span style=\"color: #ff9900;\">C\u00daCUTA.- Jorge Gait\u00e1n Dur\u00e1n, considerado uno de los m\u00e1s valiosos intelectuales colombianos del siglo XX, naci\u00f3 en Pamplona el 12 de febrero de 1924. Al cumplirse 100 a\u00f1os, la Secretar\u00eda de Cultura del Departamento se une a la conmemoraci\u00f3n en la Ciudad Mitrada, junto con el Instituto Municipal de Cultura de Pamplona. La actividad ser\u00e1 a las 5:00 de la tarde.\u00a0<\/span><\/strong><\/p>\n<p><a href=\"https:\/\/contraluzcucuta.co\/wp-content\/uploads\/2024\/02\/JORGE-GAITAN-DURAN-5.jpg\"><img loading=\"lazy\" decoding=\"async\" class=\"wp-image-40602 alignleft\" src=\"https:\/\/contraluzcucuta.co\/wp-content\/uploads\/2024\/02\/JORGE-GAITAN-DURAN-5.jpg\" alt=\"\" width=\"204\" height=\"272\" \/><\/a>Fue escritor, periodista, poeta, pol\u00edtico y fundador de la Revista Mito e integrante del grupo Los Cuadern\u00edcolas. Su obra destaca por la cr\u00edtica en literatura, arte, cine, teatro y pol\u00edtica. Sus poemas son conocidos por la referencia al erotismo, la vida y la muerte.<\/p>\n<p>Sin duda, fue un nortesantandereano ejemplar que hoy merece el reconocimiento. La Gobernaci\u00f3n y la Secretar\u00eda designar\u00e1n este 2024 como \u201cEl A\u00f1o de Gait\u00e1n Dur\u00e1n\u201d, en un merecido homenaje a su vida y obra.<\/p>\n<p>La programaci\u00f3n en Pamplona incluye:<\/p>\n<ul>\n<li>Evoluci\u00f3n de la obra literaria de Jorge Gait\u00e1n Dur\u00e1n. Por la escritora e investigadora Flor Delia Pulido<\/li>\n<li>Rayas de poes\u00eda. Intervenci\u00f3n teatral dirigida por Fabian Basto<\/li>\n<li><em>Sketch<\/em> Vida y Obra de Jorge Gait\u00e1n Dur\u00e1n. Por el profesor Fabi\u00e1n Rubio, con la participaci\u00f3n de estudiantes de l\u00edrica y lengua castellana de la Universidad de Pamplona<\/li>\n<li><em>S<\/em>egmento de declamaci\u00f3n. Encabezado por Jorge Mariano Camacho.<\/li>\n<\/ul>\n<p>A las 5:00 de la tarde, en la biblioteca p\u00fablica Julio P\u00e9rez Ferrero (C\u00facuta), se tiene previsto el conversatorio de la vida y la obra del ilustre pamplon\u00e9s, con los escritores y poetas nortesantandereanos David Bonells Rovira y Sa\u00fal G\u00f3mez.<\/p>\n<p>La Red Departamental de Bibliotecas participar\u00e1 con el recital en simult\u00e1nea nacional con el poema No pudo la muerte vencerme.<\/p>\n","protected":false},"excerpt":{"rendered":"<p>C\u00daCUTA.- Jorge Gait\u00e1n Dur\u00e1n, considerado uno de los m\u00e1s valiosos intelectuales colombianos del siglo XX, naci\u00f3 en Pamplona el 12 de febrero de 1924. Al cumplirse 100 a\u00f1os, la Secretar\u00eda de Cultura del Departamento se une a la conmemoraci\u00f3n en la Ciudad Mitrada, junto con el Instituto Municipal de Cultura de Pamplona. La actividad ser\u00e1 &hellip;<\/p>\n","protected":false},"author":1,"featured_media":40601,"comment_status":"open","ping_status":"open","sticky":false,"template":"","format":"standard","meta":{"footnotes":""},"categories":[45,37],"tags":[379,6042,4760,2891],"class_list":["post-40600","post","type-post","status-publish","format-standard","has-post-thumbnail","hentry","category-destacado","category-paseo-cultural","tag-gobernacion-de-norte-de-santander","tag-jorge-gaitan-duran","tag-martha-maria-reyes","tag-secretaria-de-cultura-de-norte-de-santander"],"_links":{"self":[{"href":"https:\/\/contraluzcucuta.co\/index.php?rest_route=\/wp\/v2\/posts\/40600","targetHints":{"allow":["GET"]}}],"collection":[{"href":"https:\/\/contraluzcucuta.co\/index.php?rest_route=\/wp\/v2\/posts"}],"about":[{"href":"https:\/\/contraluzcucuta.co\/index.php?rest_route=\/wp\/v2\/types\/post"}],"author":[{"embeddable":true,"href":"https:\/\/contraluzcucuta.co\/index.php?rest_route=\/wp\/v2\/users\/1"}],"replies":[{"embeddable":true,"href":"https:\/\/contraluzcucuta.co\/index.php?rest_route=%2Fwp%2Fv2%2Fcomments&post=40600"}],"version-history":[{"count":1,"href":"https:\/\/contraluzcucuta.co\/index.php?rest_route=\/wp\/v2\/posts\/40600\/revisions"}],"predecessor-version":[{"id":40603,"href":"https:\/\/contraluzcucuta.co\/index.php?rest_route=\/wp\/v2\/posts\/40600\/revisions\/40603"}],"wp:featuredmedia":[{"embeddable":true,"href":"https:\/\/contraluzcucuta.co\/index.php?rest_route=\/wp\/v2\/media\/40601"}],"wp:attachment":[{"href":"https:\/\/contraluzcucuta.co\/index.php?rest_route=%2Fwp%2Fv2%2Fmedia&parent=40600"}],"wp:term":[{"taxonomy":"category","embeddable":true,"href":"https:\/\/contraluzcucuta.co\/index.php?rest_route=%2Fwp%2Fv2%2Fcategories&post=40600"},{"taxonomy":"post_tag","embeddable":true,"href":"https:\/\/contraluzcucuta.co\/index.php?rest_route=%2Fwp%2Fv2%2Ftags&post=40600"}],"curies":[{"name":"wp","href":"https:\/\/api.w.org\/{rel}","templated":true}]}}