{"id":40504,"date":"2024-02-05T20:29:12","date_gmt":"2024-02-06T01:29:12","guid":{"rendered":"https:\/\/contraluzcucuta.co\/?p=40504"},"modified":"2024-02-05T20:34:38","modified_gmt":"2024-02-06T01:34:38","slug":"futbol-de-segunda-barrionuevo-comienza-a-ilusionarse","status":"publish","type":"post","link":"https:\/\/contraluzcucuta.co\/?p=40504","title":{"rendered":"F\u00daTBOL DE SEGUNDA. Barrionuevo comienza a ilusionarse"},"content":{"rendered":"<p style=\"padding-left: 40px; text-align: right;\"><strong><span style=\"color: #ff9900;\">C\u00daCUTA.- Ilusionado y esperanzado en tener un buen semestre y coronarlo con el objetivo planteado. As\u00ed se expres\u00f3 momentos previos al encuentro contra Atl\u00e9tico de Cali el entrenador del C\u00facuta Deportivo, Federico Barrionuevo. \u201cEstamos con muchas ganas\u201d, afirm\u00f3 en entrevista para la p\u00e1gina oficial del club.<\/span><\/strong><\/p>\n<p><a href=\"https:\/\/contraluzcucuta.co\/wp-content\/uploads\/2024\/02\/CUCUTA-BARRIO-NUEVO-1.jpeg\"><img loading=\"lazy\" decoding=\"async\" class=\"wp-image-40507 alignleft\" src=\"https:\/\/contraluzcucuta.co\/wp-content\/uploads\/2024\/02\/CUCUTA-BARRIO-NUEVO-1-245x300.jpeg\" alt=\"\" width=\"210\" height=\"257\" srcset=\"https:\/\/contraluzcucuta.co\/wp-content\/uploads\/2024\/02\/CUCUTA-BARRIO-NUEVO-1-245x300.jpeg 245w, https:\/\/contraluzcucuta.co\/wp-content\/uploads\/2024\/02\/CUCUTA-BARRIO-NUEVO-1-600x733.jpeg 600w, https:\/\/contraluzcucuta.co\/wp-content\/uploads\/2024\/02\/CUCUTA-BARRIO-NUEVO-1-838x1024.jpeg 838w, https:\/\/contraluzcucuta.co\/wp-content\/uploads\/2024\/02\/CUCUTA-BARRIO-NUEVO-1-768x939.jpeg 768w, https:\/\/contraluzcucuta.co\/wp-content\/uploads\/2024\/02\/CUCUTA-BARRIO-NUEVO-1.jpeg 1080w\" sizes=\"auto, (max-width: 210px) 100vw, 210px\" \/><\/a>El cuadro rojinegro comenz\u00f3 con buen pie al ganar el partido del debut (1 \u2013 0) en el Torneo I 2024, en el Pascual Guerrero, con una victoria por la m\u00ednima diferencia a favor de los &#8216;motilones&#8217;. Donovan Forbes Morales, de 23 a\u00f1os, les dio el triunfo a los motilones.<\/p>\n<p>Barrionuevo Calific\u00f3 como buena la pretemporada, en la que enfrent\u00f3, entre otros equipos, al Deportivo T\u00e1chira con marcador adverso. \u201cContento con los est\u00edmulos que logramos y a partir de eso apuntar a tener un buen semestre competitivo\u201d. Destac\u00f3 el nivel interno que viven los futbolistas para llevarlo a la competencia los d\u00edas de partidos.<\/p>\n<p>\u201cLo m\u00e1s importante es lo que podamos hacer nosotros partido tras partido\u201d. Barrionuevo es consciente del papel que debe desempe\u00f1ar el C\u00facuta Deportivo en el Torneo I 2024. \u201cDebemos ser protagonistas en este torneo para coronarlo\u201d.<\/p>\n<p>Parte de los aficionados motilones no est\u00e1 en buenas relaciones con el mayor accionista Jos\u00e9 Augusto cadena y han vuelto a verse pancartas y grafitis en los que expresan lo que siente en este momento. La desilusi\u00f3n por no haber llegado a la primera divisi\u00f3n en el 2023 es motivo de estos mensajes, incluso, con lenguaje amenazador.<\/p>\n<p><a href=\"https:\/\/contraluzcucuta.co\/wp-content\/uploads\/2024\/02\/CUCUTA-PLAZA-DE-BANDERAS-1.jpeg\"><img loading=\"lazy\" decoding=\"async\" class=\"wp-image-40508 alignleft\" src=\"https:\/\/contraluzcucuta.co\/wp-content\/uploads\/2024\/02\/CUCUTA-PLAZA-DE-BANDERAS-1-300x225.jpeg\" alt=\"\" width=\"256\" height=\"192\" srcset=\"https:\/\/contraluzcucuta.co\/wp-content\/uploads\/2024\/02\/CUCUTA-PLAZA-DE-BANDERAS-1-300x225.jpeg 300w, https:\/\/contraluzcucuta.co\/wp-content\/uploads\/2024\/02\/CUCUTA-PLAZA-DE-BANDERAS-1-600x450.jpeg 600w, https:\/\/contraluzcucuta.co\/wp-content\/uploads\/2024\/02\/CUCUTA-PLAZA-DE-BANDERAS-1-1024x768.jpeg 1024w, https:\/\/contraluzcucuta.co\/wp-content\/uploads\/2024\/02\/CUCUTA-PLAZA-DE-BANDERAS-1-768x576.jpeg 768w, https:\/\/contraluzcucuta.co\/wp-content\/uploads\/2024\/02\/CUCUTA-PLAZA-DE-BANDERAS-1-1536x1152.jpeg 1536w, https:\/\/contraluzcucuta.co\/wp-content\/uploads\/2024\/02\/CUCUTA-PLAZA-DE-BANDERAS-1.jpeg 1600w\" sizes=\"auto, (max-width: 256px) 100vw, 256px\" \/><\/a><\/p>\n<p>El profesor Federico Barrionuevo le pidi\u00f3 a la hinchada que \u201cnos apoye, nos ayude\u201d. La Banda del Indio, quiz\u00e1s la barra rojinegra m\u00e1s fuerte y numerosa, anunci\u00f3 que ir\u00e1 al estadio General Santander, pero no ingresar\u00e1 a los grader\u00edos. A cambio, se quedar\u00e1 en la Plaza de Banderas.<\/p>\n<p>\u201cNecesitamos de todos para lograr el objetivo, es el jugador 12, y necesitamos tenerlo a nuestro favor para que rival tambi\u00e9n lo sienta\u201d, dijo el t\u00e9cnico motil\u00f3n. El a\u00f1o pasado, el \u00e1rbitro Wilmar Rold\u00e1n se\u00f1al\u00f3 a C\u00facuta como una de las plazas m\u00e1s dif\u00edciles para dirigir.<\/p>\n<p>Adem\u00e1s de la llegada de nuevo jugadores y la vuelta de viejo conocidos, el club estren\u00f3 presidente. Sali\u00f3 el cucute\u00f1o Eduardo Silva Meluk, quien debe estar \u201cfeliz, feliz, requetefeliz feliz\u201d en el nuevo cargo. Entr\u00f3 Wilmar S\u00e1nchez, quien ha estado ligado a la instituci\u00f3n rojinegra desde cuando regres\u00f3 a la competici\u00f3n.<\/p>\n","protected":false},"excerpt":{"rendered":"<p>C\u00daCUTA.- Ilusionado y esperanzado en tener un buen semestre y coronarlo con el objetivo planteado. As\u00ed se expres\u00f3 momentos previos al encuentro contra Atl\u00e9tico de Cali el entrenador del C\u00facuta Deportivo, Federico Barrionuevo. \u201cEstamos con muchas ganas\u201d, afirm\u00f3 en entrevista para la p\u00e1gina oficial del club. El cuadro rojinegro comenz\u00f3 con buen pie al ganar &hellip;<\/p>\n","protected":false},"author":1,"featured_media":40510,"comment_status":"open","ping_status":"open","sticky":false,"template":"","format":"standard","meta":{"footnotes":""},"categories":[4,28],"tags":[5932,6025,1988],"class_list":["post-40504","post","type-post","status-publish","format-standard","has-post-thumbnail","hentry","category-barra","category-vistazo-deportivo","tag-cucuta-deportivo-2024","tag-federico-barrionuevo","tag-futbol-de-segunda"],"_links":{"self":[{"href":"https:\/\/contraluzcucuta.co\/index.php?rest_route=\/wp\/v2\/posts\/40504","targetHints":{"allow":["GET"]}}],"collection":[{"href":"https:\/\/contraluzcucuta.co\/index.php?rest_route=\/wp\/v2\/posts"}],"about":[{"href":"https:\/\/contraluzcucuta.co\/index.php?rest_route=\/wp\/v2\/types\/post"}],"author":[{"embeddable":true,"href":"https:\/\/contraluzcucuta.co\/index.php?rest_route=\/wp\/v2\/users\/1"}],"replies":[{"embeddable":true,"href":"https:\/\/contraluzcucuta.co\/index.php?rest_route=%2Fwp%2Fv2%2Fcomments&post=40504"}],"version-history":[{"count":1,"href":"https:\/\/contraluzcucuta.co\/index.php?rest_route=\/wp\/v2\/posts\/40504\/revisions"}],"predecessor-version":[{"id":40509,"href":"https:\/\/contraluzcucuta.co\/index.php?rest_route=\/wp\/v2\/posts\/40504\/revisions\/40509"}],"wp:featuredmedia":[{"embeddable":true,"href":"https:\/\/contraluzcucuta.co\/index.php?rest_route=\/wp\/v2\/media\/40510"}],"wp:attachment":[{"href":"https:\/\/contraluzcucuta.co\/index.php?rest_route=%2Fwp%2Fv2%2Fmedia&parent=40504"}],"wp:term":[{"taxonomy":"category","embeddable":true,"href":"https:\/\/contraluzcucuta.co\/index.php?rest_route=%2Fwp%2Fv2%2Fcategories&post=40504"},{"taxonomy":"post_tag","embeddable":true,"href":"https:\/\/contraluzcucuta.co\/index.php?rest_route=%2Fwp%2Fv2%2Ftags&post=40504"}],"curies":[{"name":"wp","href":"https:\/\/api.w.org\/{rel}","templated":true}]}}