{"id":40492,"date":"2024-02-04T20:00:26","date_gmt":"2024-02-05T01:00:26","guid":{"rendered":"https:\/\/contraluzcucuta.co\/?p=40492"},"modified":"2024-02-04T20:00:26","modified_gmt":"2024-02-05T01:00:26","slug":"espejo-acord-abrio-ciclo-de-actualizacion-sobre-periodismo-deportivo","status":"publish","type":"post","link":"https:\/\/contraluzcucuta.co\/?p=40492","title":{"rendered":"ESPEJO. Acord abri\u00f3 ciclo de actualizaci\u00f3n sobre periodismo deportivo"},"content":{"rendered":"<p style=\"padding-left: 40px; text-align: right;\"><strong><span style=\"color: #ff9900;\">C\u00daCUTA.- En un ambiente de camarader\u00eda y ejemplo de compa\u00f1erismo, los afiliados a la Acord Norte de Santander comenzaron, ayer, el ciclo de actualizaci\u00f3n en periodismo deportivo. El objetivo es mantener la uni\u00f3n del gremio alrededor del aprendizaje en torno a temas de inter\u00e9s general.<\/span><\/strong><\/p>\n<p><a href=\"https:\/\/contraluzcucuta.co\/wp-content\/uploads\/2024\/02\/ACORD-ACTUALIZACION-2.jpg\"><img loading=\"lazy\" decoding=\"async\" class=\"wp-image-40494 alignleft\" src=\"https:\/\/contraluzcucuta.co\/wp-content\/uploads\/2024\/02\/ACORD-ACTUALIZACION-2-300x172.jpg\" alt=\"\" width=\"253\" height=\"145\" srcset=\"https:\/\/contraluzcucuta.co\/wp-content\/uploads\/2024\/02\/ACORD-ACTUALIZACION-2-300x172.jpg 300w, https:\/\/contraluzcucuta.co\/wp-content\/uploads\/2024\/02\/ACORD-ACTUALIZACION-2-600x344.jpg 600w, https:\/\/contraluzcucuta.co\/wp-content\/uploads\/2024\/02\/ACORD-ACTUALIZACION-2-1024x586.jpg 1024w, https:\/\/contraluzcucuta.co\/wp-content\/uploads\/2024\/02\/ACORD-ACTUALIZACION-2-768x440.jpg 768w, https:\/\/contraluzcucuta.co\/wp-content\/uploads\/2024\/02\/ACORD-ACTUALIZACION-2.jpg 1385w\" sizes=\"auto, (max-width: 253px) 100vw, 253px\" \/><\/a>Abri\u00f3 la primera jornada el presidente regional Fredy Alberto Figueroa y anunci\u00f3 que las reuniones se llevar\u00e1n a cabo dos veces al mes. La organizaci\u00f3n de los encuentros estar\u00e1 a cargo del Comit\u00e9 de Capacitaciones de la Asociaci\u00f3n, grupo de trabajo que prepara la agenda para el primer semestre.<\/p>\n<p>El socio Rafael Antonio Pab\u00f3n habl\u00f3 de la Comunicaci\u00f3n escrita, Expresarse y comunicarse, El Lenguaje, medio de comunicaci\u00f3n, Elementos de la comunicaci\u00f3n y Lengua escrita y lengua hablada \u2013 Diferencias.<\/p>\n<p>El asociado Manuel Torres expuso acerca del patinaje, las modalidades de la disciplina, los escenarios y las competencias.<\/p>\n<p>El ex ciclista y t\u00e9cnico Orlando Solano repas\u00f3 lo interesante de este deporte y entreg\u00f3 informaci\u00f3n valiosa para los comunicadores en torno a la pr\u00e1ctica y desarrollo del ciclismo.<\/p>\n<p>Al final de la jornada, los comunicadores, venidos de Ure\u00f1a (Venezuela), Villa del Rosario y C\u00facuta, salieron con un c\u00famulo de conocimientos que pondr\u00e1n en pr\u00e1ctica en el trabajo cotidiano que llevan a cabo en redes sociales y la radio.<\/p>\n","protected":false},"excerpt":{"rendered":"<p>C\u00daCUTA.- En un ambiente de camarader\u00eda y ejemplo de compa\u00f1erismo, los afiliados a la Acord Norte de Santander comenzaron, ayer, el ciclo de actualizaci\u00f3n en periodismo deportivo. El objetivo es mantener la uni\u00f3n del gremio alrededor del aprendizaje en torno a temas de inter\u00e9s general. Abri\u00f3 la primera jornada el presidente regional Fredy Alberto Figueroa &hellip;<\/p>\n","protected":false},"author":1,"featured_media":40493,"comment_status":"open","ping_status":"open","sticky":false,"template":"","format":"standard","meta":{"footnotes":""},"categories":[28],"tags":[910,5585,4346,4362],"class_list":["post-40492","post","type-post","status-publish","format-standard","has-post-thumbnail","hentry","category-vistazo-deportivo","tag-acord-colombia","tag-acord-informa","tag-acord-norte","tag-vistazo-deportivo"],"_links":{"self":[{"href":"https:\/\/contraluzcucuta.co\/index.php?rest_route=\/wp\/v2\/posts\/40492","targetHints":{"allow":["GET"]}}],"collection":[{"href":"https:\/\/contraluzcucuta.co\/index.php?rest_route=\/wp\/v2\/posts"}],"about":[{"href":"https:\/\/contraluzcucuta.co\/index.php?rest_route=\/wp\/v2\/types\/post"}],"author":[{"embeddable":true,"href":"https:\/\/contraluzcucuta.co\/index.php?rest_route=\/wp\/v2\/users\/1"}],"replies":[{"embeddable":true,"href":"https:\/\/contraluzcucuta.co\/index.php?rest_route=%2Fwp%2Fv2%2Fcomments&post=40492"}],"version-history":[{"count":1,"href":"https:\/\/contraluzcucuta.co\/index.php?rest_route=\/wp\/v2\/posts\/40492\/revisions"}],"predecessor-version":[{"id":40495,"href":"https:\/\/contraluzcucuta.co\/index.php?rest_route=\/wp\/v2\/posts\/40492\/revisions\/40495"}],"wp:featuredmedia":[{"embeddable":true,"href":"https:\/\/contraluzcucuta.co\/index.php?rest_route=\/wp\/v2\/media\/40493"}],"wp:attachment":[{"href":"https:\/\/contraluzcucuta.co\/index.php?rest_route=%2Fwp%2Fv2%2Fmedia&parent=40492"}],"wp:term":[{"taxonomy":"category","embeddable":true,"href":"https:\/\/contraluzcucuta.co\/index.php?rest_route=%2Fwp%2Fv2%2Fcategories&post=40492"},{"taxonomy":"post_tag","embeddable":true,"href":"https:\/\/contraluzcucuta.co\/index.php?rest_route=%2Fwp%2Fv2%2Ftags&post=40492"}],"curies":[{"name":"wp","href":"https:\/\/api.w.org\/{rel}","templated":true}]}}