{"id":40484,"date":"2024-02-04T19:51:15","date_gmt":"2024-02-05T00:51:15","guid":{"rendered":"https:\/\/contraluzcucuta.co\/?p=40484"},"modified":"2024-02-05T04:25:16","modified_gmt":"2024-02-05T09:25:16","slug":"recorrido-primera-visita-oficial-del-gobernador-a-salazar","status":"publish","type":"post","link":"https:\/\/contraluzcucuta.co\/?p=40484","title":{"rendered":"RECORRIDO. Primera visita oficial del Gobernador, a Salazar"},"content":{"rendered":"<p style=\"padding-left: 40px; text-align: right;\"><strong><span style=\"color: #ff9900;\">C\u00daCUTA.- El gobernador William Villamizar y el equipo de gobierno cumplieron, en Salazar de las Palmas, la primera visita institucional. En el coliseo municipal dialog\u00f3 con j\u00f3venes, adultos mayores, ni\u00f1os, adolescentes y productores agr\u00edcolas.<\/span><\/strong><\/p>\n<p><a href=\"https:\/\/contraluzcucuta.co\/wp-content\/uploads\/2024\/02\/GOBERNADOR-ALTO-DE-LOS-COMPADRES-1.jpg\"><img loading=\"lazy\" decoding=\"async\" class=\"wp-image-40486 alignleft\" src=\"https:\/\/contraluzcucuta.co\/wp-content\/uploads\/2024\/02\/GOBERNADOR-ALTO-DE-LOS-COMPADRES-1-300x200.jpg\" alt=\"\" width=\"254\" height=\"169\" srcset=\"https:\/\/contraluzcucuta.co\/wp-content\/uploads\/2024\/02\/GOBERNADOR-ALTO-DE-LOS-COMPADRES-1-300x200.jpg 300w, https:\/\/contraluzcucuta.co\/wp-content\/uploads\/2024\/02\/GOBERNADOR-ALTO-DE-LOS-COMPADRES-1-600x400.jpg 600w, https:\/\/contraluzcucuta.co\/wp-content\/uploads\/2024\/02\/GOBERNADOR-ALTO-DE-LOS-COMPADRES-1-1024x682.jpg 1024w, https:\/\/contraluzcucuta.co\/wp-content\/uploads\/2024\/02\/GOBERNADOR-ALTO-DE-LOS-COMPADRES-1-768x512.jpg 768w, https:\/\/contraluzcucuta.co\/wp-content\/uploads\/2024\/02\/GOBERNADOR-ALTO-DE-LOS-COMPADRES-1-1536x1023.jpg 1536w, https:\/\/contraluzcucuta.co\/wp-content\/uploads\/2024\/02\/GOBERNADOR-ALTO-DE-LOS-COMPADRES-1-310x205.jpg 310w, https:\/\/contraluzcucuta.co\/wp-content\/uploads\/2024\/02\/GOBERNADOR-ALTO-DE-LOS-COMPADRES-1.jpg 2048w\" sizes=\"auto, (max-width: 254px) 100vw, 254px\" \/><\/a>Quinientos adultos mayores recibieron kits nutricionales y de aseo; los establecimientos educativos fueron dotados de material de lectura; a 186 productores les entregaron materiales para la construcci\u00f3n del tanque de almacenamiento de agua para irrigar cultivos, y a dos escuelas de iniciaci\u00f3n al deporte y dos clubes Indenorte les llev\u00f3 14 kits de implementos.<\/p>\n<p>La Secretar\u00eda de Cultura entreg\u00f3 a la escuela de formaci\u00f3n de arte de la casa de la cultura V\u00edctor M Guerrero caballetes, \u00f3leos, pinceles, pinturas, cartulinas, lienzos, marcadores y plastilinas, y el Instituto Departamental de Salud ofreci\u00f3 80 consultas m\u00e9dicas, aplic\u00f3 96 dosis de vacunas, adelant\u00f3 74 procedimientos de odontolog\u00eda y atendi\u00f3 15 consultas por citolog\u00eda.<\/p>\n<p>Al paso por El Alto de Los Compadres, el gobernador Villamizar revis\u00f3 el avance de las obras que se ejecutan en la v\u00eda y que han permitido recuperar la circulaci\u00f3n hacia los Pueblos de Occidente.<\/p>\n<p>En Santiago, entreg\u00f3 un tanque con capacidad para almacenar 21.000 litros de agua para irrigar los cultivos. Se beneficiar\u00e1n 31 familias y se convierte en alternativa para afrontar la sequ\u00eda producida por el Fen\u00f3meno del Ni\u00f1o.<\/p>\n","protected":false},"excerpt":{"rendered":"<p>C\u00daCUTA.- El gobernador William Villamizar y el equipo de gobierno cumplieron, en Salazar de las Palmas, la primera visita institucional. En el coliseo municipal dialog\u00f3 con j\u00f3venes, adultos mayores, ni\u00f1os, adolescentes y productores agr\u00edcolas. Quinientos adultos mayores recibieron kits nutricionales y de aseo; los establecimientos educativos fueron dotados de material de lectura; a 186 productores &hellip;<\/p>\n","protected":false},"author":1,"featured_media":40485,"comment_status":"open","ping_status":"open","sticky":false,"template":"","format":"standard","meta":{"footnotes":""},"categories":[4,36],"tags":[2800,1254,6023],"class_list":["post-40484","post","type-post","status-publish","format-standard","has-post-thumbnail","hentry","category-barra","category-la-voz-del-pueblo","tag-gobernador-william-villamizar","tag-salazar-de-las-palmas","tag-visita-oficial"],"_links":{"self":[{"href":"https:\/\/contraluzcucuta.co\/index.php?rest_route=\/wp\/v2\/posts\/40484","targetHints":{"allow":["GET"]}}],"collection":[{"href":"https:\/\/contraluzcucuta.co\/index.php?rest_route=\/wp\/v2\/posts"}],"about":[{"href":"https:\/\/contraluzcucuta.co\/index.php?rest_route=\/wp\/v2\/types\/post"}],"author":[{"embeddable":true,"href":"https:\/\/contraluzcucuta.co\/index.php?rest_route=\/wp\/v2\/users\/1"}],"replies":[{"embeddable":true,"href":"https:\/\/contraluzcucuta.co\/index.php?rest_route=%2Fwp%2Fv2%2Fcomments&post=40484"}],"version-history":[{"count":2,"href":"https:\/\/contraluzcucuta.co\/index.php?rest_route=\/wp\/v2\/posts\/40484\/revisions"}],"predecessor-version":[{"id":40496,"href":"https:\/\/contraluzcucuta.co\/index.php?rest_route=\/wp\/v2\/posts\/40484\/revisions\/40496"}],"wp:featuredmedia":[{"embeddable":true,"href":"https:\/\/contraluzcucuta.co\/index.php?rest_route=\/wp\/v2\/media\/40485"}],"wp:attachment":[{"href":"https:\/\/contraluzcucuta.co\/index.php?rest_route=%2Fwp%2Fv2%2Fmedia&parent=40484"}],"wp:term":[{"taxonomy":"category","embeddable":true,"href":"https:\/\/contraluzcucuta.co\/index.php?rest_route=%2Fwp%2Fv2%2Fcategories&post=40484"},{"taxonomy":"post_tag","embeddable":true,"href":"https:\/\/contraluzcucuta.co\/index.php?rest_route=%2Fwp%2Fv2%2Ftags&post=40484"}],"curies":[{"name":"wp","href":"https:\/\/api.w.org\/{rel}","templated":true}]}}