{"id":40475,"date":"2024-02-04T18:35:51","date_gmt":"2024-02-04T23:35:51","guid":{"rendered":"https:\/\/contraluzcucuta.co\/?p=40475"},"modified":"2024-02-04T18:36:53","modified_gmt":"2024-02-04T23:36:53","slug":"conversaciones-de-entre-casa-tener-una-discapacidad-no-me-hace-menor-que-cualquier-persona-edwin-villasmil","status":"publish","type":"post","link":"https:\/\/contraluzcucuta.co\/?p=40475","title":{"rendered":"CONVERSACIONES DE ENTRE CASA. Tener una discapacidad no me hace menor que cualquier persona: Edwin Villasmil"},"content":{"rendered":"<p style=\"text-align: right; padding-left: 40px;\"><strong><span style=\"color: #ff9900;\">C\u00daCUTA.- \u2018Mente sana, en cuerpo sano\u2019, dijo el bar\u00f3n Pierre Fredy de Coubertin. La m\u00e1xima la pronunci\u00f3 para alentar a los deportistas a mantenerse en forma f\u00edsica, mediante la generaci\u00f3n de pensamientos positivos. A lo largo de los a\u00f1os esa frase se ha repetido como una oraci\u00f3n y se mantiene en el ambiente deportivo.<\/span><\/strong><\/p>\n<p><a href=\"https:\/\/contraluzcucuta.co\/wp-content\/uploads\/2024\/02\/EDWIN-1A.jpg\"><img loading=\"lazy\" decoding=\"async\" class=\"wp-image-40477 alignleft\" src=\"https:\/\/contraluzcucuta.co\/wp-content\/uploads\/2024\/02\/EDWIN-1A-219x300.jpg\" alt=\"\" width=\"184\" height=\"252\" srcset=\"https:\/\/contraluzcucuta.co\/wp-content\/uploads\/2024\/02\/EDWIN-1A-219x300.jpg 219w, https:\/\/contraluzcucuta.co\/wp-content\/uploads\/2024\/02\/EDWIN-1A.jpg 553w\" sizes=\"auto, (max-width: 184px) 100vw, 184px\" \/><\/a>Edwin Alberto Villasmil Moncada, hace 31 a\u00f1os, naci\u00f3 con par\u00e1lisis neuromuscular, enfermedad que no lo ha limitado para tener una vida normal. Al comenzar el d\u00eda asiste a terapia f\u00edsica, hasta las 10:00 de la ma\u00f1ana. Luego, dedica las horas al trabajo que un d\u00eda escogi\u00f3 por pasi\u00f3n y que hoy lo colma de felicidad.<\/p>\n<p>En el computador escribe, por intermedio de su madre Carmen, notas deportivas, relacionadas con el C\u00facuta Deportivo, su equipo del alma. No le gusta que le cambien palabras y exige que le dejen ese p\u00e1rrafo como lo concibi\u00f3 y lo transmiti\u00f3. La noche es para Facebook y YouTube.<\/p>\n<p>La familia lo crio con valores y lo ha hecho comprender que los seres humanos, todos, tienen discapacidades. En unos son evidentes, en otros, quiz\u00e1s, est\u00e9n latentes y pocos lo saben.<\/p>\n<ul>\n<li><em>No por tener una discapacidad me hace menor o mejor que cualquier persona.<\/em><\/li>\n<\/ul>\n<p>Para afianzarse en esta creencia personal, est\u00e1 seguro de la existencia de un dios, aunque no es af\u00edn con un credo religioso. No ha culpado al dios en el que cree por como lleg\u00f3 al mundo. Su madre, cristiana, le ha inculcado que si su dios lo puso en esta condici\u00f3n es para llevarles un mensaje a los dem\u00e1s.<\/p>\n<p>Envi\u00f3 un recado claro y sincero para quienes puedan estar en su limitaci\u00f3n o afrontan mayores problemas. No se acomplejen, sigan adelante, porque s\u00ed se puede continuar el tr\u00e1nsito por el camino de la vida, as\u00ed la adversidad quiera ponerles \u2018palos en las ruedas\u2019. \u2018Todos est\u00e1 en el querer y en el poder\u2019.<\/p>\n<p><a href=\"https:\/\/contraluzcucuta.co\/wp-content\/uploads\/2024\/02\/EDWIN-4.jpeg\"><img loading=\"lazy\" decoding=\"async\" class=\"wp-image-40478 alignleft\" src=\"https:\/\/contraluzcucuta.co\/wp-content\/uploads\/2024\/02\/EDWIN-4-225x300.jpeg\" alt=\"\" width=\"206\" height=\"275\" srcset=\"https:\/\/contraluzcucuta.co\/wp-content\/uploads\/2024\/02\/EDWIN-4-225x300.jpeg 225w, https:\/\/contraluzcucuta.co\/wp-content\/uploads\/2024\/02\/EDWIN-4-600x800.jpeg 600w, https:\/\/contraluzcucuta.co\/wp-content\/uploads\/2024\/02\/EDWIN-4-768x1024.jpeg 768w, https:\/\/contraluzcucuta.co\/wp-content\/uploads\/2024\/02\/EDWIN-4-1152x1536.jpeg 1152w, https:\/\/contraluzcucuta.co\/wp-content\/uploads\/2024\/02\/EDWIN-4.jpeg 1200w\" sizes=\"auto, (max-width: 206px) 100vw, 206px\" \/><\/a>Al terminar bachillerato, curs\u00f3 el diplomado en t\u00e1cticas y estrategias en el f\u00fatbol, porque sue\u00f1a con ser director t\u00e9cnico. Es su anhelo. A pesar de estar postrado en la silla de ruedas, no le ve mayor ciencia a ser profesor de f\u00fatbol.<\/p>\n<ul>\n<li><em>Creo que el director t\u00e9cnico est\u00e1 para hablar en el vestuario. Dar las indicaciones a los jugadores y guiar al equipo al cumplimiento de los objetivos.<\/em><\/li>\n<\/ul>\n<p>Luis Fernando Montoya es el espejo en el que se mira a diario para seguir el camino en busca de hacer realidad los sue\u00f1os. El ejemplo del antioque\u00f1o es el punto de inspiraci\u00f3n para no darse por vencido y mantener la mirada fija en el horizonte que visualiza con seguridad y precisi\u00f3n.<\/p>\n<p>La pasi\u00f3n por el f\u00fatbol tiene origen familiar. Los recuerdos son vagos al recordar el Mundial de Francia 98. En cambio, las im\u00e1genes se aclaran al retrotraerse a Corea y Jap\u00f3n. De ah\u00ed en adelante comenz\u00f3 a buscar el \u00eddolo hasta toparse de frente con Leonel Messi. Lo tiene claro, el rosarino marc\u00f3 el antes y el despu\u00e9s en el f\u00fatbol mundial.<\/p>\n<p>El gusto por el balompi\u00e9 tambi\u00e9n lo expresa con la colecci\u00f3n de camisetas de equipos. Tiene la del Barcelona, no ha podido comprar del Inter Miami CF, guarda las autografiadas de La Equidad y Millonarios.<\/p>\n<ul>\n<li><em>Tengo la del C\u00facuta Deportivo 2006, con la firma de todos los campeones, y la del equipo que volvi\u00f3, la del equipo de Aquivaldo Mosquera, una del equipo de Red\u00edn y una del equipo del profe Federico Barrionuevo.<\/em><\/li>\n<\/ul>\n<p><a href=\"https:\/\/contraluzcucuta.co\/wp-content\/uploads\/2024\/02\/EDWIN-3.jpeg\"><img loading=\"lazy\" decoding=\"async\" class=\"wp-image-40479 alignleft\" src=\"https:\/\/contraluzcucuta.co\/wp-content\/uploads\/2024\/02\/EDWIN-3-300x225.jpeg\" alt=\"\" width=\"236\" height=\"177\" srcset=\"https:\/\/contraluzcucuta.co\/wp-content\/uploads\/2024\/02\/EDWIN-3-300x225.jpeg 300w, https:\/\/contraluzcucuta.co\/wp-content\/uploads\/2024\/02\/EDWIN-3-600x450.jpeg 600w, https:\/\/contraluzcucuta.co\/wp-content\/uploads\/2024\/02\/EDWIN-3-1024x768.jpeg 1024w, https:\/\/contraluzcucuta.co\/wp-content\/uploads\/2024\/02\/EDWIN-3-768x576.jpeg 768w, https:\/\/contraluzcucuta.co\/wp-content\/uploads\/2024\/02\/EDWIN-3-1536x1152.jpeg 1536w, https:\/\/contraluzcucuta.co\/wp-content\/uploads\/2024\/02\/EDWIN-3.jpeg 1600w\" sizes=\"auto, (max-width: 236px) 100vw, 236px\" \/><\/a>Tres horas antes de comenzar el partido, se ve a Edwin en las afueras del General Santander. Est\u00e1 en pleno trabajo con los aficionados para tomarles el pulso y conocer sus p\u00e1lpitos futbol\u00edsticos. Ingresa. Se acomoda en la planta baja. Ve el juego, lo analiza, entrevista a jugadores y participa en la rueda de prensa. Para cumplir esta labor exhibe la acreditaci\u00f3n expedida por la Dimayor.<\/p>\n<p>Los jugadores, al verlo en pleno ejercicio period\u00edstico, se asombran. Quiz\u00e1s no han visto a alguien en condici\u00f3n de discapacidad metido en este ambiente. No tiene quejas por discriminaci\u00f3n o actos desobligantes. Todo lo contrario, destaca c\u00f3mo lo tratan quienes est\u00e1n inmersos en este mundo de balones, patadas y codazos.<\/p>\n<ul>\n<li><em>Trato de mantenerme al margen del periodista no miembro de la Acord, porque est\u00e1 como creando ese v\u00ednculo malo entre la hinchada y el equipo. Tengo mi posici\u00f3n y no pienso cambiarla. Lo que es, es, y lo que no es, no es.<\/em><\/li>\n<\/ul>\n<p>La pasi\u00f3n por el f\u00fatbol lo llev\u00f3 a los medios digitales. Tambi\u00e9n, dirige la mirada al ciclismo, el baloncesto, el voleibol, el f\u00fatbol playa y otros m\u00e1s. Al terminar la secundaria ten\u00eda 22 a\u00f1os y quiso ingresar a la universidad para estudiar comunicaci\u00f3n social. El mayor obst\u00e1culo fue la falta de adecuaci\u00f3n para su movilizaci\u00f3n en los edificios.<\/p>\n<p>En el 2019, acat\u00f3 la sugerencia materna y cre\u00f3 las p\u00e1ginas en las redes sociales. Edwin es diestro y las llam\u00f3 De zurda te la contamos, a manera de homenaje a los jugadores zurdos, porque son m\u00e1s t\u00e9cnicos. Adem\u00e1s, porque su \u00eddolo es zurdo. El estilo es informativo directo. Ahora, el Bar\u00f3n de Coubertin podr\u00e1 decir que la mente sana tambi\u00e9n existe en cuerpos maltratados por la par\u00e1lisis neuromuscular.<\/p>\n<p><strong>RAFAEL ANTONIO PAB\u00d3N<\/strong><\/p>\n<p><strong><a href=\"mailto:rafaelpabon58@hotmail.com\">rafaelpabon58@hotmail.com<\/a><\/strong><\/p>\n","protected":false},"excerpt":{"rendered":"<p>C\u00daCUTA.- \u2018Mente sana, en cuerpo sano\u2019, dijo el bar\u00f3n Pierre Fredy de Coubertin. La m\u00e1xima la pronunci\u00f3 para alentar a los deportistas a mantenerse en forma f\u00edsica, mediante la generaci\u00f3n de pensamientos positivos. A lo largo de los a\u00f1os esa frase se ha repetido como una oraci\u00f3n y se mantiene en el ambiente deportivo. Edwin &hellip;<\/p>\n","protected":false},"author":1,"featured_media":40476,"comment_status":"open","ping_status":"open","sticky":false,"template":"","format":"standard","meta":{"footnotes":""},"categories":[45,4],"tags":[192,6019,6020,1166],"class_list":["post-40475","post","type-post","status-publish","format-standard","has-post-thumbnail","hentry","category-destacado","category-barra","tag-cucuta-deportivo","tag-de-zurda-te-la-contamos","tag-edwin-villasmil","tag-estadio-general-santander"],"_links":{"self":[{"href":"https:\/\/contraluzcucuta.co\/index.php?rest_route=\/wp\/v2\/posts\/40475","targetHints":{"allow":["GET"]}}],"collection":[{"href":"https:\/\/contraluzcucuta.co\/index.php?rest_route=\/wp\/v2\/posts"}],"about":[{"href":"https:\/\/contraluzcucuta.co\/index.php?rest_route=\/wp\/v2\/types\/post"}],"author":[{"embeddable":true,"href":"https:\/\/contraluzcucuta.co\/index.php?rest_route=\/wp\/v2\/users\/1"}],"replies":[{"embeddable":true,"href":"https:\/\/contraluzcucuta.co\/index.php?rest_route=%2Fwp%2Fv2%2Fcomments&post=40475"}],"version-history":[{"count":1,"href":"https:\/\/contraluzcucuta.co\/index.php?rest_route=\/wp\/v2\/posts\/40475\/revisions"}],"predecessor-version":[{"id":40480,"href":"https:\/\/contraluzcucuta.co\/index.php?rest_route=\/wp\/v2\/posts\/40475\/revisions\/40480"}],"wp:featuredmedia":[{"embeddable":true,"href":"https:\/\/contraluzcucuta.co\/index.php?rest_route=\/wp\/v2\/media\/40476"}],"wp:attachment":[{"href":"https:\/\/contraluzcucuta.co\/index.php?rest_route=%2Fwp%2Fv2%2Fmedia&parent=40475"}],"wp:term":[{"taxonomy":"category","embeddable":true,"href":"https:\/\/contraluzcucuta.co\/index.php?rest_route=%2Fwp%2Fv2%2Fcategories&post=40475"},{"taxonomy":"post_tag","embeddable":true,"href":"https:\/\/contraluzcucuta.co\/index.php?rest_route=%2Fwp%2Fv2%2Ftags&post=40475"}],"curies":[{"name":"wp","href":"https:\/\/api.w.org\/{rel}","templated":true}]}}