{"id":40466,"date":"2024-02-04T15:02:54","date_gmt":"2024-02-04T20:02:54","guid":{"rendered":"https:\/\/contraluzcucuta.co\/?p=40466"},"modified":"2024-02-04T15:20:33","modified_gmt":"2024-02-04T20:20:33","slug":"necrologia-dos-anos-bastaron-para-hacer-historia-armando-santafe","status":"publish","type":"post","link":"https:\/\/contraluzcucuta.co\/?p=40466","title":{"rendered":"NECROLOG\u00cdA. Dos a\u00f1os bastaron para hacer historia: Armando Santaf\u00e9"},"content":{"rendered":"<ul>\n<li><em>Armando Santaf\u00e9, exfutbolista del C\u00facuta Deportivo y abogado de profesi\u00f3n, muri\u00f3 este 3 de febrero. En entrevista concedida, en marzo de 2023, a la revista <a href=\"http:\/\/www.contraluzcucuta.co\">contraluzcucuta.co<\/a>, hizo un repaso a la vida deportiva que vivi\u00f3. <\/em><\/li>\n<\/ul>\n<p style=\"padding-left: 40px; text-align: right;\"><strong><span style=\"color: #ff9900;\">C\u00daCUTA.- Para llegar al apartamento 402 se debe hacer por ascensor. El trayecto demora unos segundos y al abrirse la puerta aparece un hombre entrado en a\u00f1os, vestido con ropa de entre casa, amable y sonriente. Camina lento al interior del hogar. En la sala lo espera el sof\u00e1, toma asiento y comienza a recordar.<\/span><\/strong><\/p>\n<p><a href=\"https:\/\/youtu.be\/kkz4y7FF8x8?si=98dz5QKdKcxzc7lm\"><span style=\"color: #ff6600;\"><strong>Armando Santaf\u00e9<\/strong><\/span><\/a> es otro ex futbolista motil\u00f3n. Hoy, no mantiene la actividad deportiva, pero conserva latiente el recuerdo de esos a\u00f1os vividos en la instituci\u00f3n rojinegra.<\/p>\n<p><a href=\"https:\/\/contraluzcucuta.co\/wp-content\/uploads\/2024\/02\/ARMANDO-SANTAFE-2.jpeg\"><img loading=\"lazy\" decoding=\"async\" class=\"wp-image-40470 alignleft\" src=\"https:\/\/contraluzcucuta.co\/wp-content\/uploads\/2024\/02\/ARMANDO-SANTAFE-2-300x168.jpeg\" alt=\"\" width=\"268\" height=\"150\" srcset=\"https:\/\/contraluzcucuta.co\/wp-content\/uploads\/2024\/02\/ARMANDO-SANTAFE-2-300x168.jpeg 300w, https:\/\/contraluzcucuta.co\/wp-content\/uploads\/2024\/02\/ARMANDO-SANTAFE-2-600x336.jpeg 600w, https:\/\/contraluzcucuta.co\/wp-content\/uploads\/2024\/02\/ARMANDO-SANTAFE-2-768x430.jpeg 768w, https:\/\/contraluzcucuta.co\/wp-content\/uploads\/2024\/02\/ARMANDO-SANTAFE-2.jpeg 1001w\" sizes=\"auto, (max-width: 268px) 100vw, 268px\" \/><\/a><\/p>\n<p>Comenz\u00f3 a figurar en el f\u00fatbol local a ra\u00edz de la participaci\u00f3n de la selecci\u00f3n Norte en los Juegos Nacionales, en Cartagena. Corr\u00eda 1960. Era el arquero. El once departamental ocup\u00f3 la tercera casilla. \u00a0Las actuaciones lo catapultaron al profesionalismo.<\/p>\n<p>Los directivos del C\u00facuta Deportivo, Marino Vargas, Mario Patitucci, Mario Seade y Le\u00f3n Londo\u00f1o, entre los que vuelven a la memoria, lo llamaron para que hiciera parte del club, junto a varios compa\u00f1eros de Selecci\u00f3n.<\/p>\n<ul>\n<li><em>Entre extranjeros y colombianos me acuerdo del entrenador Juan Eduardo Hohberg, V\u00edctor Pignarelli, Evar Mart\u00edn Cativiela, Cleto Castillo, Alejandro Sinisterra, \u2018Tinta\u2019 Gonz\u00e1lez, \u2018Palomo\u2019 Ram\u00edrez, Hilario L\u00f3pez y Juan G\u00e1mez.<\/em><\/li>\n<\/ul>\n<p><a href=\"https:\/\/contraluzcucuta.co\/wp-content\/uploads\/2024\/02\/ARMANDO-SANTAFE-3.jpeg\"><img loading=\"lazy\" decoding=\"async\" class=\"wp-image-40471 alignleft\" src=\"https:\/\/contraluzcucuta.co\/wp-content\/uploads\/2024\/02\/ARMANDO-SANTAFE-3-300x227.jpeg\" alt=\"\" width=\"260\" height=\"197\" srcset=\"https:\/\/contraluzcucuta.co\/wp-content\/uploads\/2024\/02\/ARMANDO-SANTAFE-3-300x227.jpeg 300w, https:\/\/contraluzcucuta.co\/wp-content\/uploads\/2024\/02\/ARMANDO-SANTAFE-3-600x454.jpeg 600w, https:\/\/contraluzcucuta.co\/wp-content\/uploads\/2024\/02\/ARMANDO-SANTAFE-3-768x581.jpeg 768w, https:\/\/contraluzcucuta.co\/wp-content\/uploads\/2024\/02\/ARMANDO-SANTAFE-3.jpeg 773w\" sizes=\"auto, (max-width: 260px) 100vw, 260px\" \/><\/a>En 1962, Sinisterra, el arquero titular, sali\u00f3 de la instituci\u00f3n y Armando asumi\u00f3 la responsabilidad de defender la porter\u00eda. Para la suplencia llamaron al cucute\u00f1o Jorge Blanco, ex selecci\u00f3n Norte, y si pod\u00eda el suplente era Hohberg. As\u00ed terminaron el campeonato. Al siguiente a\u00f1o, lleg\u00f3 Heriberto Sol\u00eds.<\/p>\n<p>Santaf\u00e9 hab\u00eda dejado en pausa los estudios en la Universidad Francisco de Paula Santander para atender los compromisos deportivos. Ten\u00eda conocimientos de arquitectura, porque hab\u00eda cursado dos semestres en Medell\u00edn. No continu\u00f3 por quedarse en el f\u00fatbol. Tampoco termin\u00f3 la topograf\u00eda.<\/p>\n<ul>\n<li><em>Mi mam\u00e1 me molestaba mucho por el estudio. Y tom\u00e9 la decisi\u00f3n de retirarme del f\u00fatbol.<\/em><\/li>\n<\/ul>\n<p>Pudo m\u00e1s el consejo materno que los deseos de mantenerse en la actividad deportiva. Adem\u00e1s, un ingeniero lo conoc\u00eda como dibujante de arquitectura y lo tent\u00f3 para que se vinculara a las Empresas P\u00fablicas Municipales. Acept\u00f3 la propuesta y comenz\u00f3 a devengar el triple del sueldo que le pagaban en el C\u00facuta Deportivo. Y lo mejor, regres\u00f3 a las aulas universitarias.<\/p>\n<p><a href=\"https:\/\/contraluzcucuta.co\/wp-content\/uploads\/2024\/02\/ARMANDO-SANTAFE-5.jpeg\"><img loading=\"lazy\" decoding=\"async\" class=\"wp-image-40472 alignleft\" src=\"https:\/\/contraluzcucuta.co\/wp-content\/uploads\/2024\/02\/ARMANDO-SANTAFE-5-300x187.jpeg\" alt=\"\" width=\"257\" height=\"160\" srcset=\"https:\/\/contraluzcucuta.co\/wp-content\/uploads\/2024\/02\/ARMANDO-SANTAFE-5-300x187.jpeg 300w, https:\/\/contraluzcucuta.co\/wp-content\/uploads\/2024\/02\/ARMANDO-SANTAFE-5-600x373.jpeg 600w, https:\/\/contraluzcucuta.co\/wp-content\/uploads\/2024\/02\/ARMANDO-SANTAFE-5-1024x637.jpeg 1024w, https:\/\/contraluzcucuta.co\/wp-content\/uploads\/2024\/02\/ARMANDO-SANTAFE-5-768x478.jpeg 768w, https:\/\/contraluzcucuta.co\/wp-content\/uploads\/2024\/02\/ARMANDO-SANTAFE-5.jpeg 1080w\" sizes=\"auto, (max-width: 257px) 100vw, 257px\" \/><\/a>Sin pensarlo y sin propon\u00e9rselo, Armando Santaf\u00e9 fue futbolista profesional. De ese paso por el once motil\u00f3n le quedaron amigos a granel, el reconocimiento p\u00fablico que se lo manifiestan en la calle, el cari\u00f1o de la gente y la satisfacci\u00f3n de recibir esas muestras de aprecio.<\/p>\n<ul>\n<li><em>Hoy, vivo el f\u00fatbol no tan apegado como antes. Me toc\u00f3 retirarse por mi trabajo y por la falta de tiempo me he desvinculado.<\/em><\/li>\n<\/ul>\n<p>Sin embargo, se mantiene al tanto de lo que ocurre alrededor del C\u00facuta Deportivo, escucha y ve noticias deportivas, y est\u00e1 pendiente de campeonatos y torneos, porque la procesi\u00f3n rojinegra contin\u00faa latiente.<\/p>\n<p>La puerta del apartamento 402 se cierra. El anfitri\u00f3n regresa a la normalidad de la que se desprendi\u00f3 unos minutos para regresar al pasado que todav\u00eda lo alegra rememorar. A\u00fan conserva una fotograf\u00eda de esa \u00e9poca en la que visti\u00f3 el buzo que lo distingu\u00eda como portero del C\u00facuta Deportivo.<\/p>\n<p><strong>RAFAEL ANTONIO PAB\u00d3N<\/strong><\/p>\n<p><strong><a href=\"mailto:rafaelpabon58@hotmail.com\">rafaelpabon58@hotmail.com<\/a><\/strong><\/p>\n","protected":false},"excerpt":{"rendered":"<p>Armando Santaf\u00e9, exfutbolista del C\u00facuta Deportivo y abogado de profesi\u00f3n, muri\u00f3 este 3 de febrero. En entrevista concedida, en marzo de 2023, a la revista contraluzcucuta.co, hizo un repaso a la vida deportiva que vivi\u00f3. C\u00daCUTA.- Para llegar al apartamento 402 se debe hacer por ascensor. El trayecto demora unos segundos y al abrirse la &hellip;<\/p>\n","protected":false},"author":1,"featured_media":40467,"comment_status":"open","ping_status":"open","sticky":false,"template":"","format":"standard","meta":{"footnotes":""},"categories":[4,1967,28],"tags":[6017,192,6018],"class_list":["post-40466","post","type-post","status-publish","format-standard","has-post-thumbnail","hentry","category-barra","category-necrologias","category-vistazo-deportivo","tag-armando-santafe","tag-cucuta-deportivo","tag-exjugadores-motilones"],"_links":{"self":[{"href":"https:\/\/contraluzcucuta.co\/index.php?rest_route=\/wp\/v2\/posts\/40466","targetHints":{"allow":["GET"]}}],"collection":[{"href":"https:\/\/contraluzcucuta.co\/index.php?rest_route=\/wp\/v2\/posts"}],"about":[{"href":"https:\/\/contraluzcucuta.co\/index.php?rest_route=\/wp\/v2\/types\/post"}],"author":[{"embeddable":true,"href":"https:\/\/contraluzcucuta.co\/index.php?rest_route=\/wp\/v2\/users\/1"}],"replies":[{"embeddable":true,"href":"https:\/\/contraluzcucuta.co\/index.php?rest_route=%2Fwp%2Fv2%2Fcomments&post=40466"}],"version-history":[{"count":4,"href":"https:\/\/contraluzcucuta.co\/index.php?rest_route=\/wp\/v2\/posts\/40466\/revisions"}],"predecessor-version":[{"id":40474,"href":"https:\/\/contraluzcucuta.co\/index.php?rest_route=\/wp\/v2\/posts\/40466\/revisions\/40474"}],"wp:featuredmedia":[{"embeddable":true,"href":"https:\/\/contraluzcucuta.co\/index.php?rest_route=\/wp\/v2\/media\/40467"}],"wp:attachment":[{"href":"https:\/\/contraluzcucuta.co\/index.php?rest_route=%2Fwp%2Fv2%2Fmedia&parent=40466"}],"wp:term":[{"taxonomy":"category","embeddable":true,"href":"https:\/\/contraluzcucuta.co\/index.php?rest_route=%2Fwp%2Fv2%2Fcategories&post=40466"},{"taxonomy":"post_tag","embeddable":true,"href":"https:\/\/contraluzcucuta.co\/index.php?rest_route=%2Fwp%2Fv2%2Ftags&post=40466"}],"curies":[{"name":"wp","href":"https:\/\/api.w.org\/{rel}","templated":true}]}}