{"id":40462,"date":"2024-02-03T05:28:32","date_gmt":"2024-02-03T10:28:32","guid":{"rendered":"https:\/\/contraluzcucuta.co\/?p=40462"},"modified":"2024-02-03T05:28:32","modified_gmt":"2024-02-03T10:28:32","slug":"espada-de-bolivar-regreso-con-honores-a-la-casa-de-narino","status":"publish","type":"post","link":"https:\/\/contraluzcucuta.co\/?p=40462","title":{"rendered":"ESPADA DE BOL\u00cdVAR. Regres\u00f3 con honores a la Casa de Nari\u00f1o"},"content":{"rendered":"<p style=\"padding-left: 40px; text-align: right;\"><strong><span style=\"color: #ff9900;\">BOGOT\u00c1.- En ceremonia militar y custodiada por la Guardia Presidencial, la espada del libertador Sim\u00f3n Bol\u00edvar atraves\u00f3 la Plaza de Armas hasta el Palacio de Nari\u00f1o para retornar al lugar permanente de exhibici\u00f3n al ingreso de la Casa, despu\u00e9s de ser expuesta durante 16 d\u00edas en la Casa Museo Quinta de Bol\u00edvar.<\/span><\/strong><\/p>\n<p><a href=\"https:\/\/contraluzcucuta.co\/wp-content\/uploads\/2024\/02\/ESPADA-11.jpg\"><img loading=\"lazy\" decoding=\"async\" class=\"wp-image-40464 alignleft\" src=\"https:\/\/contraluzcucuta.co\/wp-content\/uploads\/2024\/02\/ESPADA-11-300x200.jpg\" alt=\"\" width=\"251\" height=\"167\" srcset=\"https:\/\/contraluzcucuta.co\/wp-content\/uploads\/2024\/02\/ESPADA-11-300x200.jpg 300w, https:\/\/contraluzcucuta.co\/wp-content\/uploads\/2024\/02\/ESPADA-11-600x400.jpg 600w, https:\/\/contraluzcucuta.co\/wp-content\/uploads\/2024\/02\/ESPADA-11-768x512.jpg 768w, https:\/\/contraluzcucuta.co\/wp-content\/uploads\/2024\/02\/ESPADA-11-310x205.jpg 310w, https:\/\/contraluzcucuta.co\/wp-content\/uploads\/2024\/02\/ESPADA-11.jpg 799w\" sizes=\"auto, (max-width: 251px) 100vw, 251px\" \/><\/a><\/p>\n<p>S\u00edmbolo de las luchas independentistas de Colombia, la espada fue trasladada a la Quinta de Bol\u00edvar, el 17 de enero, para la exposici\u00f3n temporal conmemorativa en desarrollo de la resignificaci\u00f3n propuesta por el Ministerio de Culturas, las Artes y los Saberes, al conmemorarse 50 a\u00f1os de ser sustra\u00edda por el M19.<\/p>\n<p>Este homenaje buscaba resignificar a la espada de Bol\u00edvar y reflexionar sobre la necesidad de construir una cultura de paz en el pa\u00eds, mediante un acto de memoria que inclu\u00eda una muestra expositiva y una agenda acad\u00e9mica.<\/p>\n<p>Las dos fechas, la de traslado a la Quinta y el regreso al Palacio de Nari\u00f1o, tienen un significado especial.<\/p>\n<p>El 17 de enero de 1974, la espada fue sustra\u00edda de la Quinta de Bol\u00edvar por el movimiento guerrillero M-19. El 31 de enero de 1991, la espada fue devuelta a la Casa Museo por Antonio Navarro Wolff, antiguo integrante del M-19 y, en ese entonces, uno de los tres presidentes de la Asamblea Nacional Constituyente.<\/p>\n","protected":false},"excerpt":{"rendered":"<p>BOGOT\u00c1.- En ceremonia militar y custodiada por la Guardia Presidencial, la espada del libertador Sim\u00f3n Bol\u00edvar atraves\u00f3 la Plaza de Armas hasta el Palacio de Nari\u00f1o para retornar al lugar permanente de exhibici\u00f3n al ingreso de la Casa, despu\u00e9s de ser expuesta durante 16 d\u00edas en la Casa Museo Quinta de Bol\u00edvar. S\u00edmbolo de las &hellip;<\/p>\n","protected":false},"author":1,"featured_media":40463,"comment_status":"open","ping_status":"open","sticky":false,"template":"","format":"standard","meta":{"footnotes":""},"categories":[4,37],"tags":[3319,6016],"class_list":["post-40462","post","type-post","status-publish","format-standard","has-post-thumbnail","hentry","category-barra","category-paseo-cultural","tag-casa-de-narino","tag-espada-de-bolivar"],"_links":{"self":[{"href":"https:\/\/contraluzcucuta.co\/index.php?rest_route=\/wp\/v2\/posts\/40462","targetHints":{"allow":["GET"]}}],"collection":[{"href":"https:\/\/contraluzcucuta.co\/index.php?rest_route=\/wp\/v2\/posts"}],"about":[{"href":"https:\/\/contraluzcucuta.co\/index.php?rest_route=\/wp\/v2\/types\/post"}],"author":[{"embeddable":true,"href":"https:\/\/contraluzcucuta.co\/index.php?rest_route=\/wp\/v2\/users\/1"}],"replies":[{"embeddable":true,"href":"https:\/\/contraluzcucuta.co\/index.php?rest_route=%2Fwp%2Fv2%2Fcomments&post=40462"}],"version-history":[{"count":1,"href":"https:\/\/contraluzcucuta.co\/index.php?rest_route=\/wp\/v2\/posts\/40462\/revisions"}],"predecessor-version":[{"id":40465,"href":"https:\/\/contraluzcucuta.co\/index.php?rest_route=\/wp\/v2\/posts\/40462\/revisions\/40465"}],"wp:featuredmedia":[{"embeddable":true,"href":"https:\/\/contraluzcucuta.co\/index.php?rest_route=\/wp\/v2\/media\/40463"}],"wp:attachment":[{"href":"https:\/\/contraluzcucuta.co\/index.php?rest_route=%2Fwp%2Fv2%2Fmedia&parent=40462"}],"wp:term":[{"taxonomy":"category","embeddable":true,"href":"https:\/\/contraluzcucuta.co\/index.php?rest_route=%2Fwp%2Fv2%2Fcategories&post=40462"},{"taxonomy":"post_tag","embeddable":true,"href":"https:\/\/contraluzcucuta.co\/index.php?rest_route=%2Fwp%2Fv2%2Ftags&post=40462"}],"curies":[{"name":"wp","href":"https:\/\/api.w.org\/{rel}","templated":true}]}}