{"id":40453,"date":"2024-02-03T05:08:40","date_gmt":"2024-02-03T10:08:40","guid":{"rendered":"https:\/\/contraluzcucuta.co\/?p=40453"},"modified":"2024-02-03T05:08:40","modified_gmt":"2024-02-03T10:08:40","slug":"en-voz-alta-los-numeros-del-embalse-multiproposito-del-cinera","status":"publish","type":"post","link":"https:\/\/contraluzcucuta.co\/?p=40453","title":{"rendered":"EN VOZ ALTA. Los n\u00fameros del Embalse Multiprop\u00f3sito del C\u00ednera"},"content":{"rendered":"<p style=\"padding-left: 40px; text-align: right;\"><strong><span style=\"color: #ff9900;\">C\u00daCUTA.- La construcci\u00f3n del Embalse Multiprop\u00f3sito del C\u00ednera ha causado, en Norte de Santander, una serie de comentarios, afirmaciones, negaciones, elucubraciones, verdades y mentiras. Ahora, el ingeniero forestal Yesid Navas Pe\u00f1aranda revel\u00f3 en un v\u00eddeo, publicado en YouTube, los n\u00fameros que resultar\u00edan de la ejecuci\u00f3n del proyecto.<\/span><\/strong><\/p>\n<p>&nbsp;<\/p>\n<p><a href=\"https:\/\/contraluzcucuta.co\/wp-content\/uploads\/2024\/02\/EL-CINERA-5.jpeg\"><img loading=\"lazy\" decoding=\"async\" class=\"alignnone  wp-image-40455 alignleft\" src=\"https:\/\/contraluzcucuta.co\/wp-content\/uploads\/2024\/02\/EL-CINERA-5-300x173.jpeg\" alt=\"\" width=\"262\" height=\"151\" srcset=\"https:\/\/contraluzcucuta.co\/wp-content\/uploads\/2024\/02\/EL-CINERA-5-300x173.jpeg 300w, https:\/\/contraluzcucuta.co\/wp-content\/uploads\/2024\/02\/EL-CINERA-5-600x347.jpeg 600w, https:\/\/contraluzcucuta.co\/wp-content\/uploads\/2024\/02\/EL-CINERA-5-768x444.jpeg 768w, https:\/\/contraluzcucuta.co\/wp-content\/uploads\/2024\/02\/EL-CINERA-5.jpeg 993w\" sizes=\"auto, (max-width: 262px) 100vw, 262px\" \/><\/a><\/p>\n<p>El ex gerente del Plan Nacional de Desarrollo Forestal y ex director de Corponor se\u00f1al\u00f3 que las aguas embalsadas en el C\u00ednera podr\u00e1n llegar a 600 millones de metros c\u00fabicos, cifra que resolver\u00eda infinidad de problemas en el departamento.<\/p>\n<p>El embalse es \u201cmultiprop\u00f3sito porque genera m\u00faltiples beneficios\u201d, dijo Navas Pe\u00f1aranda. Enumer\u00f3 los relevantes:<\/p>\n<ol>\n<li>Darles agua y luz a m\u00e1s <strong>de un mill\u00f3n<\/strong> de habitantes del \u00c1rea Metropolitana de C\u00facuta, durante los pr\u00f3ximos 50 a\u00f1os.<\/li>\n<li>Generar <strong>m\u00e1s de 2000 empleos<\/strong> durante los 5 a\u00f1os que dura la construcci\u00f3n.<\/li>\n<li><strong>Habilitar con riegos 50.000 nuevas hect\u00e1reas<\/strong> en los valles de los r\u00edos Zulia y Pamplonita.<\/li>\n<li>Generar <strong>m\u00e1s de 30.000 empleos rurales<\/strong>.<\/li>\n<\/ol>\n<p>6.- El desarrollo pisc\u00edcola del departamento, al utilizar el embalse para la <strong>producci\u00f3n de alrededor de 1000 toneladas de pescado<\/strong> al a\u00f1o.<\/p>\n<p><a href=\"https:\/\/contraluzcucuta.co\/wp-content\/uploads\/2024\/02\/EL-CINERA-3.jpeg\"><img loading=\"lazy\" decoding=\"async\" class=\"wp-image-40456 alignleft\" src=\"https:\/\/contraluzcucuta.co\/wp-content\/uploads\/2024\/02\/EL-CINERA-3-300x163.jpeg\" alt=\"\" width=\"260\" height=\"141\" srcset=\"https:\/\/contraluzcucuta.co\/wp-content\/uploads\/2024\/02\/EL-CINERA-3-300x163.jpeg 300w, https:\/\/contraluzcucuta.co\/wp-content\/uploads\/2024\/02\/EL-CINERA-3-600x326.jpeg 600w, https:\/\/contraluzcucuta.co\/wp-content\/uploads\/2024\/02\/EL-CINERA-3-768x417.jpeg 768w, https:\/\/contraluzcucuta.co\/wp-content\/uploads\/2024\/02\/EL-CINERA-3.jpeg 1001w\" sizes=\"auto, (max-width: 260px) 100vw, 260px\" \/><\/a><\/p>\n<p>Otros beneficios resultantes ser\u00edan:<\/p>\n<p>1.- Producir alimentos para el consumo interno y para exportaci\u00f3n.<\/p>\n<p>2.- El desarrollo tur\u00edstico, alrededor del C\u00ednera, con senderos ecol\u00f3gicos, ciclorrutas, restaurantes y un telef\u00e9rico desde C\u00facuta hasta el embalse.<\/p>\n<ol start=\"3\">\n<li>Adaptaci\u00f3n al cambio clim\u00e1tico, con una represa que permitir\u00e1 controlar las inundaciones en invierno y almacenar agua para ser utilizada en verano.<\/li>\n<li>Regular las aguas del r\u00edo Zulia para mantener el caudal durante el a\u00f1o en condiciones normales.<\/li>\n<\/ol>\n<p>5.- Reducci\u00f3n de emisi\u00f3n de gases efecto invernadero y mejora en la calidad del aire.<\/p>\n","protected":false},"excerpt":{"rendered":"<p>C\u00daCUTA.- La construcci\u00f3n del Embalse Multiprop\u00f3sito del C\u00ednera ha causado, en Norte de Santander, una serie de comentarios, afirmaciones, negaciones, elucubraciones, verdades y mentiras. Ahora, el ingeniero forestal Yesid Navas Pe\u00f1aranda revel\u00f3 en un v\u00eddeo, publicado en YouTube, los n\u00fameros que resultar\u00edan de la ejecuci\u00f3n del proyecto. &nbsp; El ex gerente del Plan Nacional de &hellip;<\/p>\n","protected":false},"author":1,"featured_media":40454,"comment_status":"open","ping_status":"open","sticky":false,"template":"","format":"standard","meta":{"footnotes":""},"categories":[4,32],"tags":[1596,1651],"class_list":["post-40453","post","type-post","status-publish","format-standard","has-post-thumbnail","hentry","category-barra","category-recorrido-por-la-region","tag-embalse-del-cinera","tag-yesid-navas"],"_links":{"self":[{"href":"https:\/\/contraluzcucuta.co\/index.php?rest_route=\/wp\/v2\/posts\/40453","targetHints":{"allow":["GET"]}}],"collection":[{"href":"https:\/\/contraluzcucuta.co\/index.php?rest_route=\/wp\/v2\/posts"}],"about":[{"href":"https:\/\/contraluzcucuta.co\/index.php?rest_route=\/wp\/v2\/types\/post"}],"author":[{"embeddable":true,"href":"https:\/\/contraluzcucuta.co\/index.php?rest_route=\/wp\/v2\/users\/1"}],"replies":[{"embeddable":true,"href":"https:\/\/contraluzcucuta.co\/index.php?rest_route=%2Fwp%2Fv2%2Fcomments&post=40453"}],"version-history":[{"count":1,"href":"https:\/\/contraluzcucuta.co\/index.php?rest_route=\/wp\/v2\/posts\/40453\/revisions"}],"predecessor-version":[{"id":40457,"href":"https:\/\/contraluzcucuta.co\/index.php?rest_route=\/wp\/v2\/posts\/40453\/revisions\/40457"}],"wp:featuredmedia":[{"embeddable":true,"href":"https:\/\/contraluzcucuta.co\/index.php?rest_route=\/wp\/v2\/media\/40454"}],"wp:attachment":[{"href":"https:\/\/contraluzcucuta.co\/index.php?rest_route=%2Fwp%2Fv2%2Fmedia&parent=40453"}],"wp:term":[{"taxonomy":"category","embeddable":true,"href":"https:\/\/contraluzcucuta.co\/index.php?rest_route=%2Fwp%2Fv2%2Fcategories&post=40453"},{"taxonomy":"post_tag","embeddable":true,"href":"https:\/\/contraluzcucuta.co\/index.php?rest_route=%2Fwp%2Fv2%2Ftags&post=40453"}],"curies":[{"name":"wp","href":"https:\/\/api.w.org\/{rel}","templated":true}]}}