{"id":40450,"date":"2024-02-03T05:03:46","date_gmt":"2024-02-03T10:03:46","guid":{"rendered":"https:\/\/contraluzcucuta.co\/?p=40450"},"modified":"2024-02-03T05:03:46","modified_gmt":"2024-02-03T10:03:46","slug":"tarifas-firmaton-contra-de-los-altos-costos-de-la-energia","status":"publish","type":"post","link":"https:\/\/contraluzcucuta.co\/?p=40450","title":{"rendered":"TARIFAS. Firmat\u00f3n contra de los altos costos de la energ\u00eda"},"content":{"rendered":"<p style=\"padding-left: 40px; text-align: right;\"><strong><span style=\"color: #ff9900;\">BUCARAMANGA.- La iniciativa liderada por el Senador Gustavo Moreno Hurtado, presidente de la comisi\u00f3n Sexta, busca una soluci\u00f3n para contrarrestar el incremento de la tarifa de energ\u00eda que afecta la estabilidad econ\u00f3mica de los hogares y del comercio colombiano.<\/span><\/strong><\/p>\n<p>La \u2018firmat\u00f3n\u2019 tendr\u00e1 como fin solicitarle al Ministerio de Minas la regulaci\u00f3n de la tarifa de energ\u00eda. \u201cSe lleva a cabo por las calles de los municipios c\u00e1lidos, debido a que queremos llegarles a todos los territorios donde se encuentran con esta problem\u00e1tica\u201d, dijo el senador Moreno.<\/p>\n<p>La carta ser\u00e1 dirigida al ministro Omar Andr\u00e9s Camacho para solicitarle que se instale de manera inmediata la mesa de trabajo permanente, junto con la Unidad de Planeaci\u00f3n Minero-Energ\u00e9tica (UPME), la Comisi\u00f3n de Regulaci\u00f3n de Energ\u00eda y Gas (CREG) y la Superintendencia de Servicios P\u00fablicos Domiciliarios para que se brinden al pa\u00eds medidas concretas para reducir la tarifa de energ\u00eda.<\/p>\n<p>En las regiones c\u00e1lidas existe un consumo debido a la \u201cnecesaria refrigeraci\u00f3n, y es as\u00ed como los aumentos desmesurados afectan el bolsillo de las familias colombianas llev\u00e1ndolas a la dif\u00edcil decisi\u00f3n de si alimentarse o pagar los costosos recibos de energ\u00eda\u201d.<\/p>\n","protected":false},"excerpt":{"rendered":"<p>BUCARAMANGA.- La iniciativa liderada por el Senador Gustavo Moreno Hurtado, presidente de la comisi\u00f3n Sexta, busca una soluci\u00f3n para contrarrestar el incremento de la tarifa de energ\u00eda que afecta la estabilidad econ\u00f3mica de los hogares y del comercio colombiano. La \u2018firmat\u00f3n\u2019 tendr\u00e1 como fin solicitarle al Ministerio de Minas la regulaci\u00f3n de la tarifa de &hellip;<\/p>\n","protected":false},"author":1,"featured_media":40451,"comment_status":"open","ping_status":"open","sticky":false,"template":"","format":"standard","meta":{"footnotes":""},"categories":[4,39],"tags":[6015,6014],"class_list":["post-40450","post","type-post","status-publish","format-standard","has-post-thumbnail","hentry","category-barra","category-miradas-ajenas","tag-energia-electrica","tag-gustavo-moreno-hurtado"],"_links":{"self":[{"href":"https:\/\/contraluzcucuta.co\/index.php?rest_route=\/wp\/v2\/posts\/40450","targetHints":{"allow":["GET"]}}],"collection":[{"href":"https:\/\/contraluzcucuta.co\/index.php?rest_route=\/wp\/v2\/posts"}],"about":[{"href":"https:\/\/contraluzcucuta.co\/index.php?rest_route=\/wp\/v2\/types\/post"}],"author":[{"embeddable":true,"href":"https:\/\/contraluzcucuta.co\/index.php?rest_route=\/wp\/v2\/users\/1"}],"replies":[{"embeddable":true,"href":"https:\/\/contraluzcucuta.co\/index.php?rest_route=%2Fwp%2Fv2%2Fcomments&post=40450"}],"version-history":[{"count":1,"href":"https:\/\/contraluzcucuta.co\/index.php?rest_route=\/wp\/v2\/posts\/40450\/revisions"}],"predecessor-version":[{"id":40452,"href":"https:\/\/contraluzcucuta.co\/index.php?rest_route=\/wp\/v2\/posts\/40450\/revisions\/40452"}],"wp:featuredmedia":[{"embeddable":true,"href":"https:\/\/contraluzcucuta.co\/index.php?rest_route=\/wp\/v2\/media\/40451"}],"wp:attachment":[{"href":"https:\/\/contraluzcucuta.co\/index.php?rest_route=%2Fwp%2Fv2%2Fmedia&parent=40450"}],"wp:term":[{"taxonomy":"category","embeddable":true,"href":"https:\/\/contraluzcucuta.co\/index.php?rest_route=%2Fwp%2Fv2%2Fcategories&post=40450"},{"taxonomy":"post_tag","embeddable":true,"href":"https:\/\/contraluzcucuta.co\/index.php?rest_route=%2Fwp%2Fv2%2Ftags&post=40450"}],"curies":[{"name":"wp","href":"https:\/\/api.w.org\/{rel}","templated":true}]}}