{"id":40443,"date":"2024-02-02T20:30:01","date_gmt":"2024-02-03T01:30:01","guid":{"rendered":"https:\/\/contraluzcucuta.co\/?p=40443"},"modified":"2024-02-02T20:31:18","modified_gmt":"2024-02-03T01:31:18","slug":"conversaciones-de-entre-casa-las-peluquerias-no-moriran-porque-hay-mucho-pelo-de-donde-cortar-fabio-parada","status":"publish","type":"post","link":"https:\/\/contraluzcucuta.co\/?p=40443","title":{"rendered":"CONVERSACIONES DE ENTRE CASA. Las peluquer\u00edas no morir\u00e1n, porque \u2018hay mucho pelo de d\u00f3nde cortar\u2019: Fabio Parada"},"content":{"rendered":"<p style=\"padding-left: 40px; text-align: right;\"><strong><span style=\"color: #ff9900;\">C\u00daCUTA.- El refranero dice que \u2018al mejor peluquero se le queda un pelo\u2019. Fabio Parada, \u2018sin pelos en la lengua\u2019, respondi\u00f3 que ese comentario \u2018le viene al pelo\u2019, porque en ocasiones se le han pasado uno que otro. Ante la reacci\u00f3n de los clientes dice que por esa situaci\u00f3n \u2018no hay que tirarse de los pelos\u2019 o ser\u00eda un profesional \u2018de medio pelo\u2019. La verdad es que por la experiencia nada le \u2018pone los pelos de punta\u2019.<\/span><\/strong><\/p>\n<p><a href=\"https:\/\/contraluzcucuta.co\/wp-content\/uploads\/2024\/02\/FABIO-PARADA-9.jpeg\"><img loading=\"lazy\" decoding=\"async\" class=\"wp-image-40445 alignleft\" src=\"https:\/\/contraluzcucuta.co\/wp-content\/uploads\/2024\/02\/FABIO-PARADA-9-300x225.jpeg\" alt=\"\" width=\"267\" height=\"200\" srcset=\"https:\/\/contraluzcucuta.co\/wp-content\/uploads\/2024\/02\/FABIO-PARADA-9-300x225.jpeg 300w, https:\/\/contraluzcucuta.co\/wp-content\/uploads\/2024\/02\/FABIO-PARADA-9-600x450.jpeg 600w, https:\/\/contraluzcucuta.co\/wp-content\/uploads\/2024\/02\/FABIO-PARADA-9-1024x768.jpeg 1024w, https:\/\/contraluzcucuta.co\/wp-content\/uploads\/2024\/02\/FABIO-PARADA-9-768x576.jpeg 768w, https:\/\/contraluzcucuta.co\/wp-content\/uploads\/2024\/02\/FABIO-PARADA-9-1536x1152.jpeg 1536w, https:\/\/contraluzcucuta.co\/wp-content\/uploads\/2024\/02\/FABIO-PARADA-9.jpeg 1600w\" sizes=\"auto, (max-width: 267px) 100vw, 267px\" \/><\/a><\/p>\n<p>Comenz\u00f3 a trabajar a los 16 a\u00f1os y est\u00e1 a punto de completar medio siglo en este oficio. Un hermano lo meti\u00f3 en este mundo de \u2018pelos y se\u00f1ales\u2019 y nadie lo sac\u00f3. Aqu\u00ed se ha ganado el sustento de la familia y ha levantado a los hijos como ciudadanos de bien. Ninguno tiene \u2018un pelo de tonto\u2019.<\/p>\n<p>El primer local lo abri\u00f3 en la calle 12 entre avenidas 8 y 9. Despu\u00e9s, ha estado en otras cinco direcciones. Los clientes lo buscan, identifican el aviso Peluquer\u00eda Andaluz, entran y aguardan pacientes el turno. La jornada de este hombre sencillo, callado y atento comienza a las 8:00 de la ma\u00f1ana, de lunes a domingo y se alarga hasta las 7:00 de la noche. En esas 11 horas bien puede cortar el cabello de 20 a 25 hombres.<\/p>\n<p>A ese ajetreo cotidiano le cae bien la frase de \u2018La vida es demasiado corta como para tener un pelo de aburrida\u2019, por eso la disfruta. La amabilidad es caracter\u00edstica en Fabio. Si no le ponen tema para hablar mientras trabaja, no se queda callado y propone un asunto para entretener a los presentes. Pol\u00edtica, deportes y actualidad est\u00e1n en la libreta de apuntes.<\/p>\n<p>Conversan, no discuten, acerca de la realidad nacional o local, del presidente o del alcalde, del gobernador o del dirigente de turno, del crimen del d\u00eda o de la novela de la noche. Del bol\u00edvar hace rato no hablan, pero s\u00ed lo hacen del C\u00facuta Deportivo y de la selecci\u00f3n Colombia.<\/p>\n<ul>\n<li><em>Los clientes son bien. Por medio de los clientes me he sostenido durante este tiempo y he salido adelante con la familia.<\/em><\/li>\n<\/ul>\n<p><a href=\"https:\/\/contraluzcucuta.co\/wp-content\/uploads\/2024\/02\/FABIO-PARADA-6.jpeg\"><img loading=\"lazy\" decoding=\"async\" class=\"wp-image-40446 alignleft\" src=\"https:\/\/contraluzcucuta.co\/wp-content\/uploads\/2024\/02\/FABIO-PARADA-6-300x225.jpeg\" alt=\"\" width=\"263\" height=\"197\" srcset=\"https:\/\/contraluzcucuta.co\/wp-content\/uploads\/2024\/02\/FABIO-PARADA-6-300x225.jpeg 300w, https:\/\/contraluzcucuta.co\/wp-content\/uploads\/2024\/02\/FABIO-PARADA-6-600x450.jpeg 600w, https:\/\/contraluzcucuta.co\/wp-content\/uploads\/2024\/02\/FABIO-PARADA-6-1024x768.jpeg 1024w, https:\/\/contraluzcucuta.co\/wp-content\/uploads\/2024\/02\/FABIO-PARADA-6-768x576.jpeg 768w, https:\/\/contraluzcucuta.co\/wp-content\/uploads\/2024\/02\/FABIO-PARADA-6-1536x1152.jpeg 1536w, https:\/\/contraluzcucuta.co\/wp-content\/uploads\/2024\/02\/FABIO-PARADA-6.jpeg 1600w\" sizes=\"auto, (max-width: 263px) 100vw, 263px\" \/><\/a><\/p>\n<p>La clientela fiel est\u00e1 envejeciendo. Los asiduos parroquianos que llegan a la peluquer\u00eda pasan de los 50 a\u00f1os y van hasta los 90. Los j\u00f3venes prefieren los negocios nuevos, esos que tienen letrero en ingl\u00e9s, aunque en experiencia \u2018les falta pelo para el mo\u00f1o\u2019. Lo bueno es que Fabio se actualiza, mira en internet y revistas c\u00f3mo avanzan los cortes y los practica. Lo malo es que a ninguno de sus usuarios les gustan o les quedar\u00edan bien las trenzas.<\/p>\n<p>En el 2023, estuvieron de moda los cortes texturizados, Pompadour, mullet, Taper Fade, French crop o con flequillo. Quiz\u00e1s, los clientes de Parada nunca se mirar\u00e1n al espejo para ver si les lucen o no esos estilos, as\u00ed en el sal\u00f3n Andaluc\u00eda traten de no quedarse atr\u00e1s.<\/p>\n<p>Entre la peluquer\u00eda y el sal\u00f3n de belleza hay poca diferencia. En los dos atienden a mujeres y hombres. Y entre la peluquer\u00eda y los negocios nuevos, tampoco se siente la diferencia.<\/p>\n<ul>\n<li><em>Lo que sucede es que ellos hacen figuras y cortes que salen, porque est\u00e1n m\u00e1s metidos en lo nuevo y por las modas que llegan de afuera.<\/em><\/li>\n<\/ul>\n<p>Las ense\u00f1anzas que le dio el hermano para convencerlo de que el oficio era bueno, ahora se aprenden en academias e institutos de ense\u00f1anza no formal. Al final la esencia es la misma, porque los cortes no cambian, se mantienen el cl\u00e1sico, el de cabello largo, el rapado o los que imponen deportistas y artistas.<\/p>\n<p><a href=\"https:\/\/contraluzcucuta.co\/wp-content\/uploads\/2024\/02\/FABIO-PARADA-12.jpeg\"><img loading=\"lazy\" decoding=\"async\" class=\"wp-image-40447 alignleft\" src=\"https:\/\/contraluzcucuta.co\/wp-content\/uploads\/2024\/02\/FABIO-PARADA-12-300x225.jpeg\" alt=\"\" width=\"263\" height=\"197\" srcset=\"https:\/\/contraluzcucuta.co\/wp-content\/uploads\/2024\/02\/FABIO-PARADA-12-300x225.jpeg 300w, https:\/\/contraluzcucuta.co\/wp-content\/uploads\/2024\/02\/FABIO-PARADA-12-600x450.jpeg 600w, https:\/\/contraluzcucuta.co\/wp-content\/uploads\/2024\/02\/FABIO-PARADA-12-1024x768.jpeg 1024w, https:\/\/contraluzcucuta.co\/wp-content\/uploads\/2024\/02\/FABIO-PARADA-12-768x576.jpeg 768w, https:\/\/contraluzcucuta.co\/wp-content\/uploads\/2024\/02\/FABIO-PARADA-12-1536x1152.jpeg 1536w, https:\/\/contraluzcucuta.co\/wp-content\/uploads\/2024\/02\/FABIO-PARADA-12.jpeg 1600w\" sizes=\"auto, (max-width: 263px) 100vw, 263px\" \/><\/a><\/p>\n<p>La experiencia le permite manejar a los clientes, as\u00ed sean \u2018de pelo en pecho\u2019. Les conoce los gustos y qu\u00e9 les disgusta para no hacerlo. No se molestan ni cuando suben los precios. Al principio, por all\u00e1 a mediados de los 70 del siglo XX, cobraba $ 7,0. Hoy, 24 a\u00f1os despu\u00e9s de comenzado el siglo XXI, la tarifa est\u00e1 en $ 10.000.<\/p>\n<ul>\n<li><em>Uno est\u00e1 enchufado en lo que hace. Uno sabe que vive con el trabajo y vive contento. Lo de la casa se queda aparte y en el trabajo tiene que estar sin reflejar nada.<\/em><\/li>\n<\/ul>\n<p>A pesar de que un compa\u00f1ero peluquero le sugiri\u00f3 el nombre Andaluz, porque era aficionado a los toros, nunca le ha cortado una oreja al cliente. Los reclamos son pocos. Pero s\u00ed se le han ido millones de pelos sin cortar, hecho que toma como una falla normal o gaje del oficio.<\/p>\n<p>Utiliza a la par con la tijera y la m\u00e1quina. Son herramientas que complementan el trabajo. En ocasiones le piden el uso de uno solo de los equipos y lo hace con igual maestr\u00eda. En todo caso, emplea 15 minutos para dejarle \u2018al pelo\u2019 la cabeza al cliente.<\/p>\n<ul>\n<li><em>Ha valido la pena. Cuando empec\u00e9, empec\u00e9 de la nada y me he sostenido. La profesi\u00f3n me tiene cari\u00f1o, porque mire, los clientes me llegan.<\/em><\/li>\n<\/ul>\n<p><strong> <a href=\"https:\/\/contraluzcucuta.co\/wp-content\/uploads\/2024\/02\/FABIO-PARADA-8.jpeg\"><img loading=\"lazy\" decoding=\"async\" class=\"wp-image-40448 alignleft\" src=\"https:\/\/contraluzcucuta.co\/wp-content\/uploads\/2024\/02\/FABIO-PARADA-8-300x225.jpeg\" alt=\"\" width=\"264\" height=\"198\" srcset=\"https:\/\/contraluzcucuta.co\/wp-content\/uploads\/2024\/02\/FABIO-PARADA-8-300x225.jpeg 300w, https:\/\/contraluzcucuta.co\/wp-content\/uploads\/2024\/02\/FABIO-PARADA-8-600x450.jpeg 600w, https:\/\/contraluzcucuta.co\/wp-content\/uploads\/2024\/02\/FABIO-PARADA-8-1024x768.jpeg 1024w, https:\/\/contraluzcucuta.co\/wp-content\/uploads\/2024\/02\/FABIO-PARADA-8-768x576.jpeg 768w, https:\/\/contraluzcucuta.co\/wp-content\/uploads\/2024\/02\/FABIO-PARADA-8-1536x1152.jpeg 1536w, https:\/\/contraluzcucuta.co\/wp-content\/uploads\/2024\/02\/FABIO-PARADA-8.jpeg 1600w\" sizes=\"auto, (max-width: 264px) 100vw, 264px\" \/><\/a><\/strong><\/p>\n<p><strong>\u00bfEs m\u00e1s f\u00e1cil trabajar con hombres o con mujeres?<\/strong><\/p>\n<ul>\n<li><em>No, no es que sea dif\u00edcil. Los peluqueros antiguos se han muerto y los nuevos se van a trabajar a las barber\u00edas.<\/em><\/li>\n<\/ul>\n<p><strong>\u00bfMorir\u00e1n las peluquer\u00edas por la aparici\u00f3n de las barber\u00edas?<\/strong><\/p>\n<ul>\n<li><em> No morir\u00e1n, seguir\u00e1n adelante. Vendr\u00e1n modas y otros cortes, pero las peluquer\u00edas no morir\u00e1n, <\/em>porque \u2018hay mucho pelo de d\u00f3nde cortar\u2019<em>.<\/em><\/li>\n<\/ul>\n<p>POSDATA:<\/p>\n<p>Esta entrevista no fue una \u2018tomadura de pelo\u2019.<\/p>\n<p><strong>RAFAEL ANTONIO PAB\u00d3N<\/strong><\/p>\n<p><strong><a href=\"mailto:rafaelpabon58@hotmail.com\">rafaelpabon58@hotmail.com<\/a><\/strong><\/p>\n","protected":false},"excerpt":{"rendered":"<p>C\u00daCUTA.- El refranero dice que \u2018al mejor peluquero se le queda un pelo\u2019. Fabio Parada, \u2018sin pelos en la lengua\u2019, respondi\u00f3 que ese comentario \u2018le viene al pelo\u2019, porque en ocasiones se le han pasado uno que otro. Ante la reacci\u00f3n de los clientes dice que por esa situaci\u00f3n \u2018no hay que tirarse de los &hellip;<\/p>\n","protected":false},"author":1,"featured_media":40447,"comment_status":"open","ping_status":"open","sticky":false,"template":"","format":"standard","meta":{"footnotes":""},"categories":[5970,45,4],"tags":[2929,5935,6013,3976],"class_list":["post-40443","post","type-post","status-publish","format-standard","has-post-thumbnail","hentry","category-conversaciones-de-entre-casa","category-destacado","category-barra","tag-conversaciones-a-contraluz","tag-conversaciones-de-entre-casa","tag-fabio-parada","tag-peluqueros-de-cucuta"],"_links":{"self":[{"href":"https:\/\/contraluzcucuta.co\/index.php?rest_route=\/wp\/v2\/posts\/40443","targetHints":{"allow":["GET"]}}],"collection":[{"href":"https:\/\/contraluzcucuta.co\/index.php?rest_route=\/wp\/v2\/posts"}],"about":[{"href":"https:\/\/contraluzcucuta.co\/index.php?rest_route=\/wp\/v2\/types\/post"}],"author":[{"embeddable":true,"href":"https:\/\/contraluzcucuta.co\/index.php?rest_route=\/wp\/v2\/users\/1"}],"replies":[{"embeddable":true,"href":"https:\/\/contraluzcucuta.co\/index.php?rest_route=%2Fwp%2Fv2%2Fcomments&post=40443"}],"version-history":[{"count":1,"href":"https:\/\/contraluzcucuta.co\/index.php?rest_route=\/wp\/v2\/posts\/40443\/revisions"}],"predecessor-version":[{"id":40449,"href":"https:\/\/contraluzcucuta.co\/index.php?rest_route=\/wp\/v2\/posts\/40443\/revisions\/40449"}],"wp:featuredmedia":[{"embeddable":true,"href":"https:\/\/contraluzcucuta.co\/index.php?rest_route=\/wp\/v2\/media\/40447"}],"wp:attachment":[{"href":"https:\/\/contraluzcucuta.co\/index.php?rest_route=%2Fwp%2Fv2%2Fmedia&parent=40443"}],"wp:term":[{"taxonomy":"category","embeddable":true,"href":"https:\/\/contraluzcucuta.co\/index.php?rest_route=%2Fwp%2Fv2%2Fcategories&post=40443"},{"taxonomy":"post_tag","embeddable":true,"href":"https:\/\/contraluzcucuta.co\/index.php?rest_route=%2Fwp%2Fv2%2Ftags&post=40443"}],"curies":[{"name":"wp","href":"https:\/\/api.w.org\/{rel}","templated":true}]}}