{"id":40438,"date":"2024-02-02T04:49:25","date_gmt":"2024-02-02T09:49:25","guid":{"rendered":"https:\/\/contraluzcucuta.co\/?p=40438"},"modified":"2024-02-02T04:49:25","modified_gmt":"2024-02-02T09:49:25","slug":"cinco-acuerdos-cultivadores-de-cebolla-levantaron-concentraciones","status":"publish","type":"post","link":"https:\/\/contraluzcucuta.co\/?p=40438","title":{"rendered":"CINCO ACUERDOS. Cultivadores de cebolla levantaron concentraciones"},"content":{"rendered":"<p style=\"padding-left: 40px; text-align: right;\"><strong><span style=\"color: #ff9900;\">C\u00daCUTA.- Cultivadores de cebolla levantaron las concentraciones con las que obstaculizaban el tr\u00e1nsito vehicular por v\u00edas del departamento. La decisi\u00f3n se tom\u00f3 al finalizar la Mesa de Di\u00e1logo y Concertaci\u00f3n en la que participaron voceros de 20 asociaciones de productores de la verdura.<\/span><\/strong><\/p>\n<p><a href=\"https:\/\/contraluzcucuta.co\/wp-content\/uploads\/2024\/02\/GOBERNADOR-CEBOLLEROS-2.jpeg\"><img loading=\"lazy\" decoding=\"async\" class=\"wp-image-40441 alignleft\" src=\"https:\/\/contraluzcucuta.co\/wp-content\/uploads\/2024\/02\/GOBERNADOR-CEBOLLEROS-2-300x200.jpeg\" alt=\"\" width=\"252\" height=\"168\" srcset=\"https:\/\/contraluzcucuta.co\/wp-content\/uploads\/2024\/02\/GOBERNADOR-CEBOLLEROS-2-300x200.jpeg 300w, https:\/\/contraluzcucuta.co\/wp-content\/uploads\/2024\/02\/GOBERNADOR-CEBOLLEROS-2-600x400.jpeg 600w, https:\/\/contraluzcucuta.co\/wp-content\/uploads\/2024\/02\/GOBERNADOR-CEBOLLEROS-2-1024x682.jpeg 1024w, https:\/\/contraluzcucuta.co\/wp-content\/uploads\/2024\/02\/GOBERNADOR-CEBOLLEROS-2-768x512.jpeg 768w, https:\/\/contraluzcucuta.co\/wp-content\/uploads\/2024\/02\/GOBERNADOR-CEBOLLEROS-2-1536x1023.jpeg 1536w, https:\/\/contraluzcucuta.co\/wp-content\/uploads\/2024\/02\/GOBERNADOR-CEBOLLEROS-2-310x205.jpeg 310w, https:\/\/contraluzcucuta.co\/wp-content\/uploads\/2024\/02\/GOBERNADOR-CEBOLLEROS-2.jpeg 1600w\" sizes=\"auto, (max-width: 252px) 100vw, 252px\" \/><\/a><\/p>\n<p>En la reuni\u00f3n participaron el ministro de Industria, Comercio y Turismo, Germ\u00e1n Uma\u00f1a, y el gobernador William Villamizar.<\/p>\n<p>Los acuerdos contemplan lo siguiente:<\/p>\n<ol>\n<li>Elaborar el estudio t\u00e9cnico sobre la medida de salvaguarda y conclusiones en el t\u00e9rmino de 35 d\u00edas, a cargo del Ministerio.<\/li>\n<li>Hacer seguimiento a los compromisos establecidos en el Puesto de Mando Unificado (PMU), instalado el 31 de enero en Pasto.<\/li>\n<li>Desdoblamiento arancelario.<\/li>\n<li>Elaboraci\u00f3n de ficha t\u00e9cnica por parte del Instituto Colombiano Agropecuario (ICA) en la identificaci\u00f3n de material de siembra de cebolla (semillas).<\/li>\n<li>Llevar a cabo otra mesa de di\u00e1logo el 8 de febrero, con presencia de funcionarios de los ministerios de Minas y de Transporte, y Gobernaci\u00f3n de Norte de Santander para revisar el tema de comunidades energ\u00e9ticas y seguimiento de proyectos de infraestructura vial del Pacto del Catatumbo.<\/li>\n<\/ol>\n<p>La firma del documento fue respaldada por el presidente de la Agencia de Desarrollo Rural Colombia, Luis Alberto Higuera; los alcaldes de Oca\u00f1a, Emiro Ca\u00f1izares, y de \u00c1brego, Huber S\u00e1nchez, y el representante a la C\u00e1mara, Di\u00f3genes Quintero.<\/p>\n","protected":false},"excerpt":{"rendered":"<p>C\u00daCUTA.- Cultivadores de cebolla levantaron las concentraciones con las que obstaculizaban el tr\u00e1nsito vehicular por v\u00edas del departamento. La decisi\u00f3n se tom\u00f3 al finalizar la Mesa de Di\u00e1logo y Concertaci\u00f3n en la que participaron voceros de 20 asociaciones de productores de la verdura. En la reuni\u00f3n participaron el ministro de Industria, Comercio y Turismo, Germ\u00e1n &hellip;<\/p>\n","protected":false},"author":1,"featured_media":40440,"comment_status":"open","ping_status":"open","sticky":false,"template":"","format":"standard","meta":{"footnotes":""},"categories":[4,6011],"tags":[6012,379,2800,3807],"class_list":["post-40438","post","type-post","status-publish","format-standard","has-post-thumbnail","hentry","category-barra","category-gobernacion-de-norte-de-santander","tag-cultivadores-de-cebolla","tag-gobernacion-de-norte-de-santander","tag-gobernador-william-villamizar","tag-ministerio-de-comercio-y-turismo"],"_links":{"self":[{"href":"https:\/\/contraluzcucuta.co\/index.php?rest_route=\/wp\/v2\/posts\/40438","targetHints":{"allow":["GET"]}}],"collection":[{"href":"https:\/\/contraluzcucuta.co\/index.php?rest_route=\/wp\/v2\/posts"}],"about":[{"href":"https:\/\/contraluzcucuta.co\/index.php?rest_route=\/wp\/v2\/types\/post"}],"author":[{"embeddable":true,"href":"https:\/\/contraluzcucuta.co\/index.php?rest_route=\/wp\/v2\/users\/1"}],"replies":[{"embeddable":true,"href":"https:\/\/contraluzcucuta.co\/index.php?rest_route=%2Fwp%2Fv2%2Fcomments&post=40438"}],"version-history":[{"count":1,"href":"https:\/\/contraluzcucuta.co\/index.php?rest_route=\/wp\/v2\/posts\/40438\/revisions"}],"predecessor-version":[{"id":40442,"href":"https:\/\/contraluzcucuta.co\/index.php?rest_route=\/wp\/v2\/posts\/40438\/revisions\/40442"}],"wp:featuredmedia":[{"embeddable":true,"href":"https:\/\/contraluzcucuta.co\/index.php?rest_route=\/wp\/v2\/media\/40440"}],"wp:attachment":[{"href":"https:\/\/contraluzcucuta.co\/index.php?rest_route=%2Fwp%2Fv2%2Fmedia&parent=40438"}],"wp:term":[{"taxonomy":"category","embeddable":true,"href":"https:\/\/contraluzcucuta.co\/index.php?rest_route=%2Fwp%2Fv2%2Fcategories&post=40438"},{"taxonomy":"post_tag","embeddable":true,"href":"https:\/\/contraluzcucuta.co\/index.php?rest_route=%2Fwp%2Fv2%2Ftags&post=40438"}],"curies":[{"name":"wp","href":"https:\/\/api.w.org\/{rel}","templated":true}]}}