{"id":40434,"date":"2024-02-02T04:32:31","date_gmt":"2024-02-02T09:32:31","guid":{"rendered":"https:\/\/contraluzcucuta.co\/?p=40434"},"modified":"2024-02-02T04:32:31","modified_gmt":"2024-02-02T09:32:31","slug":"encuentro-informal-primer-acercamiento-entre-artistas-y-secretaria-de-cultura","status":"publish","type":"post","link":"https:\/\/contraluzcucuta.co\/?p=40434","title":{"rendered":"ENCUENTRO INFORMAL. Primer acercamiento entre artistas y secretar\u00eda de Cultura"},"content":{"rendered":"<p style=\"padding-left: 40px; text-align: right;\"><strong><span style=\"color: #ff9900;\">C\u00daCUTA.- La secretaria de cultura departamental Martha Mar\u00eda Reyes y varios artistas aprovecharon el clima ma\u00f1anero de C\u00facuta para hablar de proyectos, trabajo y quereres. En el di\u00e1logo se reconocieron como parte fundamental para el desarrollo de este sector en Norte de Santander.<\/span><\/strong><\/p>\n<p><a href=\"https:\/\/contraluzcucuta.co\/wp-content\/uploads\/2024\/02\/ARTISTAS-3.jpeg\"><img loading=\"lazy\" decoding=\"async\" class=\"alignnone size-medium wp-image-40436 alignleft\" src=\"https:\/\/contraluzcucuta.co\/wp-content\/uploads\/2024\/02\/ARTISTAS-3-300x225.jpeg\" alt=\"\" width=\"300\" height=\"225\" srcset=\"https:\/\/contraluzcucuta.co\/wp-content\/uploads\/2024\/02\/ARTISTAS-3-300x225.jpeg 300w, https:\/\/contraluzcucuta.co\/wp-content\/uploads\/2024\/02\/ARTISTAS-3-600x450.jpeg 600w, https:\/\/contraluzcucuta.co\/wp-content\/uploads\/2024\/02\/ARTISTAS-3-1024x768.jpeg 1024w, https:\/\/contraluzcucuta.co\/wp-content\/uploads\/2024\/02\/ARTISTAS-3-768x576.jpeg 768w, https:\/\/contraluzcucuta.co\/wp-content\/uploads\/2024\/02\/ARTISTAS-3-1536x1152.jpeg 1536w, https:\/\/contraluzcucuta.co\/wp-content\/uploads\/2024\/02\/ARTISTAS-3.jpeg 1600w\" sizes=\"auto, (max-width: 300px) 100vw, 300px\" \/><\/a><\/p>\n<p>Yorman T\u00e1riba expuso la labor que cumple al lado de los integrantes del colectivo art\u00edstico que tiene como meta convertir los callejones del barrio Loma de Bol\u00edvar en atractivo tur\u00edstico. El muralismo y la pintura hacen presencia en esos senderos inexplorados por el resto de cucute\u00f1os y visitantes.<\/p>\n<p>Martha Mar\u00eda Reyes se interes\u00f3 por la iniciativa. Resalt\u00f3 la importancia hist\u00f3rica del lugar y propuso trabajar en ese componente para alcanzar los recursos necesarios para hacer realidad lo que hoy aparece en la mente de los artistas como sue\u00f1o.<\/p>\n<p>De Villa del Rosario, Martha Mora, directora de la fundaci\u00f3n Artes Emp\u00edricas relat\u00f3 lo conseguido en los a\u00f1os de trabajo y lo que tiene en mente para e futuro inmediato. La organizaci\u00f3n ayuda a ni\u00f1os y j\u00f3venes a salir adelante como poetas, declamadores, escritores y pintores.<\/p>\n<p>Melfides Gulloso, poeta y escritor, mostr\u00f3 los tres libros que ha escrito y en los que est\u00e1 plasmada su obra. Bajo sangre y fuego es la \u00faltima creaci\u00f3n, no ficci\u00f3n, en la que cuenta las experiencias de cinco hermanos mientras cumpl\u00edan con el servicio militar. La intenci\u00f3n es llevarla a la pantalla grande.<\/p>\n<p>Al final de la reuni\u00f3n qued\u00f3 la satisfacci\u00f3n de la conversaci\u00f3n, el haber dado el primer paso y el conocer que hay un despacho dispuesto a ayudar y unos artistas con los deseos de trabajar por el departamento.<\/p>\n","protected":false},"excerpt":{"rendered":"<p>C\u00daCUTA.- La secretaria de cultura departamental Martha Mar\u00eda Reyes y varios artistas aprovecharon el clima ma\u00f1anero de C\u00facuta para hablar de proyectos, trabajo y quereres. En el di\u00e1logo se reconocieron como parte fundamental para el desarrollo de este sector en Norte de Santander. Yorman T\u00e1riba expuso la labor que cumple al lado de los integrantes &hellip;<\/p>\n","protected":false},"author":1,"featured_media":40435,"comment_status":"open","ping_status":"open","sticky":false,"template":"","format":"standard","meta":{"footnotes":""},"categories":[4,37],"tags":[661,4760,4599,2891],"class_list":["post-40434","post","type-post","status-publish","format-standard","has-post-thumbnail","hentry","category-barra","category-paseo-cultural","tag-artistas-de-norte-de-santander","tag-martha-maria-reyes","tag-paseo-cultural","tag-secretaria-de-cultura-de-norte-de-santander"],"_links":{"self":[{"href":"https:\/\/contraluzcucuta.co\/index.php?rest_route=\/wp\/v2\/posts\/40434","targetHints":{"allow":["GET"]}}],"collection":[{"href":"https:\/\/contraluzcucuta.co\/index.php?rest_route=\/wp\/v2\/posts"}],"about":[{"href":"https:\/\/contraluzcucuta.co\/index.php?rest_route=\/wp\/v2\/types\/post"}],"author":[{"embeddable":true,"href":"https:\/\/contraluzcucuta.co\/index.php?rest_route=\/wp\/v2\/users\/1"}],"replies":[{"embeddable":true,"href":"https:\/\/contraluzcucuta.co\/index.php?rest_route=%2Fwp%2Fv2%2Fcomments&post=40434"}],"version-history":[{"count":1,"href":"https:\/\/contraluzcucuta.co\/index.php?rest_route=\/wp\/v2\/posts\/40434\/revisions"}],"predecessor-version":[{"id":40437,"href":"https:\/\/contraluzcucuta.co\/index.php?rest_route=\/wp\/v2\/posts\/40434\/revisions\/40437"}],"wp:featuredmedia":[{"embeddable":true,"href":"https:\/\/contraluzcucuta.co\/index.php?rest_route=\/wp\/v2\/media\/40435"}],"wp:attachment":[{"href":"https:\/\/contraluzcucuta.co\/index.php?rest_route=%2Fwp%2Fv2%2Fmedia&parent=40434"}],"wp:term":[{"taxonomy":"category","embeddable":true,"href":"https:\/\/contraluzcucuta.co\/index.php?rest_route=%2Fwp%2Fv2%2Fcategories&post=40434"},{"taxonomy":"post_tag","embeddable":true,"href":"https:\/\/contraluzcucuta.co\/index.php?rest_route=%2Fwp%2Fv2%2Ftags&post=40434"}],"curies":[{"name":"wp","href":"https:\/\/api.w.org\/{rel}","templated":true}]}}