{"id":40419,"date":"2024-02-01T12:04:32","date_gmt":"2024-02-01T17:04:32","guid":{"rendered":"https:\/\/contraluzcucuta.co\/?p=40419"},"modified":"2024-02-01T12:08:29","modified_gmt":"2024-02-01T17:08:29","slug":"conversaciones-de-entre-casa-erase-una-vez-un-hombre-alto-fornido-y-atletico","status":"publish","type":"post","link":"https:\/\/contraluzcucuta.co\/?p=40419","title":{"rendered":"CONVERSACIONES DE ENTRE CASA. \u00c9rase una vez, un hombre alto, fornido y atl\u00e9tico"},"content":{"rendered":"<p style=\"padding-left: 40px; text-align: right;\"><strong><span style=\"color: #ff9900;\">C\u00daCUTA.- En la juventud destac\u00f3 por las habilidades para el deporte y gan\u00f3 los t\u00edtulos que quiso, con equipos y selecciones, en las categor\u00edas que lo incluyeron. En coliseos y canchas correte\u00f3 el bal\u00f3n en busca de la gloria que no le fue esquiva. Podr\u00eda decirse que en el Olimpo se recreaban vi\u00e9ndolo jugar. Pero era terrenal.<\/span><\/strong><\/p>\n<p><a href=\"https:\/\/contraluzcucuta.co\/wp-content\/uploads\/2024\/02\/JAIME-BUSTAMANTE-9.jpeg\"><img loading=\"lazy\" decoding=\"async\" class=\"alignnone  wp-image-40422 alignleft\" src=\"https:\/\/contraluzcucuta.co\/wp-content\/uploads\/2024\/02\/JAIME-BUSTAMANTE-9-225x300.jpeg\" alt=\"\" width=\"196\" height=\"261\" srcset=\"https:\/\/contraluzcucuta.co\/wp-content\/uploads\/2024\/02\/JAIME-BUSTAMANTE-9-225x300.jpeg 225w, https:\/\/contraluzcucuta.co\/wp-content\/uploads\/2024\/02\/JAIME-BUSTAMANTE-9-600x800.jpeg 600w, https:\/\/contraluzcucuta.co\/wp-content\/uploads\/2024\/02\/JAIME-BUSTAMANTE-9-768x1024.jpeg 768w, https:\/\/contraluzcucuta.co\/wp-content\/uploads\/2024\/02\/JAIME-BUSTAMANTE-9-1152x1536.jpeg 1152w, https:\/\/contraluzcucuta.co\/wp-content\/uploads\/2024\/02\/JAIME-BUSTAMANTE-9.jpeg 1200w\" sizes=\"auto, (max-width: 196px) 100vw, 196px\" \/><\/a><\/p>\n<p>Hoy, se nota en su cuerpo el paso del tiempo. Camina lerdo y apoyado por el bast\u00f3n. La estatura ha perdido cent\u00edmetros y va encorvado. Los achaques de la edad lo hacen quejarse de dolores. No va al trote, como en aquel entonces, sino que arrastra los tenis para llegar a la siguiente parada. La agilidad lo abandon\u00f3, la contextura f\u00edsica es cuesti\u00f3n del pasado. Los dioses lo devolvieron a la realidad.<\/p>\n<p>Entr\u00f3 en el mundo del baloncesto cuando cursaba tercero bachillerato y por circunstancias especiales. Viv\u00eda los d\u00edas con la aguja del veloc\u00edmetro en la marcha m\u00e1xima. Al padre no le qued\u00f3 otra alternativa que internarlo en el colegio Jos\u00e9 Joaqu\u00edn Ortiz, en la helada Tunja (Boyac\u00e1), regentado por los Jesuitas. En la maleta le empac\u00f3 un bal\u00f3n de baloncesto.<\/p>\n<ul>\n<li><em>No ten\u00eda ni idea del basquetbol, en ese momento. Empec\u00e9 por hacer lanzamientos y a conocer c\u00f3mo se manejaba el bal\u00f3n. Ten\u00eda 13 a\u00f1os.<\/em><\/li>\n<\/ul>\n<p>As\u00ed recuerda Jaime Bustamante la llegada al deporte que lo vio triunfar en el Salesiano, Gremios Unidos, la Toto Hern\u00e1ndez y dem\u00e1s escenarios deportivos que visit\u00f3 con la camiseta negro y rojo de Norte de Santander, colores que a donde fuera los hac\u00eda valer y respetar, sin importar que jugara en casa ajena. La sarta de t\u00edtulos la abre el intercolegiado, con Gremios.<\/p>\n<p>La primera convocatoria, informal, a la selecci\u00f3n Norte no fue una casualidad. Ocurri\u00f3 en la Toto, donde coincidieron en el entrenamiento con la \u00e9lite de esa disciplina. Hern\u00e1n \u2018Pipo\u2019 G\u00f3mez tuvo la feliz idea de invitarlo a jugar, junto con Jorge Ni\u00f1o. Se quedaron para participar en la pr\u00e1ctica y as\u00ed abrieron espacio en el combinado departamental.<\/p>\n<ul>\n<li><em>Ah\u00ed empez\u00f3 la odisea nacional. En Neiva quedamos campeones, en juvenil; en Medell\u00edn, campeones invictos; en Girardot, subcampeones; en \u2026<\/em><\/li>\n<\/ul>\n<p><a href=\"https:\/\/contraluzcucuta.co\/wp-content\/uploads\/2024\/02\/JAIME-BUSTAMANTE-5.jpeg\"><img loading=\"lazy\" decoding=\"async\" class=\"alignnone  wp-image-40424 alignleft\" src=\"https:\/\/contraluzcucuta.co\/wp-content\/uploads\/2024\/02\/JAIME-BUSTAMANTE-5-300x225.jpeg\" alt=\"\" width=\"241\" height=\"181\" srcset=\"https:\/\/contraluzcucuta.co\/wp-content\/uploads\/2024\/02\/JAIME-BUSTAMANTE-5-300x225.jpeg 300w, https:\/\/contraluzcucuta.co\/wp-content\/uploads\/2024\/02\/JAIME-BUSTAMANTE-5-600x450.jpeg 600w, https:\/\/contraluzcucuta.co\/wp-content\/uploads\/2024\/02\/JAIME-BUSTAMANTE-5-1024x768.jpeg 1024w, https:\/\/contraluzcucuta.co\/wp-content\/uploads\/2024\/02\/JAIME-BUSTAMANTE-5-768x576.jpeg 768w, https:\/\/contraluzcucuta.co\/wp-content\/uploads\/2024\/02\/JAIME-BUSTAMANTE-5-1536x1152.jpeg 1536w, https:\/\/contraluzcucuta.co\/wp-content\/uploads\/2024\/02\/JAIME-BUSTAMANTE-5.jpeg 1600w\" sizes=\"auto, (max-width: 241px) 100vw, 241px\" \/><\/a><\/p>\n<p>La experiencia acumulada, la presencia en la cancha, la efectividad en el juego, la precisi\u00f3n en los lanzamientos y el amor por la camiseta lo catapultaron a la categor\u00eda mayor. El primer trofeo lo alz\u00f3 en Manizales. El equipo era un h\u00edbrido entre los veteranos y los novicios.<\/p>\n<p>No todo ten\u00eda que ser deporte. Viaj\u00f3 a Bogot\u00e1 para vincularse a la Universidad Jorge Tadeo Lozano, donde se prepar\u00f3 como economista. A la par que le\u00eda sobre los pensadores, las teor\u00edas y las bases de la econom\u00eda, se paseaba por los campos deportivos y mostr\u00f3 la calidad aprendida en C\u00facuta. Ingres\u00f3 al quinteto del centro de estudios y gan\u00f3 el subcampeonato nacional.<\/p>\n<p>T\u00edtulo tras t\u00edtulo fueron sum\u00e1ndose al historial de Jaime Bustamante hasta despertar inquietud en la Federaci\u00f3n de Baloncesto. En Quito (Ecuador) defendi\u00f3 la tricolor, perdieron la final por un punto. De Medell\u00edn se trajeron la Copa Croydon.<\/p>\n<p>La relaci\u00f3n viejos \u2013 muchachos era magn\u00edfica. El relevo generacional se dio de manera natural. Los j\u00f3venes no eran invasores de un espacio ganado por los expertos. Simplemente, representaban la nueva fuerza y la nueva esperanza para el baloncesto nortesantandereano.<\/p>\n<ul>\n<li><em>Encaj\u00e1bamos por la velocidad, el lanzamiento r\u00e1pido, el buen pulso. Jugaba como p\u00edvot, con 1,80 metros de estatura y 110 kilos de peso. A veces hac\u00eda de alero.<\/em><\/li>\n<\/ul>\n<p><a href=\"https:\/\/contraluzcucuta.co\/wp-content\/uploads\/2024\/02\/JAIME-BUSTAMANTE-7.jpeg\"><img loading=\"lazy\" decoding=\"async\" class=\" wp-image-40425 alignleft\" src=\"https:\/\/contraluzcucuta.co\/wp-content\/uploads\/2024\/02\/JAIME-BUSTAMANTE-7-225x300.jpeg\" alt=\"\" width=\"205\" height=\"273\" srcset=\"https:\/\/contraluzcucuta.co\/wp-content\/uploads\/2024\/02\/JAIME-BUSTAMANTE-7-225x300.jpeg 225w, https:\/\/contraluzcucuta.co\/wp-content\/uploads\/2024\/02\/JAIME-BUSTAMANTE-7-600x800.jpeg 600w, https:\/\/contraluzcucuta.co\/wp-content\/uploads\/2024\/02\/JAIME-BUSTAMANTE-7-768x1024.jpeg 768w, https:\/\/contraluzcucuta.co\/wp-content\/uploads\/2024\/02\/JAIME-BUSTAMANTE-7-1152x1536.jpeg 1152w, https:\/\/contraluzcucuta.co\/wp-content\/uploads\/2024\/02\/JAIME-BUSTAMANTE-7.jpeg 1200w\" sizes=\"auto, (max-width: 205px) 100vw, 205px\" \/><\/a><\/p>\n<p>Lo ayudaba el lanzamiento de media distancia y la fuerza en los rebotes ofensivos y defensivos. Habilidades que lo hicieron destacar en los equipos que conform\u00f3. No hab\u00eda referentes del exterior, eran cualidades innatas que se perfeccionaban con la pr\u00e1ctica y la disciplina constantes.<\/p>\n<p>A la memoria saltan las im\u00e1genes de lo vivido en la Toto, a la llegada para disputar el siguiente partido, sin uniforme. Los aficionados lo recib\u00edan con saludos positivos. Eran muchachos salidos del pueblo y as\u00ed entendieron el aprecio de los asistentes al coliseo. Como visitantes les ten\u00edan pavor y el uniforme rojinegro asustaba.<\/p>\n<p>Entre los jugadores no hubo problemas ni se suscitaban roces por ego\u00edsmos. Estaban compenetrados en lo que hac\u00edan y quer\u00edan.<\/p>\n<ul>\n<li><em>El primer compa\u00f1ero que tuve fue Jorge Ni\u00f1o, que, para m\u00ed, junto a Alfredo D\u00edaz Calder\u00f3n y Roque Pe\u00f1alosa, han sido los mejores basquetbolistas que ha habido en Norte de Santander.<\/em><\/li>\n<\/ul>\n<p><strong>\u00bfY los dem\u00e1s?<\/strong><\/p>\n<ul>\n<li><em>Hemos sido personas que jugamos basquetbol, bien o mal, pero jugamos. <\/em><\/li>\n<\/ul>\n<p>De un momento a otro, con los torneos profesionales, comenzaron a llegar deportistas de otras regiones del pa\u00eds para ocupar los puestos que, por siempre, hab\u00edan prove\u00eddo los criollos. Eso le doli\u00f3, porque motiv\u00f3 la retirada de los j\u00f3venes de las canchas. Aunque en una ocasi\u00f3n, sin serle infiel a la rojinegra, defendi\u00f3 los colores del Distrito, por amor al deporte.<\/p>\n<p>Los a\u00f1os llegaron y obligaron a la retirada. Pas\u00f3 de ser competitivo a recreativo en los clubes. No dej\u00f3 de ir a la Toto. Se duele por el descuido del coliseo, la falta de equipo de la regi\u00f3n, la p\u00e9rdida del fervor, la ca\u00edda del aviso que dec\u00eda \u2018C\u00facuta, capital basquetera de Colombia\u2019, el cambio de mentalidad, la carencia de jugadores y dirigentes, y muchos otros aspectos.<\/p>\n<p><strong>RAFAEL ANTONIO PAB\u00d3N<\/strong><\/p>\n<p><strong><a href=\"mailto:rafaelpabon58@hotmail.com\">rafaelpabon58@hotmail.com<\/a><\/strong><\/p>\n","protected":false},"excerpt":{"rendered":"<p>C\u00daCUTA.- En la juventud destac\u00f3 por las habilidades para el deporte y gan\u00f3 los t\u00edtulos que quiso, con equipos y selecciones, en las categor\u00edas que lo incluyeron. En coliseos y canchas correte\u00f3 el bal\u00f3n en busca de la gloria que no le fue esquiva. Podr\u00eda decirse que en el Olimpo se recreaban vi\u00e9ndolo jugar. Pero &hellip;<\/p>\n","protected":false},"author":1,"featured_media":40420,"comment_status":"open","ping_status":"open","sticky":false,"template":"","format":"standard","meta":{"footnotes":""},"categories":[5970,45,4],"tags":[6009,2929,5935,6008],"class_list":["post-40419","post","type-post","status-publish","format-standard","has-post-thumbnail","hentry","category-conversaciones-de-entre-casa","category-destacado","category-barra","tag-baloncesto-nortesantandereano","tag-conversaciones-a-contraluz","tag-conversaciones-de-entre-casa","tag-jaime-bustamante"],"_links":{"self":[{"href":"https:\/\/contraluzcucuta.co\/index.php?rest_route=\/wp\/v2\/posts\/40419","targetHints":{"allow":["GET"]}}],"collection":[{"href":"https:\/\/contraluzcucuta.co\/index.php?rest_route=\/wp\/v2\/posts"}],"about":[{"href":"https:\/\/contraluzcucuta.co\/index.php?rest_route=\/wp\/v2\/types\/post"}],"author":[{"embeddable":true,"href":"https:\/\/contraluzcucuta.co\/index.php?rest_route=\/wp\/v2\/users\/1"}],"replies":[{"embeddable":true,"href":"https:\/\/contraluzcucuta.co\/index.php?rest_route=%2Fwp%2Fv2%2Fcomments&post=40419"}],"version-history":[{"count":3,"href":"https:\/\/contraluzcucuta.co\/index.php?rest_route=\/wp\/v2\/posts\/40419\/revisions"}],"predecessor-version":[{"id":40426,"href":"https:\/\/contraluzcucuta.co\/index.php?rest_route=\/wp\/v2\/posts\/40419\/revisions\/40426"}],"wp:featuredmedia":[{"embeddable":true,"href":"https:\/\/contraluzcucuta.co\/index.php?rest_route=\/wp\/v2\/media\/40420"}],"wp:attachment":[{"href":"https:\/\/contraluzcucuta.co\/index.php?rest_route=%2Fwp%2Fv2%2Fmedia&parent=40419"}],"wp:term":[{"taxonomy":"category","embeddable":true,"href":"https:\/\/contraluzcucuta.co\/index.php?rest_route=%2Fwp%2Fv2%2Fcategories&post=40419"},{"taxonomy":"post_tag","embeddable":true,"href":"https:\/\/contraluzcucuta.co\/index.php?rest_route=%2Fwp%2Fv2%2Ftags&post=40419"}],"curies":[{"name":"wp","href":"https:\/\/api.w.org\/{rel}","templated":true}]}}