{"id":40346,"date":"2024-01-27T06:14:19","date_gmt":"2024-01-27T11:14:19","guid":{"rendered":"https:\/\/contraluzcucuta.co\/?p=40346"},"modified":"2024-01-27T06:14:19","modified_gmt":"2024-01-27T11:14:19","slug":"pamplona-150-hectareas-afectadas-por-incendios","status":"publish","type":"post","link":"https:\/\/contraluzcucuta.co\/?p=40346","title":{"rendered":"PAMPLONA. 150 hect\u00e1reas afectadas por incendios"},"content":{"rendered":"<p style=\"padding-left: 40px; text-align: right;\"><strong><span style=\"color: #ff9900;\">C\u00daCUTA.- \u201cEl da\u00f1o ambiental es tremendo. Vamos a hacer lo que sea necesario para la recuperaci\u00f3n de todo el material vegetal\u201d afectado por las llamas, dijo el gobernador William Villamizar. Imparti\u00f3 instrucciones para atender de manera urgente la emergencia por medio de la Secretar\u00eda de Gesti\u00f3n del Riesgo de Desastres.<\/span><\/strong><\/p>\n<p><a href=\"https:\/\/contraluzcucuta.co\/wp-content\/uploads\/2024\/01\/INCENDIO-PAMPLONA-2.jpeg\"><img loading=\"lazy\" decoding=\"async\" class=\"alignnone size-medium wp-image-40348 alignleft\" src=\"https:\/\/contraluzcucuta.co\/wp-content\/uploads\/2024\/01\/INCENDIO-PAMPLONA-2-300x225.jpeg\" alt=\"\" width=\"300\" height=\"225\" srcset=\"https:\/\/contraluzcucuta.co\/wp-content\/uploads\/2024\/01\/INCENDIO-PAMPLONA-2-300x225.jpeg 300w, https:\/\/contraluzcucuta.co\/wp-content\/uploads\/2024\/01\/INCENDIO-PAMPLONA-2-600x450.jpeg 600w, https:\/\/contraluzcucuta.co\/wp-content\/uploads\/2024\/01\/INCENDIO-PAMPLONA-2-1024x768.jpeg 1024w, https:\/\/contraluzcucuta.co\/wp-content\/uploads\/2024\/01\/INCENDIO-PAMPLONA-2-768x576.jpeg 768w, https:\/\/contraluzcucuta.co\/wp-content\/uploads\/2024\/01\/INCENDIO-PAMPLONA-2.jpeg 1280w\" sizes=\"auto, (max-width: 300px) 100vw, 300px\" \/><\/a><\/p>\n<p>Pidi\u00f3 que cesen las quemas controladas para evitar m\u00e1s da\u00f1os al medio ambiente. En comunicaci\u00f3n con el gobierno central propuso avanzar en la gesti\u00f3n de equipos que permitan controlar la conflagraci\u00f3n.<\/p>\n<p>Defensa Civil, Cruz Roja, Polic\u00eda, Ej\u00e9rcito y Bomberos han sido actores clave para prevenir mayores estragos ambientales en la regi\u00f3n.<\/p>\n<p>Al concluir la evaluaci\u00f3n, en l\u00edmites con C\u00e1cota, el alcalde de Pamplona, Klaus Faber, reconoci\u00f3 las acciones del mandatario departamental quien inst\u00f3 a la colaboraci\u00f3n de la ciudadan\u00eda y a la importancia de concientizar sobre el calentamiento global, as\u00ed como a la imperiosa necesidad de proteger el medio ambiente en el contexto del cambio clim\u00e1tico.<\/p>\n<p>El gobernador William Villamizar, el brigadier general Jos\u00e9 James Roa y el coronel Jhon Robert Chavarro, de la Polic\u00eda Departamental, sobrevolaron la vereda Fontib\u00f3n (Pamplona), afectada por los incendios forestales.<\/p>\n","protected":false},"excerpt":{"rendered":"<p>C\u00daCUTA.- \u201cEl da\u00f1o ambiental es tremendo. Vamos a hacer lo que sea necesario para la recuperaci\u00f3n de todo el material vegetal\u201d afectado por las llamas, dijo el gobernador William Villamizar. Imparti\u00f3 instrucciones para atender de manera urgente la emergencia por medio de la Secretar\u00eda de Gesti\u00f3n del Riesgo de Desastres. Pidi\u00f3 que cesen las quemas &hellip;<\/p>\n","protected":false},"author":1,"featured_media":40347,"comment_status":"open","ping_status":"open","sticky":false,"template":"","format":"standard","meta":{"footnotes":""},"categories":[4,32],"tags":[413,5995,2869],"class_list":["post-40346","post","type-post","status-publish","format-standard","has-post-thumbnail","hentry","category-barra","category-recorrido-por-la-region","tag-incendios-en-cucuta","tag-incendios-en-norte-de-santander","tag-incendios-forestales-en-norte-de-santander"],"_links":{"self":[{"href":"https:\/\/contraluzcucuta.co\/index.php?rest_route=\/wp\/v2\/posts\/40346","targetHints":{"allow":["GET"]}}],"collection":[{"href":"https:\/\/contraluzcucuta.co\/index.php?rest_route=\/wp\/v2\/posts"}],"about":[{"href":"https:\/\/contraluzcucuta.co\/index.php?rest_route=\/wp\/v2\/types\/post"}],"author":[{"embeddable":true,"href":"https:\/\/contraluzcucuta.co\/index.php?rest_route=\/wp\/v2\/users\/1"}],"replies":[{"embeddable":true,"href":"https:\/\/contraluzcucuta.co\/index.php?rest_route=%2Fwp%2Fv2%2Fcomments&post=40346"}],"version-history":[{"count":1,"href":"https:\/\/contraluzcucuta.co\/index.php?rest_route=\/wp\/v2\/posts\/40346\/revisions"}],"predecessor-version":[{"id":40349,"href":"https:\/\/contraluzcucuta.co\/index.php?rest_route=\/wp\/v2\/posts\/40346\/revisions\/40349"}],"wp:featuredmedia":[{"embeddable":true,"href":"https:\/\/contraluzcucuta.co\/index.php?rest_route=\/wp\/v2\/media\/40347"}],"wp:attachment":[{"href":"https:\/\/contraluzcucuta.co\/index.php?rest_route=%2Fwp%2Fv2%2Fmedia&parent=40346"}],"wp:term":[{"taxonomy":"category","embeddable":true,"href":"https:\/\/contraluzcucuta.co\/index.php?rest_route=%2Fwp%2Fv2%2Fcategories&post=40346"},{"taxonomy":"post_tag","embeddable":true,"href":"https:\/\/contraluzcucuta.co\/index.php?rest_route=%2Fwp%2Fv2%2Ftags&post=40346"}],"curies":[{"name":"wp","href":"https:\/\/api.w.org\/{rel}","templated":true}]}}