{"id":40339,"date":"2024-01-27T05:39:07","date_gmt":"2024-01-27T10:39:07","guid":{"rendered":"https:\/\/contraluzcucuta.co\/?p=40339"},"modified":"2024-01-27T05:39:07","modified_gmt":"2024-01-27T10:39:07","slug":"comite-de-gestion-cucuta-esta-en-alerta-naranja-por-el-nino","status":"publish","type":"post","link":"https:\/\/contraluzcucuta.co\/?p=40339","title":{"rendered":"COMIT\u00c9 DE GESTI\u00d3N. C\u00facuta est\u00e1 en alerta naranja por El Ni\u00f1o"},"content":{"rendered":"<p style=\"padding-left: 40px; text-align: right;\"><strong><span style=\"color: #ff9900;\">C\u00daCUTA.- Las autoridades ambientales locales esperan que el evento clim\u00e1tico tenga efectos en la ciudad entre enero y marzo. Este fen\u00f3meno, acompa\u00f1ado de fuertes olas de calor, puede causar incendios forestales y desabastecimiento h\u00eddrico.<\/span><\/strong><\/p>\n<p>La administraci\u00f3n municipal ha alertado a la ciudadan\u00eda para que sea parte activa en la mitigaci\u00f3n del riesgo. Los miembros del Comit\u00e9 de Gesti\u00f3n del Riesgo de Desastres han puesto capacidades t\u00e9cnicas y log\u00edsticas para atender cualquier emergencia en el municipio.<\/p>\n<p>\u201cLos organismos de socorro, la institucionalidad y las empresas de servicios p\u00fablicos estamos articulando esfuerzos para fortalecer la capacidad de respuesta ante estas situaciones\u201d, dijo el secretario de Gesti\u00f3n del Riesgo de Desastres.<\/p>\n<p>Hasta la fecha no se han registrado incendios forestales ni desabastecimiento de agua en la ciudad. La invitaci\u00f3n a la ciudadan\u00eda es a tomar precauciones y permanecer atenta a cualquier eventualidad.<\/p>\n","protected":false},"excerpt":{"rendered":"<p>C\u00daCUTA.- Las autoridades ambientales locales esperan que el evento clim\u00e1tico tenga efectos en la ciudad entre enero y marzo. Este fen\u00f3meno, acompa\u00f1ado de fuertes olas de calor, puede causar incendios forestales y desabastecimiento h\u00eddrico. La administraci\u00f3n municipal ha alertado a la ciudadan\u00eda para que sea parte activa en la mitigaci\u00f3n del riesgo. Los miembros del &hellip;<\/p>\n","protected":false},"author":1,"featured_media":40340,"comment_status":"open","ping_status":"open","sticky":false,"template":"","format":"standard","meta":{"footnotes":""},"categories":[2625,4],"tags":[226,5993],"class_list":["post-40339","post","type-post","status-publish","format-standard","has-post-thumbnail","hentry","category-alcaldia-de-cucuta","category-barra","tag-alcaldia-de-cucuta","tag-comite-de-gestion-del-riesgo"],"_links":{"self":[{"href":"https:\/\/contraluzcucuta.co\/index.php?rest_route=\/wp\/v2\/posts\/40339","targetHints":{"allow":["GET"]}}],"collection":[{"href":"https:\/\/contraluzcucuta.co\/index.php?rest_route=\/wp\/v2\/posts"}],"about":[{"href":"https:\/\/contraluzcucuta.co\/index.php?rest_route=\/wp\/v2\/types\/post"}],"author":[{"embeddable":true,"href":"https:\/\/contraluzcucuta.co\/index.php?rest_route=\/wp\/v2\/users\/1"}],"replies":[{"embeddable":true,"href":"https:\/\/contraluzcucuta.co\/index.php?rest_route=%2Fwp%2Fv2%2Fcomments&post=40339"}],"version-history":[{"count":1,"href":"https:\/\/contraluzcucuta.co\/index.php?rest_route=\/wp\/v2\/posts\/40339\/revisions"}],"predecessor-version":[{"id":40341,"href":"https:\/\/contraluzcucuta.co\/index.php?rest_route=\/wp\/v2\/posts\/40339\/revisions\/40341"}],"wp:featuredmedia":[{"embeddable":true,"href":"https:\/\/contraluzcucuta.co\/index.php?rest_route=\/wp\/v2\/media\/40340"}],"wp:attachment":[{"href":"https:\/\/contraluzcucuta.co\/index.php?rest_route=%2Fwp%2Fv2%2Fmedia&parent=40339"}],"wp:term":[{"taxonomy":"category","embeddable":true,"href":"https:\/\/contraluzcucuta.co\/index.php?rest_route=%2Fwp%2Fv2%2Fcategories&post=40339"},{"taxonomy":"post_tag","embeddable":true,"href":"https:\/\/contraluzcucuta.co\/index.php?rest_route=%2Fwp%2Fv2%2Ftags&post=40339"}],"curies":[{"name":"wp","href":"https:\/\/api.w.org\/{rel}","templated":true}]}}