{"id":40334,"date":"2024-01-27T05:19:33","date_gmt":"2024-01-27T10:19:33","guid":{"rendered":"https:\/\/contraluzcucuta.co\/?p=40334"},"modified":"2024-01-27T05:21:04","modified_gmt":"2024-01-27T10:21:04","slug":"comfanorte-69-familias-cumplieron-el-sueno-de-tener-casa-propia","status":"publish","type":"post","link":"https:\/\/contraluzcucuta.co\/?p=40334","title":{"rendered":"COMFANORTE. 69 familias cumplieron el sue\u00f1o de tener casa propia"},"content":{"rendered":"<p style=\"padding-left: 40px; text-align: right;\"><strong><span style=\"color: #ff9900;\">C\u00daCUTA.- La entrega de cartas de asignaci\u00f3n de la segunda convocatoria del Subsidio de Vivienda 2023 marca el comienzo de un nuevo cap\u00edtulo en la vida de los beneficiarios. El total de recursos asignados ascendi\u00f3 a $ 2.347,8 millones, que se destinar\u00e1n a proyectos de vivienda nueva, construcci\u00f3n en sitio propio y mejoramiento del inmueble existente en los sectores urbano y rural<\/span><\/strong><\/p>\n<p><a href=\"https:\/\/contraluzcucuta.co\/wp-content\/uploads\/2024\/01\/COMFANORTE-VIVIENDA-2.jpeg\"><img loading=\"lazy\" decoding=\"async\" class=\"alignnone size-medium wp-image-40336 alignleft\" src=\"https:\/\/contraluzcucuta.co\/wp-content\/uploads\/2024\/01\/COMFANORTE-VIVIENDA-2-300x200.jpeg\" alt=\"\" width=\"300\" height=\"200\" srcset=\"https:\/\/contraluzcucuta.co\/wp-content\/uploads\/2024\/01\/COMFANORTE-VIVIENDA-2-300x200.jpeg 300w, https:\/\/contraluzcucuta.co\/wp-content\/uploads\/2024\/01\/COMFANORTE-VIVIENDA-2-600x400.jpeg 600w, https:\/\/contraluzcucuta.co\/wp-content\/uploads\/2024\/01\/COMFANORTE-VIVIENDA-2-1024x682.jpeg 1024w, https:\/\/contraluzcucuta.co\/wp-content\/uploads\/2024\/01\/COMFANORTE-VIVIENDA-2-768x512.jpeg 768w, https:\/\/contraluzcucuta.co\/wp-content\/uploads\/2024\/01\/COMFANORTE-VIVIENDA-2-1536x1023.jpeg 1536w, https:\/\/contraluzcucuta.co\/wp-content\/uploads\/2024\/01\/COMFANORTE-VIVIENDA-2.jpeg 1600w\" sizes=\"auto, (max-width: 300px) 100vw, 300px\" \/><\/a><\/p>\n<p>El director administrativo Oscar Guillermo Gerardino expres\u00f3 que &#8220;es enriquecedor ver que hoy se materializa el inicio de la posibilidad de tener casa propia\u201d. Se mostr\u00f3 convencido de que los beneficiarios del proyecto so\u00f1aron con este espacio para los hijos y la familia, donde construir\u00e1n momentos inolvidables rodeados de amor y de amigos.<\/p>\n<p>Yeny Yurley Cruz, favorecida en esta convocatoria para el sector rural, agradeci\u00f3 el incentivo financiero. \u201cRecibo esta carta de asignaci\u00f3n con alegr\u00eda. Agradezco a Dios y a Comfanorte por hacer mi sue\u00f1o realidad. Invito a los afiliados del sector rural para que se postulen oportunamente durante este a\u00f1o a alguna de las tres convocatorias\u201d<\/p>\n<p>Para la primera convocatoria del 2024, el plazo de inscripci\u00f3n es hasta el 8 de marzo.<\/p>\n","protected":false},"excerpt":{"rendered":"<p>C\u00daCUTA.- La entrega de cartas de asignaci\u00f3n de la segunda convocatoria del Subsidio de Vivienda 2023 marca el comienzo de un nuevo cap\u00edtulo en la vida de los beneficiarios. El total de recursos asignados ascendi\u00f3 a $ 2.347,8 millones, que se destinar\u00e1n a proyectos de vivienda nueva, construcci\u00f3n en sitio propio y mejoramiento del inmueble &hellip;<\/p>\n","protected":false},"author":1,"featured_media":40335,"comment_status":"open","ping_status":"open","sticky":false,"template":"","format":"standard","meta":{"footnotes":""},"categories":[4,36],"tags":[5991,202,5992],"class_list":["post-40334","post","type-post","status-publish","format-standard","has-post-thumbnail","hentry","category-barra","category-la-voz-del-pueblo","tag-casa-propia","tag-comfanorte","tag-oscar-gerardino"],"_links":{"self":[{"href":"https:\/\/contraluzcucuta.co\/index.php?rest_route=\/wp\/v2\/posts\/40334","targetHints":{"allow":["GET"]}}],"collection":[{"href":"https:\/\/contraluzcucuta.co\/index.php?rest_route=\/wp\/v2\/posts"}],"about":[{"href":"https:\/\/contraluzcucuta.co\/index.php?rest_route=\/wp\/v2\/types\/post"}],"author":[{"embeddable":true,"href":"https:\/\/contraluzcucuta.co\/index.php?rest_route=\/wp\/v2\/users\/1"}],"replies":[{"embeddable":true,"href":"https:\/\/contraluzcucuta.co\/index.php?rest_route=%2Fwp%2Fv2%2Fcomments&post=40334"}],"version-history":[{"count":1,"href":"https:\/\/contraluzcucuta.co\/index.php?rest_route=\/wp\/v2\/posts\/40334\/revisions"}],"predecessor-version":[{"id":40337,"href":"https:\/\/contraluzcucuta.co\/index.php?rest_route=\/wp\/v2\/posts\/40334\/revisions\/40337"}],"wp:featuredmedia":[{"embeddable":true,"href":"https:\/\/contraluzcucuta.co\/index.php?rest_route=\/wp\/v2\/media\/40335"}],"wp:attachment":[{"href":"https:\/\/contraluzcucuta.co\/index.php?rest_route=%2Fwp%2Fv2%2Fmedia&parent=40334"}],"wp:term":[{"taxonomy":"category","embeddable":true,"href":"https:\/\/contraluzcucuta.co\/index.php?rest_route=%2Fwp%2Fv2%2Fcategories&post=40334"},{"taxonomy":"post_tag","embeddable":true,"href":"https:\/\/contraluzcucuta.co\/index.php?rest_route=%2Fwp%2Fv2%2Ftags&post=40334"}],"curies":[{"name":"wp","href":"https:\/\/api.w.org\/{rel}","templated":true}]}}