{"id":40328,"date":"2024-01-27T05:02:34","date_gmt":"2024-01-27T10:02:34","guid":{"rendered":"https:\/\/contraluzcucuta.co\/?p=40328"},"modified":"2024-01-27T05:02:34","modified_gmt":"2024-01-27T10:02:34","slug":"conversaciones-de-entre-casa-mi-primer-premio-fue-una-mudita-de-ropa-sharith-ascanio","status":"publish","type":"post","link":"https:\/\/contraluzcucuta.co\/?p=40328","title":{"rendered":"CONVERSACIONES DE ENTRE CASA.\u00a0Mi primer premio fue una mudita de ropa: Sharith Ascanio"},"content":{"rendered":"<p style=\"padding-left: 40px; text-align: right;\"><strong><span style=\"color: #ff9900;\">C\u00daCUTA.- Est\u00e1 a punto de convertirse en quincea\u00f1era y ha alcanzado algunas estrellas. Estudia en noveno grado y destaca en el colegio por su afici\u00f3n por la declamaci\u00f3n. Es hija de desplazados por el conflicto y tiene entre sus maestros a v\u00edctimas de este fen\u00f3meno social. Aprendi\u00f3 a escuchar videos en los que recitaban poemas y asimil\u00f3 la entonaci\u00f3n.<\/span><\/strong><\/p>\n<p><a href=\"https:\/\/contraluzcucuta.co\/wp-content\/uploads\/2024\/01\/SHARITH-ASCANIO-1.jpeg\"><img loading=\"lazy\" decoding=\"async\" class=\"alignnone size-medium wp-image-40330 alignleft\" src=\"https:\/\/contraluzcucuta.co\/wp-content\/uploads\/2024\/01\/SHARITH-ASCANIO-1-225x300.jpeg\" alt=\"\" width=\"225\" height=\"300\" srcset=\"https:\/\/contraluzcucuta.co\/wp-content\/uploads\/2024\/01\/SHARITH-ASCANIO-1-225x300.jpeg 225w, https:\/\/contraluzcucuta.co\/wp-content\/uploads\/2024\/01\/SHARITH-ASCANIO-1-600x800.jpeg 600w, https:\/\/contraluzcucuta.co\/wp-content\/uploads\/2024\/01\/SHARITH-ASCANIO-1-768x1024.jpeg 768w, https:\/\/contraluzcucuta.co\/wp-content\/uploads\/2024\/01\/SHARITH-ASCANIO-1-1152x1536.jpeg 1152w, https:\/\/contraluzcucuta.co\/wp-content\/uploads\/2024\/01\/SHARITH-ASCANIO-1.jpeg 1200w\" sizes=\"auto, (max-width: 225px) 100vw, 225px\" \/><\/a><\/p>\n<p>A Sharith Natalia Ascanio Vaca le gusta declamar. Esa pasi\u00f3n la ha llevado a buscar historias reales para transmitirlas al auditorio y hacer que quienes la escuchan las vivan como sucedieron. El maltrato femenino, las confrontaciones b\u00e9licas y los desamores hacen parte del repertorio que interpreta.<\/p>\n<p>La voz d\u00e9bil se transforma en el momento de contar esos hechos. Cada frase suena melodiosa para que el oyente se compenetre palabra a palabra y deje despertar el sentimiento atascado en el interior. El objetivo es que las miradas se crucen y se comprendan, hasta convertirse en c\u00f3mplices del poema que flota en el aire. Por estas razones es que no tiene inter\u00e9s por lo ficticio.<\/p>\n<ul>\n<li><em>No pensaba llegar tan lejos. Aqu\u00ed en C\u00facuta no hay d\u00f3nde declamar. Voy a tomar la disciplina, de manera emp\u00edrica, de trabajar en esto.<\/em><\/li>\n<\/ul>\n<p>En Villa del Rosario encontr\u00f3 el camino para entusiasmarse. Particip\u00f3 en un concurso que ten\u00eda como premio \u2018una mudita de ropa\u2019. Deb\u00eda declamar una poes\u00eda y termin\u00f3 ganando mucho m\u00e1s que el pantal\u00f3n, la camisa y los zapatos, con valor comercial de $ 200.000. Ese fue el primer premio que alcanz\u00f3 con la voz natural y el ingenio para compartir la sensibilidad.<\/p>\n<p>El reconocimiento la hizo pensar en que deb\u00eda crecer en cuanto a la lectura. Y as\u00ed fue. Marc\u00f3 el comienzo del trayecto que ha recorrido, aunque corto, con la mirada puesta en la meta de ser reconocida en la regi\u00f3n, el pa\u00eds y el exterior por ser la cucute\u00f1a declamadora.<\/p>\n<p><a href=\"https:\/\/contraluzcucuta.co\/wp-content\/uploads\/2024\/01\/SHARITH-ASCANIO-7.jpeg\"><img loading=\"lazy\" decoding=\"async\" class=\"alignnone size-medium wp-image-40331 alignleft\" src=\"https:\/\/contraluzcucuta.co\/wp-content\/uploads\/2024\/01\/SHARITH-ASCANIO-7-300x225.jpeg\" alt=\"\" width=\"300\" height=\"225\" srcset=\"https:\/\/contraluzcucuta.co\/wp-content\/uploads\/2024\/01\/SHARITH-ASCANIO-7-300x225.jpeg 300w, https:\/\/contraluzcucuta.co\/wp-content\/uploads\/2024\/01\/SHARITH-ASCANIO-7-600x450.jpeg 600w, https:\/\/contraluzcucuta.co\/wp-content\/uploads\/2024\/01\/SHARITH-ASCANIO-7-1024x768.jpeg 1024w, https:\/\/contraluzcucuta.co\/wp-content\/uploads\/2024\/01\/SHARITH-ASCANIO-7-768x576.jpeg 768w, https:\/\/contraluzcucuta.co\/wp-content\/uploads\/2024\/01\/SHARITH-ASCANIO-7-1536x1152.jpeg 1536w, https:\/\/contraluzcucuta.co\/wp-content\/uploads\/2024\/01\/SHARITH-ASCANIO-7.jpeg 1600w\" sizes=\"auto, (max-width: 300px) 100vw, 300px\" \/><\/a><\/p>\n<p>La fundaci\u00f3n Artes Emp\u00edricas, en el municipio hist\u00f3rico, le abri\u00f3 las puertas. Recibi\u00f3 el espaldarazo que requieren los artistas para despegar hacia ese universo que adormece en la mente y no encuentra salida a pesar de las cualidades innatas que se tienen. Aparecieron los \u00e1ngeles de la guarda y la catapultaron.<\/p>\n<p>Este aprendizaje, de la mano de tutores y protectores, empieza a darle r\u00e9ditos. D\u00edas atr\u00e1s estuvo en Cali, en representaci\u00f3n de Norte de Santander, para actuar delante de un p\u00fablico exigente por lo desconocido. A su lado, otros ni\u00f1os con id\u00e9nticas condiciones y aspiraciones en este mundo de la cultura.<\/p>\n<ul>\n<li><em>Me sent\u00ed muy bien. Me hice amiga de todos los ni\u00f1os. Eso me gust\u00f3. No eran repelentes, todos amables. Los organizadores me corrigieron lo que hac\u00eda declamando.<\/em><\/li>\n<\/ul>\n<p>Detr\u00e1s de la meta alcanzada, siempre, est\u00e1 la a\u00f1adidura. Sharith Natalia mont\u00f3 por primera vez en avi\u00f3n. Un momento que no puede explicar con palabras.<\/p>\n<p><a href=\"https:\/\/contraluzcucuta.co\/wp-content\/uploads\/2024\/01\/SHARITH-ASCANIO-2.jpeg\"><img loading=\"lazy\" decoding=\"async\" class=\"alignnone size-medium wp-image-40332 alignleft\" src=\"https:\/\/contraluzcucuta.co\/wp-content\/uploads\/2024\/01\/SHARITH-ASCANIO-2-300x225.jpeg\" alt=\"\" width=\"300\" height=\"225\" srcset=\"https:\/\/contraluzcucuta.co\/wp-content\/uploads\/2024\/01\/SHARITH-ASCANIO-2-300x225.jpeg 300w, https:\/\/contraluzcucuta.co\/wp-content\/uploads\/2024\/01\/SHARITH-ASCANIO-2-600x450.jpeg 600w, https:\/\/contraluzcucuta.co\/wp-content\/uploads\/2024\/01\/SHARITH-ASCANIO-2-1024x768.jpeg 1024w, https:\/\/contraluzcucuta.co\/wp-content\/uploads\/2024\/01\/SHARITH-ASCANIO-2-768x576.jpeg 768w, https:\/\/contraluzcucuta.co\/wp-content\/uploads\/2024\/01\/SHARITH-ASCANIO-2-1536x1152.jpeg 1536w, https:\/\/contraluzcucuta.co\/wp-content\/uploads\/2024\/01\/SHARITH-ASCANIO-2.jpeg 1600w\" sizes=\"auto, (max-width: 300px) 100vw, 300px\" \/><\/a><\/p>\n<p>No escribe poes\u00eda, porque a\u00fan no le ha llegado la inspiraci\u00f3n. Reconoce que no es buena como escritora; adem\u00e1s, componer le lleva horas. Cuando crea un poema lo hace sin la m\u00e9trica usual, lo hace como le gusta, sin la rima entre l\u00edneas.<\/p>\n<p>A finales de la tercera d\u00e9cada del siglo XXI quiere verse como esa mujer a la que medio mundo reconoce por lo que hace en la tarima y los escenarios culturales a los que la inviten. Ayudar\u00e1 a las mujeres a empoderarse y a impulsarse en lo que cada una desee.<\/p>\n<ul>\n<li><em>Me gustar\u00eda llegar a la televisi\u00f3n y actuar, participar en pel\u00edculas, novelas, series. Algo que sue\u00f1o desde chiquitica es aparecer en televisi\u00f3n.<\/em><\/li>\n<\/ul>\n<p>A ra\u00edz de la declamaci\u00f3n aspira a que los directores la vean y la llamen y la contraten para grabar dos o tres escenas. Luego, aumentar la participaci\u00f3n para al final ser la protagonista de esa historia. Est\u00e1 segura de que caminar\u00e1 entre luces y c\u00e1maras, directores y actores, espectadores y productores. Si no es actriz, piensa en el ambiente del modelaje.<\/p>\n<p><strong>RAFAEL ANTONIO PAB\u00d3N<\/strong><\/p>\n<p><strong><a href=\"mailto:rafaelpabon58@hotmail.com\">rafaelpabon58@hotmail.com<\/a><\/strong><\/p>\n","protected":false},"excerpt":{"rendered":"<p>C\u00daCUTA.- Est\u00e1 a punto de convertirse en quincea\u00f1era y ha alcanzado algunas estrellas. Estudia en noveno grado y destaca en el colegio por su afici\u00f3n por la declamaci\u00f3n. Es hija de desplazados por el conflicto y tiene entre sus maestros a v\u00edctimas de este fen\u00f3meno social. Aprendi\u00f3 a escuchar videos en los que recitaban poemas &hellip;<\/p>\n","protected":false},"author":1,"featured_media":40329,"comment_status":"open","ping_status":"open","sticky":false,"template":"","format":"standard","meta":{"footnotes":""},"categories":[45,4],"tags":[5990,2929,5935],"class_list":["post-40328","post","type-post","status-publish","format-standard","has-post-thumbnail","hentry","category-destacado","category-barra","tag-artes-empiricas","tag-conversaciones-a-contraluz","tag-conversaciones-de-entre-casa"],"_links":{"self":[{"href":"https:\/\/contraluzcucuta.co\/index.php?rest_route=\/wp\/v2\/posts\/40328","targetHints":{"allow":["GET"]}}],"collection":[{"href":"https:\/\/contraluzcucuta.co\/index.php?rest_route=\/wp\/v2\/posts"}],"about":[{"href":"https:\/\/contraluzcucuta.co\/index.php?rest_route=\/wp\/v2\/types\/post"}],"author":[{"embeddable":true,"href":"https:\/\/contraluzcucuta.co\/index.php?rest_route=\/wp\/v2\/users\/1"}],"replies":[{"embeddable":true,"href":"https:\/\/contraluzcucuta.co\/index.php?rest_route=%2Fwp%2Fv2%2Fcomments&post=40328"}],"version-history":[{"count":1,"href":"https:\/\/contraluzcucuta.co\/index.php?rest_route=\/wp\/v2\/posts\/40328\/revisions"}],"predecessor-version":[{"id":40333,"href":"https:\/\/contraluzcucuta.co\/index.php?rest_route=\/wp\/v2\/posts\/40328\/revisions\/40333"}],"wp:featuredmedia":[{"embeddable":true,"href":"https:\/\/contraluzcucuta.co\/index.php?rest_route=\/wp\/v2\/media\/40329"}],"wp:attachment":[{"href":"https:\/\/contraluzcucuta.co\/index.php?rest_route=%2Fwp%2Fv2%2Fmedia&parent=40328"}],"wp:term":[{"taxonomy":"category","embeddable":true,"href":"https:\/\/contraluzcucuta.co\/index.php?rest_route=%2Fwp%2Fv2%2Fcategories&post=40328"},{"taxonomy":"post_tag","embeddable":true,"href":"https:\/\/contraluzcucuta.co\/index.php?rest_route=%2Fwp%2Fv2%2Ftags&post=40328"}],"curies":[{"name":"wp","href":"https:\/\/api.w.org\/{rel}","templated":true}]}}