{"id":40298,"date":"2024-01-23T20:37:11","date_gmt":"2024-01-24T01:37:11","guid":{"rendered":"https:\/\/contraluzcucuta.co\/?p=40298"},"modified":"2024-01-23T20:37:11","modified_gmt":"2024-01-24T01:37:11","slug":"bienes-inmuebles-sae-contribuira-con-objetivos-sociales","status":"publish","type":"post","link":"https:\/\/contraluzcucuta.co\/?p=40298","title":{"rendered":"BIENES INMUEBLES. SAE contribuir\u00e1 con objetivos sociales"},"content":{"rendered":"<p style=\"padding-left: 40px; text-align: right;\"><strong><span style=\"color: #ff9900;\">C\u00daCUTA.- Los bienes inmuebles o terrenos que posee la Sociedad de Activos Especiales en Norte de Santander podr\u00e1n ser utilizados para programas sociales, de sustituci\u00f3n de cultivos o en beneficio de las juntas de acci\u00f3n comunal.<\/span><\/strong><\/p>\n<p><a href=\"https:\/\/contraluzcucuta.co\/wp-content\/uploads\/2024\/01\/GOBERNADOR-SAE-3.jpg\"><img loading=\"lazy\" decoding=\"async\" class=\"alignnone size-medium wp-image-40300 alignleft\" src=\"https:\/\/contraluzcucuta.co\/wp-content\/uploads\/2024\/01\/GOBERNADOR-SAE-3-300x200.jpg\" alt=\"\" width=\"300\" height=\"200\" srcset=\"https:\/\/contraluzcucuta.co\/wp-content\/uploads\/2024\/01\/GOBERNADOR-SAE-3-300x200.jpg 300w, https:\/\/contraluzcucuta.co\/wp-content\/uploads\/2024\/01\/GOBERNADOR-SAE-3-600x400.jpg 600w, https:\/\/contraluzcucuta.co\/wp-content\/uploads\/2024\/01\/GOBERNADOR-SAE-3-1024x682.jpg 1024w, https:\/\/contraluzcucuta.co\/wp-content\/uploads\/2024\/01\/GOBERNADOR-SAE-3-768x511.jpg 768w, https:\/\/contraluzcucuta.co\/wp-content\/uploads\/2024\/01\/GOBERNADOR-SAE-3.jpg 1440w\" sizes=\"auto, (max-width: 300px) 100vw, 300px\" \/><\/a><\/p>\n<p>La buena nueva se conoci\u00f3 al t\u00e9rmino de la reuni\u00f3n entre el gobernador William Villamizar y el gerente regional de la SAE, Juan Carlos Bol\u00edvar. \u00a0\u201cEstamos haciendo ese an\u00e1lisis que nos va a permitir trabajar en equipo con el Gobierno para cumplir con nuestros objetivos\u201d, dijo el Gobernador.<\/p>\n<p>La administraci\u00f3n departamental celebr\u00f3 la visita por cuanto se espera solicitar de manera gratuita algunos bienes en la regi\u00f3n.<\/p>\n<p>El gerente Juan Carlos Bol\u00edvar manifest\u00f3 que optimismo para contribuir al desarrollo de programas sociales en Norte de Santander.<\/p>\n<p>\u201cHoy, trazamos una hoja de ruta clara, con objetivos claros que est\u00e1n alineados al Plan de Gobierno y al Plan de Desarrollo, lo cual para nosotros es estrat\u00e9gico\u201d, manifest\u00f3 Bol\u00edvar.<\/p>\n","protected":false},"excerpt":{"rendered":"<p>C\u00daCUTA.- Los bienes inmuebles o terrenos que posee la Sociedad de Activos Especiales en Norte de Santander podr\u00e1n ser utilizados para programas sociales, de sustituci\u00f3n de cultivos o en beneficio de las juntas de acci\u00f3n comunal. La buena nueva se conoci\u00f3 al t\u00e9rmino de la reuni\u00f3n entre el gobernador William Villamizar y el gerente regional &hellip;<\/p>\n","protected":false},"author":1,"featured_media":40299,"comment_status":"open","ping_status":"open","sticky":false,"template":"","format":"standard","meta":{"footnotes":""},"categories":[556,4],"tags":[379,2800,5983],"class_list":["post-40298","post","type-post","status-publish","format-standard","has-post-thumbnail","hentry","category-departamento","category-barra","tag-gobernacion-de-norte-de-santander","tag-gobernador-william-villamizar","tag-sociedad-de-activos-especiales"],"_links":{"self":[{"href":"https:\/\/contraluzcucuta.co\/index.php?rest_route=\/wp\/v2\/posts\/40298","targetHints":{"allow":["GET"]}}],"collection":[{"href":"https:\/\/contraluzcucuta.co\/index.php?rest_route=\/wp\/v2\/posts"}],"about":[{"href":"https:\/\/contraluzcucuta.co\/index.php?rest_route=\/wp\/v2\/types\/post"}],"author":[{"embeddable":true,"href":"https:\/\/contraluzcucuta.co\/index.php?rest_route=\/wp\/v2\/users\/1"}],"replies":[{"embeddable":true,"href":"https:\/\/contraluzcucuta.co\/index.php?rest_route=%2Fwp%2Fv2%2Fcomments&post=40298"}],"version-history":[{"count":1,"href":"https:\/\/contraluzcucuta.co\/index.php?rest_route=\/wp\/v2\/posts\/40298\/revisions"}],"predecessor-version":[{"id":40301,"href":"https:\/\/contraluzcucuta.co\/index.php?rest_route=\/wp\/v2\/posts\/40298\/revisions\/40301"}],"wp:featuredmedia":[{"embeddable":true,"href":"https:\/\/contraluzcucuta.co\/index.php?rest_route=\/wp\/v2\/media\/40299"}],"wp:attachment":[{"href":"https:\/\/contraluzcucuta.co\/index.php?rest_route=%2Fwp%2Fv2%2Fmedia&parent=40298"}],"wp:term":[{"taxonomy":"category","embeddable":true,"href":"https:\/\/contraluzcucuta.co\/index.php?rest_route=%2Fwp%2Fv2%2Fcategories&post=40298"},{"taxonomy":"post_tag","embeddable":true,"href":"https:\/\/contraluzcucuta.co\/index.php?rest_route=%2Fwp%2Fv2%2Ftags&post=40298"}],"curies":[{"name":"wp","href":"https:\/\/api.w.org\/{rel}","templated":true}]}}