{"id":40285,"date":"2024-01-23T19:44:16","date_gmt":"2024-01-24T00:44:16","guid":{"rendered":"https:\/\/contraluzcucuta.co\/?p=40285"},"modified":"2024-01-23T19:44:16","modified_gmt":"2024-01-24T00:44:16","slug":"decreto-0300-del-2019-pico-y-placa-se-mantiene-en-cucuta","status":"publish","type":"post","link":"https:\/\/contraluzcucuta.co\/?p=40285","title":{"rendered":"DECRETO 0300 DEL 2019. Pico y Placa se mantiene en C\u00facuta"},"content":{"rendered":"<p style=\"padding-left: 40px; text-align: right;\"><strong><span style=\"color: #ff9900;\">C\u00daCUTA. Continuar\u00e1 la estrategia de Pico y Placa, regulada por el Decreto 0300 de 2019. El prop\u00f3sito es reducir la congesti\u00f3n vehicular y aportar a la reducci\u00f3n de la contaminaci\u00f3n ambiental.<\/span><\/strong><\/p>\n<p><a href=\"https:\/\/contraluzcucuta.co\/wp-content\/uploads\/2024\/01\/PICO-Y-PLACA-6.jpg\"><img loading=\"lazy\" decoding=\"async\" class=\"alignnone size-medium wp-image-40287 alignleft\" src=\"https:\/\/contraluzcucuta.co\/wp-content\/uploads\/2024\/01\/PICO-Y-PLACA-6-300x200.jpg\" alt=\"\" width=\"300\" height=\"200\" srcset=\"https:\/\/contraluzcucuta.co\/wp-content\/uploads\/2024\/01\/PICO-Y-PLACA-6-300x200.jpg 300w, https:\/\/contraluzcucuta.co\/wp-content\/uploads\/2024\/01\/PICO-Y-PLACA-6-600x399.jpg 600w, https:\/\/contraluzcucuta.co\/wp-content\/uploads\/2024\/01\/PICO-Y-PLACA-6-768x511.jpg 768w, https:\/\/contraluzcucuta.co\/wp-content\/uploads\/2024\/01\/PICO-Y-PLACA-6.jpg 894w\" sizes=\"auto, (max-width: 300px) 100vw, 300px\" \/><\/a><\/p>\n<p>El secretario de tr\u00e1nsito Albeiro Boh\u00f3rquez inform\u00f3 que el acto administrativo contin\u00faa sin modificaciones. \u201cPor ahora se mantiene igual, pero analizaremos desde la administraci\u00f3n municipal si la medida puede mejorarse\u201d.<\/p>\n<p>La restricci\u00f3n aplica para veh\u00edculos particulares de placa nacional (autom\u00f3viles, motocicletas, camionetas, camiones, volquetas) matriculados en los organismos de Tr\u00e1nsito de C\u00facuta, Villa Rosario, Los Patios y El Zulia.<\/p>\n<p><strong>Pol\u00edgono de la restricci\u00f3n<\/strong><\/p>\n<p>La medida tendr\u00e1 como pol\u00edgono el delimitado por las siguientes v\u00edas:<\/p>\n<ul>\n<li>Diagonal Santander desde la glorieta de la Terminal (no se incluye la glorieta) hasta llegar al cruce que conduce a la Avenida Libertadores (Centro de Negocios Ventura Reservado).<\/li>\n<li>Avenida Libertadores desde el cruce con Diagonal Santander sentido norte \u2013 sur (Corponor) hasta la calle 15.<\/li>\n<li>Calle 15 desde la Avenida 10 hasta la Avenida Libertadores.<\/li>\n<li>Avenida 10 desde la calle 2 hasta la calle 15.<\/li>\n<li>Calle 2 desde la avenida 10 hasta la avenida 7 del barrio El Callej\u00f3n.<\/li>\n<li>Avenida 7 desde la calle 2 hasta la Glorieta de la Terminal (no incluye la Glorieta).<\/li>\n<\/ul>\n<figure id=\"attachment_40288\" aria-describedby=\"caption-attachment-40288\" style=\"width: 300px\" class=\"wp-caption alignleft\"><a href=\"https:\/\/contraluzcucuta.co\/wp-content\/uploads\/2024\/01\/PICO-Y-PLACA-3.jpg\"><img loading=\"lazy\" decoding=\"async\" class=\"size-medium wp-image-40288\" src=\"https:\/\/contraluzcucuta.co\/wp-content\/uploads\/2024\/01\/PICO-Y-PLACA-3-300x300.jpg\" alt=\"\" width=\"300\" height=\"300\" srcset=\"https:\/\/contraluzcucuta.co\/wp-content\/uploads\/2024\/01\/PICO-Y-PLACA-3-300x300.jpg 300w, https:\/\/contraluzcucuta.co\/wp-content\/uploads\/2024\/01\/PICO-Y-PLACA-3-100x100.jpg 100w, https:\/\/contraluzcucuta.co\/wp-content\/uploads\/2024\/01\/PICO-Y-PLACA-3-600x600.jpg 600w, https:\/\/contraluzcucuta.co\/wp-content\/uploads\/2024\/01\/PICO-Y-PLACA-3-1024x1024.jpg 1024w, https:\/\/contraluzcucuta.co\/wp-content\/uploads\/2024\/01\/PICO-Y-PLACA-3-150x150.jpg 150w, https:\/\/contraluzcucuta.co\/wp-content\/uploads\/2024\/01\/PICO-Y-PLACA-3-768x768.jpg 768w, https:\/\/contraluzcucuta.co\/wp-content\/uploads\/2024\/01\/PICO-Y-PLACA-3-1536x1536.jpg 1536w, https:\/\/contraluzcucuta.co\/wp-content\/uploads\/2024\/01\/PICO-Y-PLACA-3.jpg 1600w\" sizes=\"auto, (max-width: 300px) 100vw, 300px\" \/><\/a><figcaption id=\"caption-attachment-40288\" class=\"wp-caption-text\">Gr\u00e1fico: Prensa Alcald\u00eda<\/figcaption><\/figure>\n<p>La circulaci\u00f3n estar\u00e1 restringida de lunes a viernes en los siguientes horarios:<\/p>\n<ul>\n<li>7:30 a 9:00 de la ma\u00f1ana. Entre las 11:30 de la ma\u00f1ana hasta la 1:30 de la tarde y desde las 4:30 de la tarde a las 7:00 de la noche.<\/li>\n<\/ul>\n<p>Para los veh\u00edculos de placa extranjera o de municipios diferentes al \u00c1rea Metropolitana de C\u00facuta, el Placa D\u00eda aplica en toda la ciudad, entre las 7:00 de la ma\u00f1ana y las 7:00 de la noche.<\/p>\n<p>El pico y placa no regir\u00e1 durante los fines de semana, ni los d\u00edas festivos establecidos por Ley, o cuando excepcionalmente lo indique la autoridad competente.<\/p>\n<p>Tambi\u00e9n se mantendr\u00e1 la prohibici\u00f3n para taxis, de lunes a viernes, entre las 7:00 de la ma\u00f1ana y las 11:00 de la noche seg\u00fan el \u00faltimo digito de la placa.<\/p>\n","protected":false},"excerpt":{"rendered":"<p>C\u00daCUTA. Continuar\u00e1 la estrategia de Pico y Placa, regulada por el Decreto 0300 de 2019. El prop\u00f3sito es reducir la congesti\u00f3n vehicular y aportar a la reducci\u00f3n de la contaminaci\u00f3n ambiental. El secretario de tr\u00e1nsito Albeiro Boh\u00f3rquez inform\u00f3 que el acto administrativo contin\u00faa sin modificaciones. \u201cPor ahora se mantiene igual, pero analizaremos desde la administraci\u00f3n &hellip;<\/p>\n","protected":false},"author":1,"featured_media":40286,"comment_status":"open","ping_status":"open","sticky":false,"template":"","format":"standard","meta":{"footnotes":""},"categories":[2625,4],"tags":[226,434,2436],"class_list":["post-40285","post","type-post","status-publish","format-standard","has-post-thumbnail","hentry","category-alcaldia-de-cucuta","category-barra","tag-alcaldia-de-cucuta","tag-pico-y-placa-en-cucuta","tag-secretaria-de-transito"],"_links":{"self":[{"href":"https:\/\/contraluzcucuta.co\/index.php?rest_route=\/wp\/v2\/posts\/40285","targetHints":{"allow":["GET"]}}],"collection":[{"href":"https:\/\/contraluzcucuta.co\/index.php?rest_route=\/wp\/v2\/posts"}],"about":[{"href":"https:\/\/contraluzcucuta.co\/index.php?rest_route=\/wp\/v2\/types\/post"}],"author":[{"embeddable":true,"href":"https:\/\/contraluzcucuta.co\/index.php?rest_route=\/wp\/v2\/users\/1"}],"replies":[{"embeddable":true,"href":"https:\/\/contraluzcucuta.co\/index.php?rest_route=%2Fwp%2Fv2%2Fcomments&post=40285"}],"version-history":[{"count":1,"href":"https:\/\/contraluzcucuta.co\/index.php?rest_route=\/wp\/v2\/posts\/40285\/revisions"}],"predecessor-version":[{"id":40289,"href":"https:\/\/contraluzcucuta.co\/index.php?rest_route=\/wp\/v2\/posts\/40285\/revisions\/40289"}],"wp:featuredmedia":[{"embeddable":true,"href":"https:\/\/contraluzcucuta.co\/index.php?rest_route=\/wp\/v2\/media\/40286"}],"wp:attachment":[{"href":"https:\/\/contraluzcucuta.co\/index.php?rest_route=%2Fwp%2Fv2%2Fmedia&parent=40285"}],"wp:term":[{"taxonomy":"category","embeddable":true,"href":"https:\/\/contraluzcucuta.co\/index.php?rest_route=%2Fwp%2Fv2%2Fcategories&post=40285"},{"taxonomy":"post_tag","embeddable":true,"href":"https:\/\/contraluzcucuta.co\/index.php?rest_route=%2Fwp%2Fv2%2Ftags&post=40285"}],"curies":[{"name":"wp","href":"https:\/\/api.w.org\/{rel}","templated":true}]}}