{"id":40280,"date":"2024-01-23T19:28:43","date_gmt":"2024-01-24T00:28:43","guid":{"rendered":"https:\/\/contraluzcucuta.co\/?p=40280"},"modified":"2024-01-23T19:28:43","modified_gmt":"2024-01-24T00:28:43","slug":"en-voz-alta-este-es-un-reto-que-me-cae-muy-bien-y-me-encanta-martha-maria-reyes","status":"publish","type":"post","link":"https:\/\/contraluzcucuta.co\/?p=40280","title":{"rendered":"EN VOZ ALTA. Este es un reto que me cae muy bien, y me encanta: Martha Mar\u00eda Reyes"},"content":{"rendered":"<p style=\"padding-left: 40px; text-align: right;\"><strong><span style=\"color: #ff9900;\">C\u00daCUTA.- La carta astral de Martha Mar\u00eda dec\u00eda que en la familia Reyes Parra nacer\u00eda una ni\u00f1a que con el tiempo ser\u00eda periodista, secretaria general de la Alcald\u00eda, directora de Indenorte, Contralora Municipal, secretaria de Cultura y\u2026 Los puntos suspensivos anuncian que algo vendr\u00e1 y llegar\u00e1 en el debido momento.<\/span><\/strong><\/p>\n<p><a href=\"https:\/\/contraluzcucuta.co\/wp-content\/uploads\/2024\/01\/MARTHA-MARIA-REYES-1.jpeg\"><img loading=\"lazy\" decoding=\"async\" class=\"alignnone size-medium wp-image-40282 alignleft\" src=\"https:\/\/contraluzcucuta.co\/wp-content\/uploads\/2024\/01\/MARTHA-MARIA-REYES-1-225x300.jpeg\" alt=\"\" width=\"225\" height=\"300\" srcset=\"https:\/\/contraluzcucuta.co\/wp-content\/uploads\/2024\/01\/MARTHA-MARIA-REYES-1-225x300.jpeg 225w, https:\/\/contraluzcucuta.co\/wp-content\/uploads\/2024\/01\/MARTHA-MARIA-REYES-1-600x800.jpeg 600w, https:\/\/contraluzcucuta.co\/wp-content\/uploads\/2024\/01\/MARTHA-MARIA-REYES-1-768x1024.jpeg 768w, https:\/\/contraluzcucuta.co\/wp-content\/uploads\/2024\/01\/MARTHA-MARIA-REYES-1.jpeg 960w\" sizes=\"auto, (max-width: 225px) 100vw, 225px\" \/><\/a><\/p>\n<p><em>\u201cEste es un reto que me cae muy bien, y me encanta. Es un salto diferente. Los periodistas tenemos que nos arropamos con un poquito de todo en el bagaje cultural y nos sentimos afines con estos espacios culturales\u201d. \u00a0\u00a0<\/em><\/p>\n<p><strong>\u00bfCon qu\u00e9 expectativas lleg\u00f3 a la secretar\u00eda de Cultura?<\/strong><\/p>\n<p><em>De aprovechar el gran momento para valernos de la cultura como ejes de transformaci\u00f3n social. Que podamos aportar desde la cultura para mejorar tres asuntos importantes:<\/em><\/p>\n<ul>\n<li><em>La salud mental. La cultura es la mejor aliada para ayudar a los ciudadanos. <\/em><\/li>\n<li><em>Construir y reconstruir proyectos de vida.<\/em><\/li>\n<li><em>El rescate de las tradiciones culturales.<\/em><\/li>\n<\/ul>\n<p><strong>\u00a0\u00bfC\u00f3mo ser\u00e1 la proyecci\u00f3n de la Secretar\u00eda en los 40 municipios de Norte de Santander?<\/strong><\/p>\n<p><em>La secretar\u00eda act\u00faa como gestora ante los municipios. La proyecci\u00f3n es revisar el Plan de Desarrollo cu\u00e1les son las inquietudes de los alcaldes con respecto al patrimonio cultural. Revisar que podemos llegar m\u00e1s all\u00e1 de los formadores y mirar en qu\u00e9 bienes muebles e inmuebles funcionan las Casas de la Cultura para ayudar a legalizarlos.<\/em><\/p>\n<p><em>Establecer v\u00ednculos con los alcaldes para mostrarles de qu\u00e9 otra manera podemos jalonar recursos por medio de la Secretar\u00eda t fortalecer los procesos culturales de cada municipio.<\/em><\/p>\n<p><a href=\"https:\/\/contraluzcucuta.co\/wp-content\/uploads\/2024\/01\/MARTHA-MARIA-REYES-4.jpg\"><img loading=\"lazy\" decoding=\"async\" class=\"alignnone size-medium wp-image-40283 alignleft\" src=\"https:\/\/contraluzcucuta.co\/wp-content\/uploads\/2024\/01\/MARTHA-MARIA-REYES-4-300x193.jpg\" alt=\"\" width=\"300\" height=\"193\" srcset=\"https:\/\/contraluzcucuta.co\/wp-content\/uploads\/2024\/01\/MARTHA-MARIA-REYES-4-300x193.jpg 300w, https:\/\/contraluzcucuta.co\/wp-content\/uploads\/2024\/01\/MARTHA-MARIA-REYES-4-600x387.jpg 600w, https:\/\/contraluzcucuta.co\/wp-content\/uploads\/2024\/01\/MARTHA-MARIA-REYES-4-768x495.jpg 768w, https:\/\/contraluzcucuta.co\/wp-content\/uploads\/2024\/01\/MARTHA-MARIA-REYES-4.jpg 935w\" sizes=\"auto, (max-width: 300px) 100vw, 300px\" \/><\/a><\/p>\n<p><strong>\u00bfLa poblaci\u00f3n art\u00edstica es dif\u00edcil?<\/strong><\/p>\n<p><em>Es diversa. El artista por su naturaleza se esfuerza por plasmar las ideas en un poema, en un libro, en un lienzo o en el escenario. El artista siente que no le valoran el aporte que est\u00e1 haci\u00e9ndole a la sociedad. Estamos en el momento crucial de mejorar los espacios comunitarios. <\/em><\/p>\n<p><strong>\u00bfTiene alg\u00fan monumento en mente para rescatar?<\/strong><\/p>\n<p><em>Empezamos por esta casa. La Torre del Reloj necesita reparaci\u00f3n para darle nueva vida. Queremos elaborar un proyecto para la ruta del ferrocarril, porque es un aporte importante para la historia de Colombia. El puente Real de Chitag\u00e1 por la historia que guarda.<\/em><\/p>\n<p>RAFAEL ANTONIO PAB\u00d3N<\/p>\n<p>rafaelpabon58@hotmail.com<\/p>\n","protected":false},"excerpt":{"rendered":"<p>C\u00daCUTA.- La carta astral de Martha Mar\u00eda dec\u00eda que en la familia Reyes Parra nacer\u00eda una ni\u00f1a que con el tiempo ser\u00eda periodista, secretaria general de la Alcald\u00eda, directora de Indenorte, Contralora Municipal, secretaria de Cultura y\u2026 Los puntos suspensivos anuncian que algo vendr\u00e1 y llegar\u00e1 en el debido momento. \u201cEste es un reto que &hellip;<\/p>\n","protected":false},"author":1,"featured_media":40281,"comment_status":"open","ping_status":"open","sticky":false,"template":"","format":"standard","meta":{"footnotes":""},"categories":[45,4],"tags":[3474,4760,2891],"class_list":["post-40280","post","type-post","status-publish","format-standard","has-post-thumbnail","hentry","category-destacado","category-barra","tag-casa-de-la-cultura","tag-martha-maria-reyes","tag-secretaria-de-cultura-de-norte-de-santander"],"_links":{"self":[{"href":"https:\/\/contraluzcucuta.co\/index.php?rest_route=\/wp\/v2\/posts\/40280","targetHints":{"allow":["GET"]}}],"collection":[{"href":"https:\/\/contraluzcucuta.co\/index.php?rest_route=\/wp\/v2\/posts"}],"about":[{"href":"https:\/\/contraluzcucuta.co\/index.php?rest_route=\/wp\/v2\/types\/post"}],"author":[{"embeddable":true,"href":"https:\/\/contraluzcucuta.co\/index.php?rest_route=\/wp\/v2\/users\/1"}],"replies":[{"embeddable":true,"href":"https:\/\/contraluzcucuta.co\/index.php?rest_route=%2Fwp%2Fv2%2Fcomments&post=40280"}],"version-history":[{"count":1,"href":"https:\/\/contraluzcucuta.co\/index.php?rest_route=\/wp\/v2\/posts\/40280\/revisions"}],"predecessor-version":[{"id":40284,"href":"https:\/\/contraluzcucuta.co\/index.php?rest_route=\/wp\/v2\/posts\/40280\/revisions\/40284"}],"wp:featuredmedia":[{"embeddable":true,"href":"https:\/\/contraluzcucuta.co\/index.php?rest_route=\/wp\/v2\/media\/40281"}],"wp:attachment":[{"href":"https:\/\/contraluzcucuta.co\/index.php?rest_route=%2Fwp%2Fv2%2Fmedia&parent=40280"}],"wp:term":[{"taxonomy":"category","embeddable":true,"href":"https:\/\/contraluzcucuta.co\/index.php?rest_route=%2Fwp%2Fv2%2Fcategories&post=40280"},{"taxonomy":"post_tag","embeddable":true,"href":"https:\/\/contraluzcucuta.co\/index.php?rest_route=%2Fwp%2Fv2%2Ftags&post=40280"}],"curies":[{"name":"wp","href":"https:\/\/api.w.org\/{rel}","templated":true}]}}