{"id":40276,"date":"2024-01-23T05:05:40","date_gmt":"2024-01-23T10:05:40","guid":{"rendered":"https:\/\/contraluzcucuta.co\/?p=40276"},"modified":"2024-01-23T05:05:40","modified_gmt":"2024-01-23T10:05:40","slug":"ojo-avizor-parque-lineal-sera-complejo-deportivo","status":"publish","type":"post","link":"https:\/\/contraluzcucuta.co\/?p=40276","title":{"rendered":"OJO AVIZOR. Parque lineal ser\u00e1 Complejo Deportivo"},"content":{"rendered":"<p style=\"padding-left: 40px; text-align: right;\"><strong><span style=\"color: #ff9900;\">C\u00daCUTA.- Este escenario, que remplaz\u00f3 a la antigua plaza de mercado La Sexta, no ha corrido con suerte. Desde los comienzos hubo tropiezos para darle la vida social que se ten\u00eda planeada. Los habitantes de calle lo tomaron por asalto y, a pesar de las jornadas de desalojo, se quedaron por siempre.<\/span><\/strong><\/p>\n<p>En una ocasi\u00f3n David Bonels propuso el embellecimiento del parque con carpas para mejorar la vista del lugar. La idea, que despeg\u00f3 con fuerza, se diluy\u00f3 en el tiempo y los habitantes d calle retornaron para pernoctar sin Dios ni ley.<\/p>\n<p>Ahora, el gobierno cucute\u00f1o vuelve a ponerle el ojo para propender por la recuperaci\u00f3n del espacio p\u00fablico. La nueva propuesta es convertirlo en complejo deportivo para cambiarle la imagen.<\/p>\n<p><a href=\"https:\/\/contraluzcucuta.co\/wp-content\/uploads\/2024\/01\/CC-LA-MERCED-4.jpg\"><img loading=\"lazy\" decoding=\"async\" class=\"alignnone size-medium wp-image-40278 alignleft\" src=\"https:\/\/contraluzcucuta.co\/wp-content\/uploads\/2024\/01\/CC-LA-MERCED-4-300x214.jpg\" alt=\"\" width=\"300\" height=\"214\" srcset=\"https:\/\/contraluzcucuta.co\/wp-content\/uploads\/2024\/01\/CC-LA-MERCED-4-300x214.jpg 300w, https:\/\/contraluzcucuta.co\/wp-content\/uploads\/2024\/01\/CC-LA-MERCED-4-600x429.jpg 600w, https:\/\/contraluzcucuta.co\/wp-content\/uploads\/2024\/01\/CC-LA-MERCED-4-768x549.jpg 768w, https:\/\/contraluzcucuta.co\/wp-content\/uploads\/2024\/01\/CC-LA-MERCED-4.jpg 799w\" sizes=\"auto, (max-width: 300px) 100vw, 300px\" \/><\/a><\/p>\n<p><strong>Antigua C\u00e1rcel Modelo<\/strong><\/p>\n<p>Otra propuesta salida del Palacio Municipal es devolver las dependencias de Gobierno y Seguridad Ciudadana al Centro Comercial Las Mercedes, antigua C\u00e1rcel Modelo de C\u00facuta. La intenci\u00f3n es que ese territorio, dise\u00f1ado para mejorar el entorno del Parque Lineal sea aprovechado por los cucute\u00f1os. \u201cLos recursos que se necesiten los vamos a poner\u201d, dijo el alcalde Jorge Acevedo.<\/p>\n<p>&nbsp;<\/p>\n","protected":false},"excerpt":{"rendered":"<p>C\u00daCUTA.- Este escenario, que remplaz\u00f3 a la antigua plaza de mercado La Sexta, no ha corrido con suerte. Desde los comienzos hubo tropiezos para darle la vida social que se ten\u00eda planeada. Los habitantes de calle lo tomaron por asalto y, a pesar de las jornadas de desalojo, se quedaron por siempre. En una ocasi\u00f3n &hellip;<\/p>\n","protected":false},"author":1,"featured_media":40277,"comment_status":"open","ping_status":"open","sticky":false,"template":"","format":"standard","meta":{"footnotes":""},"categories":[28],"tags":[5950,226,5979,2385],"class_list":["post-40276","post","type-post","status-publish","format-standard","has-post-thumbnail","hentry","category-vistazo-deportivo","tag-alcalde-jorge-acevedo","tag-alcaldia-de-cucuta","tag-complejo-deportivo","tag-parque-lineal-de-cucuta"],"_links":{"self":[{"href":"https:\/\/contraluzcucuta.co\/index.php?rest_route=\/wp\/v2\/posts\/40276","targetHints":{"allow":["GET"]}}],"collection":[{"href":"https:\/\/contraluzcucuta.co\/index.php?rest_route=\/wp\/v2\/posts"}],"about":[{"href":"https:\/\/contraluzcucuta.co\/index.php?rest_route=\/wp\/v2\/types\/post"}],"author":[{"embeddable":true,"href":"https:\/\/contraluzcucuta.co\/index.php?rest_route=\/wp\/v2\/users\/1"}],"replies":[{"embeddable":true,"href":"https:\/\/contraluzcucuta.co\/index.php?rest_route=%2Fwp%2Fv2%2Fcomments&post=40276"}],"version-history":[{"count":1,"href":"https:\/\/contraluzcucuta.co\/index.php?rest_route=\/wp\/v2\/posts\/40276\/revisions"}],"predecessor-version":[{"id":40279,"href":"https:\/\/contraluzcucuta.co\/index.php?rest_route=\/wp\/v2\/posts\/40276\/revisions\/40279"}],"wp:featuredmedia":[{"embeddable":true,"href":"https:\/\/contraluzcucuta.co\/index.php?rest_route=\/wp\/v2\/media\/40277"}],"wp:attachment":[{"href":"https:\/\/contraluzcucuta.co\/index.php?rest_route=%2Fwp%2Fv2%2Fmedia&parent=40276"}],"wp:term":[{"taxonomy":"category","embeddable":true,"href":"https:\/\/contraluzcucuta.co\/index.php?rest_route=%2Fwp%2Fv2%2Fcategories&post=40276"},{"taxonomy":"post_tag","embeddable":true,"href":"https:\/\/contraluzcucuta.co\/index.php?rest_route=%2Fwp%2Fv2%2Ftags&post=40276"}],"curies":[{"name":"wp","href":"https:\/\/api.w.org\/{rel}","templated":true}]}}