{"id":40267,"date":"2024-01-22T21:09:29","date_gmt":"2024-01-23T02:09:29","guid":{"rendered":"https:\/\/contraluzcucuta.co\/?p=40267"},"modified":"2024-01-22T21:09:29","modified_gmt":"2024-01-23T02:09:29","slug":"seguridad-alcalde-jorge-acevedo-amenazado","status":"publish","type":"post","link":"https:\/\/contraluzcucuta.co\/?p=40267","title":{"rendered":"SEGURIDAD. Alcalde Jorge Acevedo, amenazado"},"content":{"rendered":"<p style=\"padding-left: 40px; text-align: right;\"><strong><span style=\"color: #ff9900;\">C\u00daCUTA.- Desde los d\u00edas de campa\u00f1a, Jorge Acevedo les declar\u00f3 la guerra a los delincuentes y en varias oportunidades anunci\u00f3 que quienes deber\u00e1n sentir miedo deber\u00edan ser los malhechores. A ra\u00edz de esas declaraciones y al llamado a las autoridades judiciales para trabajar por la tranquilidad de la comunidad, recibi\u00f3 amenazas.<\/span><\/strong><\/p>\n<p><a href=\"https:\/\/contraluzcucuta.co\/wp-content\/uploads\/2024\/01\/ALCALDE-AMENAZAS-2.jpeg\"><img loading=\"lazy\" decoding=\"async\" class=\"alignnone size-medium wp-image-40269 alignleft\" src=\"https:\/\/contraluzcucuta.co\/wp-content\/uploads\/2024\/01\/ALCALDE-AMENAZAS-2-300x169.jpeg\" alt=\"\" width=\"300\" height=\"169\" srcset=\"https:\/\/contraluzcucuta.co\/wp-content\/uploads\/2024\/01\/ALCALDE-AMENAZAS-2-300x169.jpeg 300w, https:\/\/contraluzcucuta.co\/wp-content\/uploads\/2024\/01\/ALCALDE-AMENAZAS-2-600x338.jpeg 600w, https:\/\/contraluzcucuta.co\/wp-content\/uploads\/2024\/01\/ALCALDE-AMENAZAS-2-1024x576.jpeg 1024w, https:\/\/contraluzcucuta.co\/wp-content\/uploads\/2024\/01\/ALCALDE-AMENAZAS-2-768x432.jpeg 768w, https:\/\/contraluzcucuta.co\/wp-content\/uploads\/2024\/01\/ALCALDE-AMENAZAS-2-1536x864.jpeg 1536w, https:\/\/contraluzcucuta.co\/wp-content\/uploads\/2024\/01\/ALCALDE-AMENAZAS-2.jpeg 1600w\" sizes=\"auto, (max-width: 300px) 100vw, 300px\" \/><\/a><\/p>\n<p>\u201cAnoche manifestaron amenazas en mi contra\u201d, dijo el gobernante local en la Ciudadela de Bel\u00e9n, hasta donde lleg\u00f3 para felicitar a los miembros de la Polic\u00eda Metropolitana por la captura de un sujeto implicado en el asesinato de otro hombre en el Canal Bogot\u00e1. Inculp\u00f3 de las amenazas de muerte a la estructura venezolana \u2018El Tren de Aragua\u2019.<\/p>\n<p>\u201cQuiero decirles que a nosotros no nos amedrantan, que vamos a dar una lucha de frente contra todas las bandas criminales, sin asco y sin miedo\u201d, dijo Acevedo Pe\u00f1alosa. Anunci\u00f3 que tiene el respaldo de los empresarios y de la ciudadan\u00eda para devolverles la normalidad en las actividades diarias a los cucute\u00f1os<\/p>\n<p>El asesinato del habitante de la calle, a pu\u00f1aladas, a manos de un hombre y sus c\u00f3mplices tiene como causal el microtr\u00e1fico. El alcalde Acevedo solicit\u00f3 a la comandante de la Mecuc, coronel Sandra Mora, dar con el paradero de los responsables y perseguir y capturar a los que encabezan estas redes de microtr\u00e1fico en el centro de la ciudad.<\/p>\n","protected":false},"excerpt":{"rendered":"<p>C\u00daCUTA.- Desde los d\u00edas de campa\u00f1a, Jorge Acevedo les declar\u00f3 la guerra a los delincuentes y en varias oportunidades anunci\u00f3 que quienes deber\u00e1n sentir miedo deber\u00edan ser los malhechores. A ra\u00edz de esas declaraciones y al llamado a las autoridades judiciales para trabajar por la tranquilidad de la comunidad, recibi\u00f3 amenazas. \u201cAnoche manifestaron amenazas en &hellip;<\/p>\n","protected":false},"author":1,"featured_media":40268,"comment_status":"open","ping_status":"open","sticky":false,"template":"","format":"standard","meta":{"footnotes":""},"categories":[2625,4],"tags":[5950,5977],"class_list":["post-40267","post","type-post","status-publish","format-standard","has-post-thumbnail","hentry","category-alcaldia-de-cucuta","category-barra","tag-alcalde-jorge-acevedo","tag-delincuencia-en-cucuta"],"_links":{"self":[{"href":"https:\/\/contraluzcucuta.co\/index.php?rest_route=\/wp\/v2\/posts\/40267","targetHints":{"allow":["GET"]}}],"collection":[{"href":"https:\/\/contraluzcucuta.co\/index.php?rest_route=\/wp\/v2\/posts"}],"about":[{"href":"https:\/\/contraluzcucuta.co\/index.php?rest_route=\/wp\/v2\/types\/post"}],"author":[{"embeddable":true,"href":"https:\/\/contraluzcucuta.co\/index.php?rest_route=\/wp\/v2\/users\/1"}],"replies":[{"embeddable":true,"href":"https:\/\/contraluzcucuta.co\/index.php?rest_route=%2Fwp%2Fv2%2Fcomments&post=40267"}],"version-history":[{"count":1,"href":"https:\/\/contraluzcucuta.co\/index.php?rest_route=\/wp\/v2\/posts\/40267\/revisions"}],"predecessor-version":[{"id":40270,"href":"https:\/\/contraluzcucuta.co\/index.php?rest_route=\/wp\/v2\/posts\/40267\/revisions\/40270"}],"wp:featuredmedia":[{"embeddable":true,"href":"https:\/\/contraluzcucuta.co\/index.php?rest_route=\/wp\/v2\/media\/40268"}],"wp:attachment":[{"href":"https:\/\/contraluzcucuta.co\/index.php?rest_route=%2Fwp%2Fv2%2Fmedia&parent=40267"}],"wp:term":[{"taxonomy":"category","embeddable":true,"href":"https:\/\/contraluzcucuta.co\/index.php?rest_route=%2Fwp%2Fv2%2Fcategories&post=40267"},{"taxonomy":"post_tag","embeddable":true,"href":"https:\/\/contraluzcucuta.co\/index.php?rest_route=%2Fwp%2Fv2%2Ftags&post=40267"}],"curies":[{"name":"wp","href":"https:\/\/api.w.org\/{rel}","templated":true}]}}