{"id":40263,"date":"2024-01-22T20:59:32","date_gmt":"2024-01-23T01:59:32","guid":{"rendered":"https:\/\/contraluzcucuta.co\/?p=40263"},"modified":"2024-01-22T20:59:51","modified_gmt":"2024-01-23T01:59:51","slug":"fenomeno-el-nino-incendios-ponen-a-prueba-a-los-bomberos","status":"publish","type":"post","link":"https:\/\/contraluzcucuta.co\/?p=40263","title":{"rendered":"FEN\u00d3MENO EL NI\u00d1O. Incendios ponen a prueba a los bomberos"},"content":{"rendered":"<p style=\"padding-left: 40px; text-align: right;\"><strong><span style=\"color: #ff9900;\">C\u00daCUTA.- El Cuerpo de Bomberos de C\u00facuta ha tenido trabajo en los \u00faltimos d\u00edas. En diferentes puntos de la ciudad han atendido incendios que han puesto en riesgo la vida de los cucute\u00f1os. El que llam\u00f3 m\u00e1s la atenci\u00f3n fue el que afect\u00f3 al templo y la casa cural de la parroquia Divino Ni\u00f1o.<\/span><\/strong><\/p>\n<p><a href=\"https:\/\/contraluzcucuta.co\/wp-content\/uploads\/2024\/01\/INCENDIO-CLINICA-1.jpeg\"><img loading=\"lazy\" decoding=\"async\" class=\"alignnone size-medium wp-image-40265 alignleft\" src=\"https:\/\/contraluzcucuta.co\/wp-content\/uploads\/2024\/01\/INCENDIO-CLINICA-1-300x169.jpeg\" alt=\"\" width=\"300\" height=\"169\" srcset=\"https:\/\/contraluzcucuta.co\/wp-content\/uploads\/2024\/01\/INCENDIO-CLINICA-1-300x169.jpeg 300w, https:\/\/contraluzcucuta.co\/wp-content\/uploads\/2024\/01\/INCENDIO-CLINICA-1-600x338.jpeg 600w, https:\/\/contraluzcucuta.co\/wp-content\/uploads\/2024\/01\/INCENDIO-CLINICA-1-1024x576.jpeg 1024w, https:\/\/contraluzcucuta.co\/wp-content\/uploads\/2024\/01\/INCENDIO-CLINICA-1-768x432.jpeg 768w, https:\/\/contraluzcucuta.co\/wp-content\/uploads\/2024\/01\/INCENDIO-CLINICA-1.jpeg 1280w\" sizes=\"auto, (max-width: 300px) 100vw, 300px\" \/><\/a><\/p>\n<p>A esa emergencia se suman la ocurrida en el estacionamiento de la cl\u00ednica M\u00e9dical Duarte, el 22 de enero. La intensidad de los rayos solares prendi\u00f3 el pasto seco y provoc\u00f3 la llamarada. Los da\u00f1os materiales fueron menores, especialmente en la estructura de protecci\u00f3n para los veh\u00edculos.<\/p>\n<p>El 21 de enero, se registr\u00f3 un incendio estructural en un grupo de viviendas del barrio Carlos Garc\u00eda Lozada (Comuna 5). Funcionarios de la secretar\u00eda de Gesti\u00f3n del Riesgo, Polic\u00eda y organismos de socorro acudieron al lugar.<\/p>\n<p>Una casa result\u00f3 con da\u00f1o total y en otras dos la afectaci\u00f3n fue parcial. Al lugar asistieron cuatro unidades de Polic\u00eda, cuatro funcionarios de la Secretar\u00eda de Gesti\u00f3n del Riesgo y 16 unidades de bomberos. Se emplearon tres unidades contraincendios, dos de log\u00edsticas, una de aire y una ambulancia de la Cruz Roja para controlar la emergencia.<\/p>\n<p>Hasta el momento no se tienen claras las causas y se adelantan los estudios pertinentes.<\/p>\n","protected":false},"excerpt":{"rendered":"<p>C\u00daCUTA.- El Cuerpo de Bomberos de C\u00facuta ha tenido trabajo en los \u00faltimos d\u00edas. En diferentes puntos de la ciudad han atendido incendios que han puesto en riesgo la vida de los cucute\u00f1os. El que llam\u00f3 m\u00e1s la atenci\u00f3n fue el que afect\u00f3 al templo y la casa cural de la parroquia Divino Ni\u00f1o. A &hellip;<\/p>\n","protected":false},"author":1,"featured_media":40264,"comment_status":"open","ping_status":"open","sticky":false,"template":"","format":"standard","meta":{"footnotes":""},"categories":[11,4],"tags":[2893,2118,413],"class_list":["post-40263","post","type-post","status-publish","format-standard","has-post-thumbnail","hentry","category-cronica-roja","category-barra","tag-cronica-roja","tag-cuerpo-de-bomberos-de-cucuta","tag-incendios-en-cucuta"],"_links":{"self":[{"href":"https:\/\/contraluzcucuta.co\/index.php?rest_route=\/wp\/v2\/posts\/40263","targetHints":{"allow":["GET"]}}],"collection":[{"href":"https:\/\/contraluzcucuta.co\/index.php?rest_route=\/wp\/v2\/posts"}],"about":[{"href":"https:\/\/contraluzcucuta.co\/index.php?rest_route=\/wp\/v2\/types\/post"}],"author":[{"embeddable":true,"href":"https:\/\/contraluzcucuta.co\/index.php?rest_route=\/wp\/v2\/users\/1"}],"replies":[{"embeddable":true,"href":"https:\/\/contraluzcucuta.co\/index.php?rest_route=%2Fwp%2Fv2%2Fcomments&post=40263"}],"version-history":[{"count":1,"href":"https:\/\/contraluzcucuta.co\/index.php?rest_route=\/wp\/v2\/posts\/40263\/revisions"}],"predecessor-version":[{"id":40266,"href":"https:\/\/contraluzcucuta.co\/index.php?rest_route=\/wp\/v2\/posts\/40263\/revisions\/40266"}],"wp:featuredmedia":[{"embeddable":true,"href":"https:\/\/contraluzcucuta.co\/index.php?rest_route=\/wp\/v2\/media\/40264"}],"wp:attachment":[{"href":"https:\/\/contraluzcucuta.co\/index.php?rest_route=%2Fwp%2Fv2%2Fmedia&parent=40263"}],"wp:term":[{"taxonomy":"category","embeddable":true,"href":"https:\/\/contraluzcucuta.co\/index.php?rest_route=%2Fwp%2Fv2%2Fcategories&post=40263"},{"taxonomy":"post_tag","embeddable":true,"href":"https:\/\/contraluzcucuta.co\/index.php?rest_route=%2Fwp%2Fv2%2Ftags&post=40263"}],"curies":[{"name":"wp","href":"https:\/\/api.w.org\/{rel}","templated":true}]}}