{"id":40257,"date":"2024-01-22T20:49:12","date_gmt":"2024-01-23T01:49:12","guid":{"rendered":"https:\/\/contraluzcucuta.co\/?p=40257"},"modified":"2024-01-22T20:49:12","modified_gmt":"2024-01-23T01:49:12","slug":"conversaciones-de-entre-casa-no-salgo-a-ninguna-parte-sin-camara-alvaro-sanchez-vargas","status":"publish","type":"post","link":"https:\/\/contraluzcucuta.co\/?p=40257","title":{"rendered":"CONVERSACIONES DE ENTRE CASA. No salgo a ninguna parte sin c\u00e1mara: \u00a0\u00c1lvaro S\u00e1nchez Vargas"},"content":{"rendered":"<p style=\"padding-left: 40px; text-align: right;\"><strong><span style=\"color: #ff9900;\">C\u00daCUTA.- Sobre la mesa del comedor, en la sala del apartamento, hay 50 o 60 cuadros \u2018patas arriba\u2019 y se disputan el espacio del mueble. Est\u00e1n ah\u00ed, puestos al azar, sin mayor orden y sin jerarqu\u00eda. Son im\u00e1genes de cualquier parte del mundo que ha captado \u00c1lvaro S\u00e1nchez Vargas a lo largo y ancho del planeta.<\/span><\/strong><\/p>\n<p><a href=\"https:\/\/contraluzcucuta.co\/wp-content\/uploads\/2024\/01\/ALVARO-SANCHEZ-VARGAS-2.jpeg\"><img loading=\"lazy\" decoding=\"async\" class=\"alignnone size-medium wp-image-40259 alignleft\" src=\"https:\/\/contraluzcucuta.co\/wp-content\/uploads\/2024\/01\/ALVARO-SANCHEZ-VARGAS-2-300x225.jpeg\" alt=\"\" width=\"300\" height=\"225\" srcset=\"https:\/\/contraluzcucuta.co\/wp-content\/uploads\/2024\/01\/ALVARO-SANCHEZ-VARGAS-2-300x225.jpeg 300w, https:\/\/contraluzcucuta.co\/wp-content\/uploads\/2024\/01\/ALVARO-SANCHEZ-VARGAS-2-600x450.jpeg 600w, https:\/\/contraluzcucuta.co\/wp-content\/uploads\/2024\/01\/ALVARO-SANCHEZ-VARGAS-2-1024x768.jpeg 1024w, https:\/\/contraluzcucuta.co\/wp-content\/uploads\/2024\/01\/ALVARO-SANCHEZ-VARGAS-2-768x576.jpeg 768w, https:\/\/contraluzcucuta.co\/wp-content\/uploads\/2024\/01\/ALVARO-SANCHEZ-VARGAS-2.jpeg 1280w\" sizes=\"auto, (max-width: 300px) 100vw, 300px\" \/><\/a><\/p>\n<p>El peregrino de la fotograf\u00eda, como lo defini\u00f3 Guillermo Maldonado P\u00e9rez en la presentaci\u00f3n del libro que recoge momentos de los viajes a todas las ciudades y a ninguna. Va, observa, apunta y dispara. Despu\u00e9s, se regocija con la copia, la trabaja, la imprime y la convierte en obra.<\/p>\n<p>De ni\u00f1o, tuvo contacto con las c\u00e1maras de su padre, el m\u00e9dico Alirio S\u00e1nchez; de joven, les tom\u00f3 gusto a los equipos que congelan instantes, y de adulto, encontr\u00f3 en el tel\u00e9fono celular el c\u00f3mplice ideal para darle rienda suelta a esta afici\u00f3n, que el tiempo transform\u00f3 en pasi\u00f3n.<\/p>\n<p>Su padre usaba las c\u00e1maras m\u00e1s finas de la \u00e9poca. Eran alemanas y an\u00e1logas. Despu\u00e9s, \u00c1lvaro adquiri\u00f3 la Zenith, an\u00e1loga, y la Cannon. Todo aquello que ve\u00eda y le gustaba era declarado objetivo fotogr\u00e1fico. No tuvo un maestro para perfeccionar el conocimiento y la mirada. Uno le aporta esto, otro, aquello. Y as\u00ed va, aprendiendo aqu\u00ed y all\u00e1.<\/p>\n<ul>\n<li><em>Hice un curso de rostros con un profesor de aqu\u00ed, un fot\u00f3grafo. <\/em><\/li>\n<\/ul>\n<p>El contrasentido es que a las personas no les toma fotos, aunque hay un par de excepciones. Est\u00e1n ah\u00ed, pegadas a la pared, cada una con un relato escondido. Son mujeres bonitas que bien val\u00eda fotografiarlas.<\/p>\n<p><a href=\"https:\/\/contraluzcucuta.co\/wp-content\/uploads\/2024\/01\/ALVARO-SANCHEZ-VARGAS-7.jpeg\"><img loading=\"lazy\" decoding=\"async\" class=\"alignnone size-medium wp-image-40260 alignleft\" src=\"https:\/\/contraluzcucuta.co\/wp-content\/uploads\/2024\/01\/ALVARO-SANCHEZ-VARGAS-7-300x225.jpeg\" alt=\"\" width=\"300\" height=\"225\" srcset=\"https:\/\/contraluzcucuta.co\/wp-content\/uploads\/2024\/01\/ALVARO-SANCHEZ-VARGAS-7-300x225.jpeg 300w, https:\/\/contraluzcucuta.co\/wp-content\/uploads\/2024\/01\/ALVARO-SANCHEZ-VARGAS-7-600x450.jpeg 600w, https:\/\/contraluzcucuta.co\/wp-content\/uploads\/2024\/01\/ALVARO-SANCHEZ-VARGAS-7-1024x768.jpeg 1024w, https:\/\/contraluzcucuta.co\/wp-content\/uploads\/2024\/01\/ALVARO-SANCHEZ-VARGAS-7-768x576.jpeg 768w, https:\/\/contraluzcucuta.co\/wp-content\/uploads\/2024\/01\/ALVARO-SANCHEZ-VARGAS-7.jpeg 1280w\" sizes=\"auto, (max-width: 300px) 100vw, 300px\" \/><\/a><\/p>\n<p>El sal\u00f3n no tiene apariencia de galer\u00eda, porque no es un lugar en el que se haga una exposici\u00f3n. Hay cuadros colgados, recostados, en la mesa, sobrepuestos y dejados por ah\u00ed. Cada uno guarda una historia. A \u00c1lvaro le basta con voltearlo para recitar el nombre del sitio geogr\u00e1fico o de la ciudad a la que pertenece esa edificaci\u00f3n o del pa\u00eds donde est\u00e1 esa monta\u00f1a.<\/p>\n<p>Antes llevaba a donde fuera el malet\u00edn cargado de lentes; ahora, le basta tener un buen tel\u00e9fono celular para seguir recre\u00e1ndose mientras hace fotograf\u00edas. Tal vez no tenga la cuenta de los pa\u00edses recorridos, tampoco sabe cu\u00e1ntos le faltan por visitar. Recuerda.<\/p>\n<ul>\n<li><em>Estuvimos cinco horas en Estocolmo, para ir a Mosc\u00fa. No tom\u00e9 fotos, porque no ten\u00eda la c\u00e1mara. Ahora no salgo a ninguna parte sin c\u00e1mara.<\/em><\/li>\n<\/ul>\n<p>La arquitectura y las fachadas de casas y edificios est\u00e1n entre los puntos predilectos para dirigir el visor.<\/p>\n<p>Entre los proyectos que tiene para dar a conocer la versatilidad de la obra, piensa en una exposici\u00f3n con caracter\u00edsticas particulares. No servir\u00e1 para vender los cuadros, sino para repartirlos entre los asistentes. Todav\u00eda no se sabe qu\u00e9 se debe hacer para quedarse con un registro de cualquier lugar del universo. En el debido momento lo comunicar\u00e1.<\/p>\n<p><a href=\"https:\/\/contraluzcucuta.co\/wp-content\/uploads\/2024\/01\/ALVARO-SANCHEZ-VARGAS-3.jpeg\"><img loading=\"lazy\" decoding=\"async\" class=\"alignnone size-medium wp-image-40261 alignleft\" src=\"https:\/\/contraluzcucuta.co\/wp-content\/uploads\/2024\/01\/ALVARO-SANCHEZ-VARGAS-3-300x225.jpeg\" alt=\"\" width=\"300\" height=\"225\" srcset=\"https:\/\/contraluzcucuta.co\/wp-content\/uploads\/2024\/01\/ALVARO-SANCHEZ-VARGAS-3-300x225.jpeg 300w, https:\/\/contraluzcucuta.co\/wp-content\/uploads\/2024\/01\/ALVARO-SANCHEZ-VARGAS-3-600x450.jpeg 600w, https:\/\/contraluzcucuta.co\/wp-content\/uploads\/2024\/01\/ALVARO-SANCHEZ-VARGAS-3-1024x768.jpeg 1024w, https:\/\/contraluzcucuta.co\/wp-content\/uploads\/2024\/01\/ALVARO-SANCHEZ-VARGAS-3-768x576.jpeg 768w, https:\/\/contraluzcucuta.co\/wp-content\/uploads\/2024\/01\/ALVARO-SANCHEZ-VARGAS-3.jpeg 1280w\" sizes=\"auto, (max-width: 300px) 100vw, 300px\" \/><\/a><\/p>\n<ul>\n<li><em>Ser\u00e1n regalados, porque para comerciantes no result\u00e9.<\/em><\/li>\n<\/ul>\n<p>\u00c9pocas atr\u00e1s, apasionarse por la fotograf\u00eda resultaba oneroso. Adem\u00e1s de la c\u00e1mara, hab\u00eda que comprar los rollos, pagar por el revelado o montar el estudio en casa. Entonces, ten\u00eda que equiparse, adquirir los qu\u00edmicos y otros elementos indispensables para trabajar.<\/p>\n<p>Ahora, uno de los cuadros que hay sobre la mesa puede costar $ 20.000. Est\u00e1n impresos en material resistente. Si se enmarcan, el precio sube a los $ 150.000.<\/p>\n<p>Los libros que ha impreso para recoger las fotos que m\u00e1s le gustan tienen una particularidad. Edita solo un ejemplar, el que muestra en la mesa de centro del apartamento. Una vida en im\u00e1genes recorre los a\u00f1os de \u00c1lvaro S\u00e1nchez, a manera de \u00e1lbum familiar.<\/p>\n<ul>\n<li><em>De pronto sale uno que diga grandes culturas ind\u00edgenas de Am\u00e9rica. <\/em><\/li>\n<\/ul>\n<p><strong>RAFAEL ANTONIO PAB\u00d3N<\/strong><\/p>\n<p><strong><a href=\"mailto:rafaelpabon58@hotmail.com\">rafaelpabon58@hotmail.com<\/a><\/strong><\/p>\n","protected":false},"excerpt":{"rendered":"<p>C\u00daCUTA.- Sobre la mesa del comedor, en la sala del apartamento, hay 50 o 60 cuadros \u2018patas arriba\u2019 y se disputan el espacio del mueble. Est\u00e1n ah\u00ed, puestos al azar, sin mayor orden y sin jerarqu\u00eda. Son im\u00e1genes de cualquier parte del mundo que ha captado \u00c1lvaro S\u00e1nchez Vargas a lo largo y ancho del &hellip;<\/p>\n","protected":false},"author":1,"featured_media":40258,"comment_status":"open","ping_status":"open","sticky":false,"template":"","format":"standard","meta":{"footnotes":""},"categories":[45,4],"tags":[5976,2929,5935],"class_list":["post-40257","post","type-post","status-publish","format-standard","has-post-thumbnail","hentry","category-destacado","category-barra","tag-alvaro-sanchez-vargas","tag-conversaciones-a-contraluz","tag-conversaciones-de-entre-casa"],"_links":{"self":[{"href":"https:\/\/contraluzcucuta.co\/index.php?rest_route=\/wp\/v2\/posts\/40257","targetHints":{"allow":["GET"]}}],"collection":[{"href":"https:\/\/contraluzcucuta.co\/index.php?rest_route=\/wp\/v2\/posts"}],"about":[{"href":"https:\/\/contraluzcucuta.co\/index.php?rest_route=\/wp\/v2\/types\/post"}],"author":[{"embeddable":true,"href":"https:\/\/contraluzcucuta.co\/index.php?rest_route=\/wp\/v2\/users\/1"}],"replies":[{"embeddable":true,"href":"https:\/\/contraluzcucuta.co\/index.php?rest_route=%2Fwp%2Fv2%2Fcomments&post=40257"}],"version-history":[{"count":1,"href":"https:\/\/contraluzcucuta.co\/index.php?rest_route=\/wp\/v2\/posts\/40257\/revisions"}],"predecessor-version":[{"id":40262,"href":"https:\/\/contraluzcucuta.co\/index.php?rest_route=\/wp\/v2\/posts\/40257\/revisions\/40262"}],"wp:featuredmedia":[{"embeddable":true,"href":"https:\/\/contraluzcucuta.co\/index.php?rest_route=\/wp\/v2\/media\/40258"}],"wp:attachment":[{"href":"https:\/\/contraluzcucuta.co\/index.php?rest_route=%2Fwp%2Fv2%2Fmedia&parent=40257"}],"wp:term":[{"taxonomy":"category","embeddable":true,"href":"https:\/\/contraluzcucuta.co\/index.php?rest_route=%2Fwp%2Fv2%2Fcategories&post=40257"},{"taxonomy":"post_tag","embeddable":true,"href":"https:\/\/contraluzcucuta.co\/index.php?rest_route=%2Fwp%2Fv2%2Ftags&post=40257"}],"curies":[{"name":"wp","href":"https:\/\/api.w.org\/{rel}","templated":true}]}}