{"id":40251,"date":"2024-01-22T20:34:49","date_gmt":"2024-01-23T01:34:49","guid":{"rendered":"https:\/\/contraluzcucuta.co\/?p=40251"},"modified":"2024-01-22T20:35:57","modified_gmt":"2024-01-23T01:35:57","slug":"templo-y-casa-cural-reparacion-en-el-divino-nino-costaria-600-millones","status":"publish","type":"post","link":"https:\/\/contraluzcucuta.co\/?p=40251","title":{"rendered":"TEMPLO Y CASA CURAL. Reparaci\u00f3n en el Divino Ni\u00f1o costar\u00eda $ 600 millones"},"content":{"rendered":"<p style=\"padding-left: 40px; text-align: right;\"><strong><span style=\"color: #ff9900;\">C\u00daCUTA.- En medio del olor que caracter\u00edsticos de los incendios, arquitectos, ingenieros y expertos recorrieron el templo y la casa cural de la parroquia Divino Ni\u00f1o para evaluar los da\u00f1os ocasionados por el fuego que se desat\u00f3 en la f\u00e1brica de colchones vecina. La primera valoraci\u00f3n, a mano alzada, da cuenta de que la reparaci\u00f3n puede llegar a los $ 600 millones.<\/span><\/strong><\/p>\n<p><a href=\"https:\/\/contraluzcucuta.co\/wp-content\/uploads\/2024\/01\/INCENDIO-17.jpeg\"><img loading=\"lazy\" decoding=\"async\" class=\"alignnone size-medium wp-image-40253 alignleft\" src=\"https:\/\/contraluzcucuta.co\/wp-content\/uploads\/2024\/01\/INCENDIO-17-300x247.jpeg\" alt=\"\" width=\"300\" height=\"247\" srcset=\"https:\/\/contraluzcucuta.co\/wp-content\/uploads\/2024\/01\/INCENDIO-17-300x247.jpeg 300w, https:\/\/contraluzcucuta.co\/wp-content\/uploads\/2024\/01\/INCENDIO-17-600x493.jpeg 600w, https:\/\/contraluzcucuta.co\/wp-content\/uploads\/2024\/01\/INCENDIO-17-1024x842.jpeg 1024w, https:\/\/contraluzcucuta.co\/wp-content\/uploads\/2024\/01\/INCENDIO-17-768x631.jpeg 768w, https:\/\/contraluzcucuta.co\/wp-content\/uploads\/2024\/01\/INCENDIO-17.jpeg 1280w\" sizes=\"auto, (max-width: 300px) 100vw, 300px\" \/><\/a><\/p>\n<p>En el templo las afectaciones ocurrieron en la parte arquitect\u00f3nica, en los hierros y las placas, por la alta temperatura, que dilata el cemento y pierde fortaleza. El cielo raso en el templo ser\u00e1 sometido a revisi\u00f3n, por cuanto puede estar d\u00e9bil el material y en cualquier momento puede desprenderse una l\u00e1mina.<\/p>\n<p>\u201cTenemos que ser prudentes con la celebraci\u00f3n del culto por estos d\u00edas. Esta semana estar\u00e1 cerrado el templo y tener presente las recomendaciones d ellos especialistas\u201d, dijo el p\u00e1rroco Fabi\u00e1n Staper.<\/p>\n<p>La Casa Cural, que data de comienzos de los 2000, sufri\u00f3 la peor parte. La destrucci\u00f3n se observa en habitaciones, dormitorios, cocina, patio de ropas, dos salas de recepci\u00f3n y el oratorio personal, \u201cdonde todos los d\u00edas comienza la jornada de la mejor manera posible\u201d, relat\u00f3 el padre Staper.<\/p>\n<p>La biblioteca, que por tantos a\u00f1os cuidaron con esmero, y que era considerada la consentida por la antig\u00fcedad, se inciner\u00f3. Los libros de derecho can\u00f3nico en lat\u00edn y enciclopedias en italiano eran herencia de los p\u00e1rrocos Pedro Alejandrino Botello y Juan Carlos Calder\u00f3n, conocedores de las lenguas muertas que se estudian en el seminario, en las c\u00e1tedras de teolog\u00eda. \u201cEran joyas que se cuidaban. El armario y los muebles elegantes quedaron reducidos a cenizas\u201d.<\/p>\n<p><a href=\"https:\/\/contraluzcucuta.co\/wp-content\/uploads\/2024\/01\/INCENDIO-11.jpeg\"><img loading=\"lazy\" decoding=\"async\" class=\"alignnone size-medium wp-image-40254 alignleft\" src=\"https:\/\/contraluzcucuta.co\/wp-content\/uploads\/2024\/01\/INCENDIO-11-225x300.jpeg\" alt=\"\" width=\"225\" height=\"300\" srcset=\"https:\/\/contraluzcucuta.co\/wp-content\/uploads\/2024\/01\/INCENDIO-11-225x300.jpeg 225w, https:\/\/contraluzcucuta.co\/wp-content\/uploads\/2024\/01\/INCENDIO-11-600x800.jpeg 600w, https:\/\/contraluzcucuta.co\/wp-content\/uploads\/2024\/01\/INCENDIO-11-768x1024.jpeg 768w, https:\/\/contraluzcucuta.co\/wp-content\/uploads\/2024\/01\/INCENDIO-11.jpeg 960w\" sizes=\"auto, (max-width: 225px) 100vw, 225px\" \/><\/a><\/p>\n<p>Doce horas despu\u00e9s, con cabeza fr\u00eda, pueden observarse los efectos que produjo el incendio en la f\u00e1brica de colchones vecina. \u201cNo sabemos la causa\u201d, dijo el padre Fabi\u00e1n. Sobre las causas se manejan varias conjeturas: corto circuito, altas temperaturas que afronta la ciudad o la explosi\u00f3n de gases inflamables que guardan en el negocio para el trabajo.<\/p>\n<p>\u201cLo importante es que no hubo v\u00edctimas humanas, por lo que damos gracias a Dios\u201d. Para la recuperaci\u00f3n del templo y la casa cural, la parroquia organizar\u00e1 una campa\u00f1a de donaci\u00f3n y de trabajo. Por ahora, se ha definido que esta semana no habr\u00e1 eucarist\u00eda. Los oficios religiosos volver\u00e1n hasta cuando se revisen las estructuras y \u201ccuando especialistas e ingenieros digan hasta que punto podemos permitir el ingreso de los fieles al culto, para evitar da\u00f1os\u201d, concluy\u00f3 el padre Staper.<\/p>\n<p>RAFAEL ANTONIO PAB\u00d3N<\/p>\n<p>rafaelpabon58@hotmail.com<\/p>\n","protected":false},"excerpt":{"rendered":"<p>C\u00daCUTA.- En medio del olor que caracter\u00edsticos de los incendios, arquitectos, ingenieros y expertos recorrieron el templo y la casa cural de la parroquia Divino Ni\u00f1o para evaluar los da\u00f1os ocasionados por el fuego que se desat\u00f3 en la f\u00e1brica de colchones vecina. La primera valoraci\u00f3n, a mano alzada, da cuenta de que la reparaci\u00f3n &hellip;<\/p>\n","protected":false},"author":1,"featured_media":40252,"comment_status":"open","ping_status":"open","sticky":false,"template":"","format":"standard","meta":{"footnotes":""},"categories":[4,6],"tags":[5975,5974],"class_list":["post-40251","post","type-post","status-publish","format-standard","has-post-thumbnail","hentry","category-barra","category-ojo-avizor","tag-padre-fabian-staper","tag-templo-del-divino-nino"],"_links":{"self":[{"href":"https:\/\/contraluzcucuta.co\/index.php?rest_route=\/wp\/v2\/posts\/40251","targetHints":{"allow":["GET"]}}],"collection":[{"href":"https:\/\/contraluzcucuta.co\/index.php?rest_route=\/wp\/v2\/posts"}],"about":[{"href":"https:\/\/contraluzcucuta.co\/index.php?rest_route=\/wp\/v2\/types\/post"}],"author":[{"embeddable":true,"href":"https:\/\/contraluzcucuta.co\/index.php?rest_route=\/wp\/v2\/users\/1"}],"replies":[{"embeddable":true,"href":"https:\/\/contraluzcucuta.co\/index.php?rest_route=%2Fwp%2Fv2%2Fcomments&post=40251"}],"version-history":[{"count":2,"href":"https:\/\/contraluzcucuta.co\/index.php?rest_route=\/wp\/v2\/posts\/40251\/revisions"}],"predecessor-version":[{"id":40256,"href":"https:\/\/contraluzcucuta.co\/index.php?rest_route=\/wp\/v2\/posts\/40251\/revisions\/40256"}],"wp:featuredmedia":[{"embeddable":true,"href":"https:\/\/contraluzcucuta.co\/index.php?rest_route=\/wp\/v2\/media\/40252"}],"wp:attachment":[{"href":"https:\/\/contraluzcucuta.co\/index.php?rest_route=%2Fwp%2Fv2%2Fmedia&parent=40251"}],"wp:term":[{"taxonomy":"category","embeddable":true,"href":"https:\/\/contraluzcucuta.co\/index.php?rest_route=%2Fwp%2Fv2%2Fcategories&post=40251"},{"taxonomy":"post_tag","embeddable":true,"href":"https:\/\/contraluzcucuta.co\/index.php?rest_route=%2Fwp%2Fv2%2Ftags&post=40251"}],"curies":[{"name":"wp","href":"https:\/\/api.w.org\/{rel}","templated":true}]}}