{"id":40247,"date":"2024-01-22T04:42:29","date_gmt":"2024-01-22T09:42:29","guid":{"rendered":"https:\/\/contraluzcucuta.co\/?p=40247"},"modified":"2024-01-22T04:42:29","modified_gmt":"2024-01-22T09:42:29","slug":"vuelta-al-tachira-edicion-60-podria-llegar-a-pamplona","status":"publish","type":"post","link":"https:\/\/contraluzcucuta.co\/?p=40247","title":{"rendered":"VUELTA AL T\u00c1CHIRA. Edici\u00f3n 60 podr\u00eda llegar a Pamplona"},"content":{"rendered":"<p style=\"padding-left: 40px; text-align: right;\"><strong><span style=\"color: #ff9900;\">SAN CRIST\u00d3BAL \u2013 Venezuela.- Tachirenses y cucute\u00f1os aficionados al ciclismo vivieron momentos especiales durante la \u00faltima semana con la disputa de la Vuelta al T\u00e1chira. La tradicional carrera tiene millares de adeptos en Colombia, a ra\u00edz de los triunfos que en el pasado alcanzaron Cochise Rodr\u00edguez, \u00c1lvaro Pach\u00f3n, Gustavo Rinc\u00f3n, Miguel Samac\u00e1 y Patrocinio Jim\u00e9nez, entre otros.<\/span><\/strong><\/p>\n<p><a href=\"https:\/\/contraluzcucuta.co\/wp-content\/uploads\/2024\/01\/VUELTA-AL-TACHIRA-2.jpg\"><img loading=\"lazy\" decoding=\"async\" class=\"alignnone size-medium wp-image-40249 alignleft\" src=\"https:\/\/contraluzcucuta.co\/wp-content\/uploads\/2024\/01\/VUELTA-AL-TACHIRA-2-300x224.jpg\" alt=\"\" width=\"300\" height=\"224\" srcset=\"https:\/\/contraluzcucuta.co\/wp-content\/uploads\/2024\/01\/VUELTA-AL-TACHIRA-2-300x224.jpg 300w, https:\/\/contraluzcucuta.co\/wp-content\/uploads\/2024\/01\/VUELTA-AL-TACHIRA-2-600x448.jpg 600w, https:\/\/contraluzcucuta.co\/wp-content\/uploads\/2024\/01\/VUELTA-AL-TACHIRA-2-1024x764.jpg 1024w, https:\/\/contraluzcucuta.co\/wp-content\/uploads\/2024\/01\/VUELTA-AL-TACHIRA-2-768x573.jpg 768w, https:\/\/contraluzcucuta.co\/wp-content\/uploads\/2024\/01\/VUELTA-AL-TACHIRA-2.jpg 1080w\" sizes=\"auto, (max-width: 300px) 100vw, 300px\" \/><\/a><\/p>\n<p>En la versi\u00f3n 59, los pedalistas pisaron tierra colombiana en la pen\u00faltima etapa. Los simpatizantes de esta disciplina salieron a las calles a vitorear a los deportistas y recordaron gestas de otras \u00e9pocas, cuando era casi obligatorio el paso por la capital de Norte de Santander.<\/p>\n<p>Para el 2025, el gobernador del estado T\u00e1chira hizo un anuncio que alegr\u00f3 a los seguidores de los pedales y las bielas. \u201cVamos a los 60 a\u00f1os con 10 etapas, la posible llegada a Pamplona y lograr la participaci\u00f3n de equipos de Rusia y China\u201d.<\/p>\n<p>Al final, el campe\u00f3n fue el ecuatoriano Jonathan Caicedo. Mientras que el colombiano Brandon Rojas se coron\u00f3 como el mejor sub 23.<\/p>\n<p>&nbsp;<\/p>\n","protected":false},"excerpt":{"rendered":"<p>SAN CRIST\u00d3BAL \u2013 Venezuela.- Tachirenses y cucute\u00f1os aficionados al ciclismo vivieron momentos especiales durante la \u00faltima semana con la disputa de la Vuelta al T\u00e1chira. La tradicional carrera tiene millares de adeptos en Colombia, a ra\u00edz de los triunfos que en el pasado alcanzaron Cochise Rodr\u00edguez, \u00c1lvaro Pach\u00f3n, Gustavo Rinc\u00f3n, Miguel Samac\u00e1 y Patrocinio Jim\u00e9nez, &hellip;<\/p>\n","protected":false},"author":1,"featured_media":40248,"comment_status":"open","ping_status":"open","sticky":false,"template":"","format":"standard","meta":{"footnotes":""},"categories":[4,28],"tags":[5437,5906],"class_list":["post-40247","post","type-post","status-publish","format-standard","has-post-thumbnail","hentry","category-barra","category-vistazo-deportivo","tag-fredy-bernal","tag-vuelta-al-tachira"],"_links":{"self":[{"href":"https:\/\/contraluzcucuta.co\/index.php?rest_route=\/wp\/v2\/posts\/40247","targetHints":{"allow":["GET"]}}],"collection":[{"href":"https:\/\/contraluzcucuta.co\/index.php?rest_route=\/wp\/v2\/posts"}],"about":[{"href":"https:\/\/contraluzcucuta.co\/index.php?rest_route=\/wp\/v2\/types\/post"}],"author":[{"embeddable":true,"href":"https:\/\/contraluzcucuta.co\/index.php?rest_route=\/wp\/v2\/users\/1"}],"replies":[{"embeddable":true,"href":"https:\/\/contraluzcucuta.co\/index.php?rest_route=%2Fwp%2Fv2%2Fcomments&post=40247"}],"version-history":[{"count":1,"href":"https:\/\/contraluzcucuta.co\/index.php?rest_route=\/wp\/v2\/posts\/40247\/revisions"}],"predecessor-version":[{"id":40250,"href":"https:\/\/contraluzcucuta.co\/index.php?rest_route=\/wp\/v2\/posts\/40247\/revisions\/40250"}],"wp:featuredmedia":[{"embeddable":true,"href":"https:\/\/contraluzcucuta.co\/index.php?rest_route=\/wp\/v2\/media\/40248"}],"wp:attachment":[{"href":"https:\/\/contraluzcucuta.co\/index.php?rest_route=%2Fwp%2Fv2%2Fmedia&parent=40247"}],"wp:term":[{"taxonomy":"category","embeddable":true,"href":"https:\/\/contraluzcucuta.co\/index.php?rest_route=%2Fwp%2Fv2%2Fcategories&post=40247"},{"taxonomy":"post_tag","embeddable":true,"href":"https:\/\/contraluzcucuta.co\/index.php?rest_route=%2Fwp%2Fv2%2Ftags&post=40247"}],"curies":[{"name":"wp","href":"https:\/\/api.w.org\/{rel}","templated":true}]}}