{"id":40243,"date":"2024-01-21T19:57:03","date_gmt":"2024-01-22T00:57:03","guid":{"rendered":"https:\/\/contraluzcucuta.co\/?p=40243"},"modified":"2024-01-21T19:57:03","modified_gmt":"2024-01-22T00:57:03","slug":"emergencia-en-el-divino-nino-incendio-causo-danos-a-ventanales-del-templo","status":"publish","type":"post","link":"https:\/\/contraluzcucuta.co\/?p=40243","title":{"rendered":"EMERGENCIA EN EL DIVINO NI\u00d1O. Incendio caus\u00f3 da\u00f1os a ventanales del templo"},"content":{"rendered":"<p style=\"padding-left: 40px; text-align: right;\"><strong><span style=\"color: #ff9900;\">C\u00daCUTA.- Da\u00f1os materiales en el templo y la casa cural de la parroquia del Divino Ni\u00f1o, en el barrio Lomitas (Villa del Rosario), causaron las llamas provocadas por el estallido de qu\u00edmicos en la f\u00e1brica de colchones contigua. No hubo v\u00edctimas ni lesionados, a pesar de que a esa hora se oficiaba la misa dominical de las 5:00 de la tarde. Los fieles cat\u00f3licos asistentes a la eucarist\u00eda vivieron momentos de susto al observar c\u00f3mo el denso humo penetraba por las ventanas del templo.<\/span><\/strong><\/p>\n<p><a href=\"https:\/\/contraluzcucuta.co\/wp-content\/uploads\/2024\/01\/INCENDIO-3.jpeg\"><img loading=\"lazy\" decoding=\"async\" class=\"alignnone size-medium wp-image-40245 alignleft\" src=\"https:\/\/contraluzcucuta.co\/wp-content\/uploads\/2024\/01\/INCENDIO-3-172x300.jpeg\" alt=\"\" width=\"172\" height=\"300\" srcset=\"https:\/\/contraluzcucuta.co\/wp-content\/uploads\/2024\/01\/INCENDIO-3-172x300.jpeg 172w, https:\/\/contraluzcucuta.co\/wp-content\/uploads\/2024\/01\/INCENDIO-3-600x1048.jpeg 600w, https:\/\/contraluzcucuta.co\/wp-content\/uploads\/2024\/01\/INCENDIO-3-586x1024.jpeg 586w, https:\/\/contraluzcucuta.co\/wp-content\/uploads\/2024\/01\/INCENDIO-3-768x1341.jpeg 768w, https:\/\/contraluzcucuta.co\/wp-content\/uploads\/2024\/01\/INCENDIO-3-879x1536.jpeg 879w, https:\/\/contraluzcucuta.co\/wp-content\/uploads\/2024\/01\/INCENDIO-3.jpeg 916w\" sizes=\"auto, (max-width: 172px) 100vw, 172px\" \/><\/a><\/p>\n<p>Hasta el lugar llegaron monse\u00f1or Jos\u00e9 Libardo Garc\u00e9s y sacerdotes de la Di\u00f3cesis de C\u00facuta para solidarizarse con el p\u00e1rroco Fabi\u00e1n Staper.<\/p>\n<p>El \u00edmpetu del fuego hizo estallar los vidrios de las ventanas de las habitaciones del segundo piso de la casa cural y parte de los ventanales del templo. Habitantes de los alrededores dieron aviso a los bomberos, que acudieron a tiempo para sofocar el fuego.<\/p>\n","protected":false},"excerpt":{"rendered":"<p>C\u00daCUTA.- Da\u00f1os materiales en el templo y la casa cural de la parroquia del Divino Ni\u00f1o, en el barrio Lomitas (Villa del Rosario), causaron las llamas provocadas por el estallido de qu\u00edmicos en la f\u00e1brica de colchones contigua. No hubo v\u00edctimas ni lesionados, a pesar de que a esa hora se oficiaba la misa dominical &hellip;<\/p>\n","protected":false},"author":1,"featured_media":40244,"comment_status":"open","ping_status":"open","sticky":false,"template":"","format":"standard","meta":{"footnotes":""},"categories":[11,4],"tags":[8,5973],"class_list":["post-40243","post","type-post","status-publish","format-standard","has-post-thumbnail","hentry","category-cronica-roja","category-barra","tag-diocesis-de-cucuta","tag-divino-nino"],"_links":{"self":[{"href":"https:\/\/contraluzcucuta.co\/index.php?rest_route=\/wp\/v2\/posts\/40243","targetHints":{"allow":["GET"]}}],"collection":[{"href":"https:\/\/contraluzcucuta.co\/index.php?rest_route=\/wp\/v2\/posts"}],"about":[{"href":"https:\/\/contraluzcucuta.co\/index.php?rest_route=\/wp\/v2\/types\/post"}],"author":[{"embeddable":true,"href":"https:\/\/contraluzcucuta.co\/index.php?rest_route=\/wp\/v2\/users\/1"}],"replies":[{"embeddable":true,"href":"https:\/\/contraluzcucuta.co\/index.php?rest_route=%2Fwp%2Fv2%2Fcomments&post=40243"}],"version-history":[{"count":1,"href":"https:\/\/contraluzcucuta.co\/index.php?rest_route=\/wp\/v2\/posts\/40243\/revisions"}],"predecessor-version":[{"id":40246,"href":"https:\/\/contraluzcucuta.co\/index.php?rest_route=\/wp\/v2\/posts\/40243\/revisions\/40246"}],"wp:featuredmedia":[{"embeddable":true,"href":"https:\/\/contraluzcucuta.co\/index.php?rest_route=\/wp\/v2\/media\/40244"}],"wp:attachment":[{"href":"https:\/\/contraluzcucuta.co\/index.php?rest_route=%2Fwp%2Fv2%2Fmedia&parent=40243"}],"wp:term":[{"taxonomy":"category","embeddable":true,"href":"https:\/\/contraluzcucuta.co\/index.php?rest_route=%2Fwp%2Fv2%2Fcategories&post=40243"},{"taxonomy":"post_tag","embeddable":true,"href":"https:\/\/contraluzcucuta.co\/index.php?rest_route=%2Fwp%2Fv2%2Ftags&post=40243"}],"curies":[{"name":"wp","href":"https:\/\/api.w.org\/{rel}","templated":true}]}}