{"id":40223,"date":"2024-01-20T16:20:47","date_gmt":"2024-01-20T21:20:47","guid":{"rendered":"https:\/\/contraluzcucuta.co\/?p=40223"},"modified":"2024-01-20T16:20:47","modified_gmt":"2024-01-20T21:20:47","slug":"campana-cucutena-regresa-a-clases-seguro-2024","status":"publish","type":"post","link":"https:\/\/contraluzcucuta.co\/?p=40223","title":{"rendered":"CAMPA\u00d1A CUCUTE\u00d1A. Regresa a clases seguro 2024"},"content":{"rendered":"<p style=\"padding-left: 40px; text-align: right;\"><strong><span style=\"color: #ff9900;\">C\u00daCUTA.- Miles de estudiantes cucute\u00f1os regresar\u00e1n a las aulas el 22 de enero. Instituciones educativas p\u00fablicas y privadas del municipio se alistan para recibir a nuevos y antiguos alumnos en los cursos de prejard\u00edn a once. La Alcald\u00eda y la Polic\u00eda Metropolitana prepararon la campa\u00f1a Regresa a clases seguro 2024 con el \u00e1nimo de proteger a la poblaci\u00f3n estudiantil.<\/span><\/strong><\/p>\n<figure id=\"attachment_40225\" aria-describedby=\"caption-attachment-40225\" style=\"width: 300px\" class=\"wp-caption alignleft\"><a href=\"https:\/\/contraluzcucuta.co\/wp-content\/uploads\/2024\/01\/AVISO-15.jpeg\"><img loading=\"lazy\" decoding=\"async\" class=\"size-medium wp-image-40225\" src=\"https:\/\/contraluzcucuta.co\/wp-content\/uploads\/2024\/01\/AVISO-15-300x300.jpeg\" alt=\"\" width=\"300\" height=\"300\" srcset=\"https:\/\/contraluzcucuta.co\/wp-content\/uploads\/2024\/01\/AVISO-15-300x300.jpeg 300w, https:\/\/contraluzcucuta.co\/wp-content\/uploads\/2024\/01\/AVISO-15-100x100.jpeg 100w, https:\/\/contraluzcucuta.co\/wp-content\/uploads\/2024\/01\/AVISO-15-600x600.jpeg 600w, https:\/\/contraluzcucuta.co\/wp-content\/uploads\/2024\/01\/AVISO-15-1024x1024.jpeg 1024w, https:\/\/contraluzcucuta.co\/wp-content\/uploads\/2024\/01\/AVISO-15-150x150.jpeg 150w, https:\/\/contraluzcucuta.co\/wp-content\/uploads\/2024\/01\/AVISO-15-768x768.jpeg 768w, https:\/\/contraluzcucuta.co\/wp-content\/uploads\/2024\/01\/AVISO-15.jpeg 1080w\" sizes=\"auto, (max-width: 300px) 100vw, 300px\" \/><\/a><figcaption id=\"caption-attachment-40225\" class=\"wp-caption-text\">Gr\u00e1fico: Prensa Alcald\u00eda<\/figcaption><\/figure>\n<p>La estrategia comenzar\u00e1 a aplicarse en el colegio Francisco Jos\u00e9 de Caldas, de la Ciudadela La Libertad. El alcalde Jorge Acevedo dijo que a los colegios llegar\u00e1n los agentes para hacer controles en los alrededores. \u201cEl acompa\u00f1amiento de los padres de familia es indispensable, tanto al ingreso como a la salida. Juntos somos m\u00e1s fuertes contra la delincuencia\u201d.<\/p>\n<p>La gestora social Yirley Vargas invit\u00f3 a padres, cuidadores y a la comunidad escolar a informar sobre cualquier irregularidad que vulnere los derechos de ni\u00f1os y adolescentes.<\/p>\n<p>La campa\u00f1a de la Polic\u00eda Nacional pretende mitigar los riesgos, especialmente los relacionados con la violencia dentro del ambiente escolar, el abuso de redes sociales, el consumo de sustancias psicoactivas, el matonismo, el ciberacoso y otros delitos.<\/p>\n","protected":false},"excerpt":{"rendered":"<p>C\u00daCUTA.- Miles de estudiantes cucute\u00f1os regresar\u00e1n a las aulas el 22 de enero. Instituciones educativas p\u00fablicas y privadas del municipio se alistan para recibir a nuevos y antiguos alumnos en los cursos de prejard\u00edn a once. La Alcald\u00eda y la Polic\u00eda Metropolitana prepararon la campa\u00f1a Regresa a clases seguro 2024 con el \u00e1nimo de proteger &hellip;<\/p>\n","protected":false},"author":1,"featured_media":40224,"comment_status":"open","ping_status":"open","sticky":false,"template":"","format":"standard","meta":{"footnotes":""},"categories":[4,36],"tags":[226,374,3464,5968],"class_list":["post-40223","post","type-post","status-publish","format-standard","has-post-thumbnail","hentry","category-barra","category-la-voz-del-pueblo","tag-alcaldia-de-cucuta","tag-gestora-social-del-municipio","tag-regreso-a-clase","tag-yirley-vargas"],"_links":{"self":[{"href":"https:\/\/contraluzcucuta.co\/index.php?rest_route=\/wp\/v2\/posts\/40223","targetHints":{"allow":["GET"]}}],"collection":[{"href":"https:\/\/contraluzcucuta.co\/index.php?rest_route=\/wp\/v2\/posts"}],"about":[{"href":"https:\/\/contraluzcucuta.co\/index.php?rest_route=\/wp\/v2\/types\/post"}],"author":[{"embeddable":true,"href":"https:\/\/contraluzcucuta.co\/index.php?rest_route=\/wp\/v2\/users\/1"}],"replies":[{"embeddable":true,"href":"https:\/\/contraluzcucuta.co\/index.php?rest_route=%2Fwp%2Fv2%2Fcomments&post=40223"}],"version-history":[{"count":1,"href":"https:\/\/contraluzcucuta.co\/index.php?rest_route=\/wp\/v2\/posts\/40223\/revisions"}],"predecessor-version":[{"id":40226,"href":"https:\/\/contraluzcucuta.co\/index.php?rest_route=\/wp\/v2\/posts\/40223\/revisions\/40226"}],"wp:featuredmedia":[{"embeddable":true,"href":"https:\/\/contraluzcucuta.co\/index.php?rest_route=\/wp\/v2\/media\/40224"}],"wp:attachment":[{"href":"https:\/\/contraluzcucuta.co\/index.php?rest_route=%2Fwp%2Fv2%2Fmedia&parent=40223"}],"wp:term":[{"taxonomy":"category","embeddable":true,"href":"https:\/\/contraluzcucuta.co\/index.php?rest_route=%2Fwp%2Fv2%2Fcategories&post=40223"},{"taxonomy":"post_tag","embeddable":true,"href":"https:\/\/contraluzcucuta.co\/index.php?rest_route=%2Fwp%2Fv2%2Ftags&post=40223"}],"curies":[{"name":"wp","href":"https:\/\/api.w.org\/{rel}","templated":true}]}}