{"id":40215,"date":"2024-01-20T15:53:07","date_gmt":"2024-01-20T20:53:07","guid":{"rendered":"https:\/\/contraluzcucuta.co\/?p=40215"},"modified":"2024-01-20T15:53:07","modified_gmt":"2024-01-20T20:53:07","slug":"fenomeno-el-nino-cucuta-alerta-naranja","status":"publish","type":"post","link":"https:\/\/contraluzcucuta.co\/?p=40215","title":{"rendered":"FEN\u00d3MENO EL NI\u00d1O. C\u00facuta, \u00a1alerta naranja!"},"content":{"rendered":"<p style=\"padding-left: 40px; text-align: right;\"><strong><span style=\"color: #ff9900;\">C\u00daCUTA.- El fen\u00f3meno del Ni\u00f1o tiene a C\u00facuta en alerta naranja. Situaci\u00f3n por la cual instituciones, empresas y organismos de socorro pusieron a disposici\u00f3n las capacidades humanas y t\u00e9cnicas para afrontar cualquier emergencia. La Secretar\u00eda de Gesti\u00f3n del Riesgo de Desastres lider\u00f3 el primer Consejo Municipal para la Gesti\u00f3n del Riesgo de Desastres.<\/span><\/strong><\/p>\n<figure id=\"attachment_40217\" aria-describedby=\"caption-attachment-40217\" style=\"width: 300px\" class=\"wp-caption alignleft\"><a href=\"https:\/\/contraluzcucuta.co\/wp-content\/uploads\/2024\/01\/FENOMENO-DEL-NINO-1.jpeg\"><img loading=\"lazy\" decoding=\"async\" class=\"size-medium wp-image-40217\" src=\"https:\/\/contraluzcucuta.co\/wp-content\/uploads\/2024\/01\/FENOMENO-DEL-NINO-1-300x225.jpeg\" alt=\"\" width=\"300\" height=\"225\" srcset=\"https:\/\/contraluzcucuta.co\/wp-content\/uploads\/2024\/01\/FENOMENO-DEL-NINO-1-300x225.jpeg 300w, https:\/\/contraluzcucuta.co\/wp-content\/uploads\/2024\/01\/FENOMENO-DEL-NINO-1-600x450.jpeg 600w, https:\/\/contraluzcucuta.co\/wp-content\/uploads\/2024\/01\/FENOMENO-DEL-NINO-1-1024x768.jpeg 1024w, https:\/\/contraluzcucuta.co\/wp-content\/uploads\/2024\/01\/FENOMENO-DEL-NINO-1-768x576.jpeg 768w, https:\/\/contraluzcucuta.co\/wp-content\/uploads\/2024\/01\/FENOMENO-DEL-NINO-1-1536x1152.jpeg 1536w, https:\/\/contraluzcucuta.co\/wp-content\/uploads\/2024\/01\/FENOMENO-DEL-NINO-1.jpeg 1600w\" sizes=\"auto, (max-width: 300px) 100vw, 300px\" \/><\/a><figcaption id=\"caption-attachment-40217\" class=\"wp-caption-text\">Foto: Prensa Alcald\u00eda<\/figcaption><\/figure>\n<p>En la mesa de trabajo se enfatiz\u00f3 en el an\u00e1lisis y caracterizaci\u00f3n de las zonas que puedan resultar afectadas por el fen\u00f3meno. \u201cEn este momento nuestra ciudad se encuentra en alerta naranja por esta situaci\u00f3n\u201d, expres\u00f3 el secretario de Gesti\u00f3n del Riesgo, Alexander Ch\u00e1vez.<\/p>\n<p>Indic\u00f3 que se ha hecho una caracterizaci\u00f3n de posibles zonas de riesgo que monitorear\u00e1n constantemente durante el primer trimestre del a\u00f1o. El objetivo es contar con la preparaci\u00f3n necesaria en caso de que ocurran emergencias.<\/p>\n<p>Se espera que El Ni\u00f1o se presente en la ciudad en los tres primeros meses. En febrero y marzo alcanzar\u00eda la etapa de mayor influencia.<\/p>\n","protected":false},"excerpt":{"rendered":"<p>C\u00daCUTA.- El fen\u00f3meno del Ni\u00f1o tiene a C\u00facuta en alerta naranja. Situaci\u00f3n por la cual instituciones, empresas y organismos de socorro pusieron a disposici\u00f3n las capacidades humanas y t\u00e9cnicas para afrontar cualquier emergencia. La Secretar\u00eda de Gesti\u00f3n del Riesgo de Desastres lider\u00f3 el primer Consejo Municipal para la Gesti\u00f3n del Riesgo de Desastres. En la &hellip;<\/p>\n","protected":false},"author":1,"featured_media":40216,"comment_status":"open","ping_status":"open","sticky":false,"template":"","format":"standard","meta":{"footnotes":""},"categories":[4,6],"tags":[5005,395,4165],"class_list":["post-40215","post","type-post","status-publish","format-standard","has-post-thumbnail","hentry","category-barra","category-ojo-avizor","tag-alerta-naranja","tag-fenomeno-el-nino","tag-secretaria-de-gestion-del-riesgo"],"_links":{"self":[{"href":"https:\/\/contraluzcucuta.co\/index.php?rest_route=\/wp\/v2\/posts\/40215","targetHints":{"allow":["GET"]}}],"collection":[{"href":"https:\/\/contraluzcucuta.co\/index.php?rest_route=\/wp\/v2\/posts"}],"about":[{"href":"https:\/\/contraluzcucuta.co\/index.php?rest_route=\/wp\/v2\/types\/post"}],"author":[{"embeddable":true,"href":"https:\/\/contraluzcucuta.co\/index.php?rest_route=\/wp\/v2\/users\/1"}],"replies":[{"embeddable":true,"href":"https:\/\/contraluzcucuta.co\/index.php?rest_route=%2Fwp%2Fv2%2Fcomments&post=40215"}],"version-history":[{"count":1,"href":"https:\/\/contraluzcucuta.co\/index.php?rest_route=\/wp\/v2\/posts\/40215\/revisions"}],"predecessor-version":[{"id":40218,"href":"https:\/\/contraluzcucuta.co\/index.php?rest_route=\/wp\/v2\/posts\/40215\/revisions\/40218"}],"wp:featuredmedia":[{"embeddable":true,"href":"https:\/\/contraluzcucuta.co\/index.php?rest_route=\/wp\/v2\/media\/40216"}],"wp:attachment":[{"href":"https:\/\/contraluzcucuta.co\/index.php?rest_route=%2Fwp%2Fv2%2Fmedia&parent=40215"}],"wp:term":[{"taxonomy":"category","embeddable":true,"href":"https:\/\/contraluzcucuta.co\/index.php?rest_route=%2Fwp%2Fv2%2Fcategories&post=40215"},{"taxonomy":"post_tag","embeddable":true,"href":"https:\/\/contraluzcucuta.co\/index.php?rest_route=%2Fwp%2Fv2%2Ftags&post=40215"}],"curies":[{"name":"wp","href":"https:\/\/api.w.org\/{rel}","templated":true}]}}