{"id":40195,"date":"2024-01-17T21:37:07","date_gmt":"2024-01-18T02:37:07","guid":{"rendered":"https:\/\/contraluzcucuta.co\/?p=40195"},"modified":"2024-01-17T21:37:19","modified_gmt":"2024-01-18T02:37:19","slug":"norte-de-santander-listos-directivos-y-docentes-para-comenzar-clases","status":"publish","type":"post","link":"https:\/\/contraluzcucuta.co\/?p=40195","title":{"rendered":"NORTE DE SANTANDER. Listos directivos y docentes para comenzar clases"},"content":{"rendered":"<p style=\"padding-left: 40px; text-align: right;\"><strong><span style=\"color: #ff9900;\">C\u00daCUTA.- Debieron pasar 68 audiencias p\u00fablicas de escogencia de plaza y superar las etapas de selecci\u00f3n ante la Comisi\u00f3n Nacional del Servicio Civil para que 1293 directivos docentes, maestros y orientadores se juramentaran y posesionaran para laborar en las\u00a0instituciones educativas oficiales de Norte de Santander.<\/span><\/strong><\/p>\n<p><a href=\"https:\/\/contraluzcucuta.co\/wp-content\/uploads\/2024\/01\/GOBERNADOR-MAESTROS-2.jpeg\"><img loading=\"lazy\" decoding=\"async\" class=\"alignnone size-medium wp-image-40197 alignleft\" src=\"https:\/\/contraluzcucuta.co\/wp-content\/uploads\/2024\/01\/GOBERNADOR-MAESTROS-2-300x200.jpeg\" alt=\"\" width=\"300\" height=\"200\" srcset=\"https:\/\/contraluzcucuta.co\/wp-content\/uploads\/2024\/01\/GOBERNADOR-MAESTROS-2-300x200.jpeg 300w, https:\/\/contraluzcucuta.co\/wp-content\/uploads\/2024\/01\/GOBERNADOR-MAESTROS-2-600x400.jpeg 600w, https:\/\/contraluzcucuta.co\/wp-content\/uploads\/2024\/01\/GOBERNADOR-MAESTROS-2-1024x683.jpeg 1024w, https:\/\/contraluzcucuta.co\/wp-content\/uploads\/2024\/01\/GOBERNADOR-MAESTROS-2-768x512.jpeg 768w, https:\/\/contraluzcucuta.co\/wp-content\/uploads\/2024\/01\/GOBERNADOR-MAESTROS-2.jpeg 1280w\" sizes=\"auto, (max-width: 300px) 100vw, 300px\" \/><\/a><\/p>\n<p>En la convocatoria se ofertaron 1300 plazas, distribuidas entre 125 rectores, directores y coordinadores, 1146 docentes de aula y 22 docentes orientadores.<\/p>\n<p>El gobernador William Villamizar les record\u00f3 que el esfuerzo de oficializaci\u00f3n de la planta de personal directivo y docente para la regi\u00f3n de El Catatumbo comenz\u00f3 en el 2016. De esa manera se les brind\u00f3 estabilidad laboral y se garantiz\u00f3 que los alumnos accedieran a clases desde el comienzo del calendario escolar.<\/p>\n<p>La Gobernaci\u00f3n y los alcaldes entregar\u00e1n uniformes de diario y de educaci\u00f3n f\u00edsica, y \u00fatiles escolares a los estudiantes de escasos recursos en el departamento.<\/p>\n<p>Villamizar Laguado, tambi\u00e9n, anunci\u00f3 que gestionar\u00e1 con las alcald\u00edas la legalizaci\u00f3n de los predios de las escuelas rurales y destinar recursos p\u00fablicos para mejorar la infraestructura.<\/p>\n<p>El \u00faltimo concurso para la suplir vacantes se adelant\u00f3 en 2018. Se ofertaron 935 plazas para directivos docentes y docentes de aula, en Convenci\u00f3n, Teorama, El Tarra, El Carmen, San Calixto, Hacar\u00ed, Sardinata y Tib\u00fa.<\/p>\n","protected":false},"excerpt":{"rendered":"<p>C\u00daCUTA.- Debieron pasar 68 audiencias p\u00fablicas de escogencia de plaza y superar las etapas de selecci\u00f3n ante la Comisi\u00f3n Nacional del Servicio Civil para que 1293 directivos docentes, maestros y orientadores se juramentaran y posesionaran para laborar en las\u00a0instituciones educativas oficiales de Norte de Santander. En la convocatoria se ofertaron 1300 plazas, distribuidas entre 125 &hellip;<\/p>\n","protected":false},"author":1,"featured_media":40196,"comment_status":"open","ping_status":"open","sticky":false,"template":"","format":"standard","meta":{"footnotes":""},"categories":[4,32],"tags":[2671,2800],"class_list":["post-40195","post","type-post","status-publish","format-standard","has-post-thumbnail","hentry","category-barra","category-recorrido-por-la-region","tag-docentes-de-norte-de-santander","tag-gobernador-william-villamizar"],"_links":{"self":[{"href":"https:\/\/contraluzcucuta.co\/index.php?rest_route=\/wp\/v2\/posts\/40195","targetHints":{"allow":["GET"]}}],"collection":[{"href":"https:\/\/contraluzcucuta.co\/index.php?rest_route=\/wp\/v2\/posts"}],"about":[{"href":"https:\/\/contraluzcucuta.co\/index.php?rest_route=\/wp\/v2\/types\/post"}],"author":[{"embeddable":true,"href":"https:\/\/contraluzcucuta.co\/index.php?rest_route=\/wp\/v2\/users\/1"}],"replies":[{"embeddable":true,"href":"https:\/\/contraluzcucuta.co\/index.php?rest_route=%2Fwp%2Fv2%2Fcomments&post=40195"}],"version-history":[{"count":2,"href":"https:\/\/contraluzcucuta.co\/index.php?rest_route=\/wp\/v2\/posts\/40195\/revisions"}],"predecessor-version":[{"id":40199,"href":"https:\/\/contraluzcucuta.co\/index.php?rest_route=\/wp\/v2\/posts\/40195\/revisions\/40199"}],"wp:featuredmedia":[{"embeddable":true,"href":"https:\/\/contraluzcucuta.co\/index.php?rest_route=\/wp\/v2\/media\/40196"}],"wp:attachment":[{"href":"https:\/\/contraluzcucuta.co\/index.php?rest_route=%2Fwp%2Fv2%2Fmedia&parent=40195"}],"wp:term":[{"taxonomy":"category","embeddable":true,"href":"https:\/\/contraluzcucuta.co\/index.php?rest_route=%2Fwp%2Fv2%2Fcategories&post=40195"},{"taxonomy":"post_tag","embeddable":true,"href":"https:\/\/contraluzcucuta.co\/index.php?rest_route=%2Fwp%2Fv2%2Ftags&post=40195"}],"curies":[{"name":"wp","href":"https:\/\/api.w.org\/{rel}","templated":true}]}}