{"id":40192,"date":"2024-01-17T21:28:33","date_gmt":"2024-01-18T02:28:33","guid":{"rendered":"https:\/\/contraluzcucuta.co\/?p=40192"},"modified":"2024-01-17T21:33:19","modified_gmt":"2024-01-18T02:33:19","slug":"unilibre-cucuta-juan-antonio-nieto-llega-a-la-rectoria","status":"publish","type":"post","link":"https:\/\/contraluzcucuta.co\/?p=40192","title":{"rendered":"UNILIBRE C\u00daCUTA. Juan Antonio Nieto llega a la rector\u00eda"},"content":{"rendered":"<p style=\"padding-left: 40px; text-align: right;\"><strong><span style=\"color: #ff9900;\">C\u00daCUTA.- La Universidad Libre, seccional C\u00facuta, tendr\u00e1 nuevo rector. El cucute\u00f1o Juan Antonio Nieto remplazar\u00e1 a D\u00e9bora Guerra. La designaci\u00f3n fue notificada por el presidente de la instituci\u00f3n Jorge Alarc\u00f3n y el rector nacional Edgar Sandoval.<\/span><\/strong><\/p>\n<p>Este hijo de una t\u00edpica familia de clase media baja, naci\u00f3 en los l\u00edmites de los barrios Carora y Pueblo Nuevo, Comuna 9. Es abogado y con amplio recorrido en cargos oficiales. Comenz\u00f3 en la Direcci\u00f3n de Impuestos de Bogot\u00e1 hasta llegar a la direcci\u00f3n general del Igag.<\/p>\n<p>En universidades nacionales y del exterior ha forjado su hoja de vida acad\u00e9mica. Es especialista en planificaci\u00f3n y gesti\u00f3n de pol\u00edticas sociales y en management ambiental. Graduado en la maestr\u00eda en pol\u00edtica econ\u00f3mica internacional.<\/p>\n<p>Nieto Escalante, deber\u00e1 presentarse en C\u00facuta, el 29 de enero, \u201ccon el fin de adelantar las actividades de empalme con la rectora saliente\u201d. Comenzar\u00e1 su funci\u00f3n el primero de febrero.<\/p>\n<p>\u201cLe deseamos los mejores \u00e9xitos al frente de los destinos de la seccional\u201d, indicaron Alarc\u00f3n y Sandoval en la carta mediante la cual lo notificaron del nombramiento. Tambi\u00e9n, le ofrecieron la asesor\u00eda permanente de los empleados con responsabilidades nacionales de la sede principal.<\/p>\n","protected":false},"excerpt":{"rendered":"<p>C\u00daCUTA.- La Universidad Libre, seccional C\u00facuta, tendr\u00e1 nuevo rector. El cucute\u00f1o Juan Antonio Nieto remplazar\u00e1 a D\u00e9bora Guerra. La designaci\u00f3n fue notificada por el presidente de la instituci\u00f3n Jorge Alarc\u00f3n y el rector nacional Edgar Sandoval. Este hijo de una t\u00edpica familia de clase media baja, naci\u00f3 en los l\u00edmites de los barrios Carora y &hellip;<\/p>\n","protected":false},"author":1,"featured_media":40193,"comment_status":"open","ping_status":"open","sticky":false,"template":"","format":"standard","meta":{"footnotes":""},"categories":[74,4,6],"tags":[430,627],"class_list":["post-40192","post","type-post","status-publish","format-standard","has-post-thumbnail","hentry","category-aula-universitaria","category-barra","category-ojo-avizor","tag-juan-antonio-nieto","tag-universidad-libre-cucuta"],"_links":{"self":[{"href":"https:\/\/contraluzcucuta.co\/index.php?rest_route=\/wp\/v2\/posts\/40192","targetHints":{"allow":["GET"]}}],"collection":[{"href":"https:\/\/contraluzcucuta.co\/index.php?rest_route=\/wp\/v2\/posts"}],"about":[{"href":"https:\/\/contraluzcucuta.co\/index.php?rest_route=\/wp\/v2\/types\/post"}],"author":[{"embeddable":true,"href":"https:\/\/contraluzcucuta.co\/index.php?rest_route=\/wp\/v2\/users\/1"}],"replies":[{"embeddable":true,"href":"https:\/\/contraluzcucuta.co\/index.php?rest_route=%2Fwp%2Fv2%2Fcomments&post=40192"}],"version-history":[{"count":1,"href":"https:\/\/contraluzcucuta.co\/index.php?rest_route=\/wp\/v2\/posts\/40192\/revisions"}],"predecessor-version":[{"id":40194,"href":"https:\/\/contraluzcucuta.co\/index.php?rest_route=\/wp\/v2\/posts\/40192\/revisions\/40194"}],"wp:featuredmedia":[{"embeddable":true,"href":"https:\/\/contraluzcucuta.co\/index.php?rest_route=\/wp\/v2\/media\/40193"}],"wp:attachment":[{"href":"https:\/\/contraluzcucuta.co\/index.php?rest_route=%2Fwp%2Fv2%2Fmedia&parent=40192"}],"wp:term":[{"taxonomy":"category","embeddable":true,"href":"https:\/\/contraluzcucuta.co\/index.php?rest_route=%2Fwp%2Fv2%2Fcategories&post=40192"},{"taxonomy":"post_tag","embeddable":true,"href":"https:\/\/contraluzcucuta.co\/index.php?rest_route=%2Fwp%2Fv2%2Ftags&post=40192"}],"curies":[{"name":"wp","href":"https:\/\/api.w.org\/{rel}","templated":true}]}}