{"id":40189,"date":"2024-01-17T21:20:12","date_gmt":"2024-01-18T02:20:12","guid":{"rendered":"https:\/\/contraluzcucuta.co\/?p=40189"},"modified":"2024-01-17T21:20:12","modified_gmt":"2024-01-18T02:20:12","slug":"juntos-aparte-ocho-artistas-cucutenos-exponen-en-madrid","status":"publish","type":"post","link":"https:\/\/contraluzcucuta.co\/?p=40189","title":{"rendered":"JUNTOS APARTE. Ocho artistas cucute\u00f1os exponen en Madrid"},"content":{"rendered":"<p style=\"padding-left: 40px; text-align: right;\"><strong><span style=\"color: #ff9900;\">C\u00daCUTA.- Ocho artistas cucute\u00f1os hacen parte de la exposici\u00f3n colectiva antol\u00f3gica &#8216;Entre nosotros y los otros: Juntos Aparte\u00b4, en Casa de Am\u00e9rica, en Madrid (Espa\u00f1a). La muestra estar\u00e1 abierta hasta el 9 febrero y aborda la migraci\u00f3n como fen\u00f3meno global. Toma el caso de la frontera colombo-venezolana como referente. La curadur\u00eda es de Diana Wechsler (Argentina), Alex Brahim (C\u00facuta) y Benedeta Casini (Italia).<\/span><\/strong><\/p>\n<p>Entre los 24 artistas de 11 nacionalidades, 12 son colombianos. Los cucute\u00f1os son Daniel Ar\u00e9valo, Juan Carvajal, Annie J\u00e1come, Mariam Abrajim de MO Colectivo, Sergio Dur\u00e1n \u201cBayo\u201d, Samir Quintero, Wilmer Useche y Yosman Botero.<\/p>\n<p>Juntos Aparte ha marcado un antes y un despu\u00e9s en la historia cultural de la frontera colombo-venezolana. A lo largo de tres ediciones (2017-2019-2021) ha congregado a m\u00e1s de 120 artistas y pensadores de 40 nacionalidades y movilizando a m\u00e1s de 25.000 asistentes.<\/p>\n<p>La exposici\u00f3n representa una antolog\u00eda y una oportunidad para adoptar una mirada situada y cr\u00edtica frente al fen\u00f3meno migratorio local y global. Juntos Aparte es reconocido por el enfoque en la gesti\u00f3n de la coyuntura cr\u00edtica y la apuesta a largo plazo, que busca fortalecer ciudadan\u00edas por medio de la integraci\u00f3n sociocultural, el arte contempor\u00e1neo y el pensamiento cr\u00edtico.<\/p>\n<p>La exposici\u00f3n Entre nosotros y los otros: Juntos Aparte en Casa de Am\u00e9rica marca un hito en la internacionalizaci\u00f3n del proyecto y contribuye al an\u00e1lisis global de las migraciones en el siglo XXI. Promueve el pensamiento fronterizo, la mirada decolonial y la movilizaci\u00f3n ciudadana desde el sur global, situando la periferia como lugar de enunciaci\u00f3n que participa e incide en el debate y las transacciones culturales a nivel internacional.<\/p>\n","protected":false},"excerpt":{"rendered":"<p>C\u00daCUTA.- Ocho artistas cucute\u00f1os hacen parte de la exposici\u00f3n colectiva antol\u00f3gica &#8216;Entre nosotros y los otros: Juntos Aparte\u00b4, en Casa de Am\u00e9rica, en Madrid (Espa\u00f1a). La muestra estar\u00e1 abierta hasta el 9 febrero y aborda la migraci\u00f3n como fen\u00f3meno global. Toma el caso de la frontera colombo-venezolana como referente. La curadur\u00eda es de Diana Wechsler &hellip;<\/p>\n","protected":false},"author":1,"featured_media":40190,"comment_status":"open","ping_status":"open","sticky":false,"template":"","format":"standard","meta":{"footnotes":""},"categories":[4,37],"tags":[5962,5855,4599],"class_list":["post-40189","post","type-post","status-publish","format-standard","has-post-thumbnail","hentry","category-barra","category-paseo-cultural","tag-casa-de-america","tag-juntos-aparte","tag-paseo-cultural"],"_links":{"self":[{"href":"https:\/\/contraluzcucuta.co\/index.php?rest_route=\/wp\/v2\/posts\/40189","targetHints":{"allow":["GET"]}}],"collection":[{"href":"https:\/\/contraluzcucuta.co\/index.php?rest_route=\/wp\/v2\/posts"}],"about":[{"href":"https:\/\/contraluzcucuta.co\/index.php?rest_route=\/wp\/v2\/types\/post"}],"author":[{"embeddable":true,"href":"https:\/\/contraluzcucuta.co\/index.php?rest_route=\/wp\/v2\/users\/1"}],"replies":[{"embeddable":true,"href":"https:\/\/contraluzcucuta.co\/index.php?rest_route=%2Fwp%2Fv2%2Fcomments&post=40189"}],"version-history":[{"count":1,"href":"https:\/\/contraluzcucuta.co\/index.php?rest_route=\/wp\/v2\/posts\/40189\/revisions"}],"predecessor-version":[{"id":40191,"href":"https:\/\/contraluzcucuta.co\/index.php?rest_route=\/wp\/v2\/posts\/40189\/revisions\/40191"}],"wp:featuredmedia":[{"embeddable":true,"href":"https:\/\/contraluzcucuta.co\/index.php?rest_route=\/wp\/v2\/media\/40190"}],"wp:attachment":[{"href":"https:\/\/contraluzcucuta.co\/index.php?rest_route=%2Fwp%2Fv2%2Fmedia&parent=40189"}],"wp:term":[{"taxonomy":"category","embeddable":true,"href":"https:\/\/contraluzcucuta.co\/index.php?rest_route=%2Fwp%2Fv2%2Fcategories&post=40189"},{"taxonomy":"post_tag","embeddable":true,"href":"https:\/\/contraluzcucuta.co\/index.php?rest_route=%2Fwp%2Fv2%2Ftags&post=40189"}],"curies":[{"name":"wp","href":"https:\/\/api.w.org\/{rel}","templated":true}]}}