{"id":40160,"date":"2024-01-15T21:01:37","date_gmt":"2024-01-16T02:01:37","guid":{"rendered":"https:\/\/contraluzcucuta.co\/?p=40160"},"modified":"2024-01-15T21:01:37","modified_gmt":"2024-01-16T02:01:37","slug":"eureka-parque-interactivo-de-la-frontera","status":"publish","type":"post","link":"https:\/\/contraluzcucuta.co\/?p=40160","title":{"rendered":"EUREKA. Parque Interactivo de la Frontera"},"content":{"rendered":"<p><strong>C\u00daCUTA.-<\/strong> Cierto d\u00eda de 1999, Adolfo Bol\u00edvar lleg\u00f3 a la rector\u00eda de la Universidad Francisco de Paula Santander para mostrarle un proyecto interesante para ejecutar en el centro de estudios superiores.<\/p>\n<ul>\n<li><em>Era el montaje de un Planetario, con observatorio astron\u00f3mico <\/em>\u2013 record\u00f3 Patrocinio Ararat, receptor del documento que llevaba el licenciado Bol\u00edvar.<\/li>\n<\/ul>\n<p>El boceto satisfizo al rector de la UFPS, por cuanto ten\u00eda como referente el Planetario de Bogot\u00e1. Adem\u00e1s, uno de sus sue\u00f1os era dotar a la ciudad de un lugar de esta calidad. Para poner en marcha la obra, llam\u00f3 a un maestro para que dibujara a mano alzada lo que hablaba con Bol\u00edvar. Los cuadros, pintados a color y enmarcados, deben estar guardados en alg\u00fan espacio de la universidad.<\/p>\n<p>La mala fortuna no permiti\u00f3 que Patrocinio Ararat ganara las elecciones para la rector\u00eda. El proyecto se paraliz\u00f3, a pesar del impulso con el que hab\u00eda comenzado. La nueva administraci\u00f3n no continu\u00f3 con el direccionamiento y el documento se engavet\u00f3.<\/p>\n<p>El equipo que trabajaba en el proyecto volvi\u00f3 a reunirse a\u00f1os despu\u00e9s para desempolvar el dise\u00f1o. Ese tiempo transcurrido madur\u00f3 la idea. En 2019, con la llegada de Jairo Y\u00e1\u00f1ez a la Alcald\u00eda de C\u00facuta alcanz\u00f3 la mayor\u00eda de edad. El grupo de trabajo produjo un documento mejorado y con algunos compartimientos adjuntos.<\/p>\n<p><a href=\"https:\/\/contraluzcucuta.co\/wp-content\/uploads\/2024\/01\/EUREKA-2.jpg\"><img loading=\"lazy\" decoding=\"async\" class=\"alignnone size-medium wp-image-40162 alignleft\" src=\"https:\/\/contraluzcucuta.co\/wp-content\/uploads\/2024\/01\/EUREKA-2-300x135.jpg\" alt=\"\" width=\"300\" height=\"135\" srcset=\"https:\/\/contraluzcucuta.co\/wp-content\/uploads\/2024\/01\/EUREKA-2-300x135.jpg 300w, https:\/\/contraluzcucuta.co\/wp-content\/uploads\/2024\/01\/EUREKA-2-600x270.jpg 600w, https:\/\/contraluzcucuta.co\/wp-content\/uploads\/2024\/01\/EUREKA-2.jpg 680w\" sizes=\"auto, (max-width: 300px) 100vw, 300px\" \/><\/a><\/p>\n<ul>\n<li><em>Eureka Park es el nombre del Parque Interactivo de Cultura, Ciencia, tecnolog\u00eda e innovaci\u00f3n de la Frontera. <\/em><\/li>\n<\/ul>\n<p>Al alcalde Y\u00e1\u00f1ez le mostraron la organizaci\u00f3n, las unidades y dem\u00e1s componentes. La respuesta inmediata fue de respaldo, por cuanto el proyecto recoge los temas que necesita la ciudad: turismo, comercio, ciencia, tecnolog\u00eda, innovaci\u00f3n y cultura.<\/p>\n<p>Tal fue el entusiasmo, que el gobierno local lo incluy\u00f3 en el Plan de Desarrollo 2020 \u2013 2023. Y hace parte de los planes estrat\u00e9gicos de la administraci\u00f3n municipal. De repente, apareci\u00f3 la pandemia. Ese periodo de resguardo result\u00f3 favorable, porque el equipo se mantuvo en actividad.<\/p>\n<ul>\n<li><em>Cinco unidades comprende el proyecto: Cultura, Ciencia y Tecnolog\u00eda, Medio Ambiente y Ecolog\u00eda, Universo (Planetario y Observatorio Astron\u00f3mico) y Salud.<\/em><\/li>\n<\/ul>\n<p>A finales de 2021, termin\u00f3 la labor. El siguiente paso era llevarlo al Sistema General de Regal\u00edas en procura de apoyo econ\u00f3mico para ponerlo a nivel de factibilidad. Para darle fuerza se busc\u00f3 el respaldo institucional del Parque Explora (Medell\u00edn). El perfil acad\u00e9mico cambi\u00f3 a museo. Corr\u00eda octubre de 2022.<\/p>\n<p>En el 2023, empresas p\u00fablicas y privadas de la regi\u00f3n conocieron del proyecto. Algunas dieron el s\u00ed y asumieron el compromiso de colaborar.<\/p>\n<ul>\n<li><em>En este momento est\u00e1 en el punto en el que necesitamos $ 30 millones para pagarle a Explora para que complemente los documentos que faltan para llevarlo al Sistema General de Regal\u00edas.<\/em><\/li>\n<\/ul>\n<p>Como el proyecto tiene el aditamento de ser para el servicio de la frontera, el c\u00f3nsul de Colombia en San Crist\u00f3bal, David Hadad, est\u00e1 interesado en impulsarlo en Venezuela. Pidi\u00f3 el documento para socializarlo con Canciller\u00eda para que haga carrera hacia Miraflores.<\/p>\n<p>El 28 de diciembre, el alcalde Jorge Acevedo conoci\u00f3 el proyecto. Le gust\u00f3, mostr\u00f3 inter\u00e9s en apoyarlo, sostendr\u00e1 el lote ofrecido para la construcci\u00f3n del Parque (de 4,1 hect\u00e1reas) y lo incluir\u00e1 en el Plan de Desarrollo 2024 \u2013 2027.<\/p>\n<ul>\n<li><em>Considero que estamos en un buen momento, contamos con respaldo municipal y departamental. Podemos tener un sitio donde se pueda ir un fin de semana en familia a aprender. Sue\u00f1o con que Eureka sea un Parque que entre semana est\u00e9 lleno de estudiantes.<\/em><\/li>\n<\/ul>\n<p>El sue\u00f1o de Patrocinio Ararat, el rector de la UFPS que recibi\u00f3, acogi\u00f3 y ha luchado por el proyecto, es que en esta administraci\u00f3n municipal \u201cse ponga, por lo menos, la primera piedra y sea una realidad en el corto plazo\u201d.<\/p>\n<p>RAFAEL ANTONIO PAB\u00d3N<\/p>\n<p><a href=\"mailto:rafaelpabon58@hotmail.com\">rafaelpabon58@hotmail.com<\/a><\/p>\n","protected":false},"excerpt":{"rendered":"<p>C\u00daCUTA.- Cierto d\u00eda de 1999, Adolfo Bol\u00edvar lleg\u00f3 a la rector\u00eda de la Universidad Francisco de Paula Santander para mostrarle un proyecto interesante para ejecutar en el centro de estudios superiores. Era el montaje de un Planetario, con observatorio astron\u00f3mico \u2013 record\u00f3 Patrocinio Ararat, receptor del documento que llevaba el licenciado Bol\u00edvar. El boceto satisfizo &hellip;<\/p>\n","protected":false},"author":1,"featured_media":40161,"comment_status":"open","ping_status":"open","sticky":false,"template":"","format":"standard","meta":{"footnotes":""},"categories":[4,6],"tags":[5954,4933,5955],"class_list":["post-40160","post","type-post","status-publish","format-standard","has-post-thumbnail","hentry","category-barra","category-ojo-avizor","tag-eureka-park","tag-patrocinio-ararat","tag-planetario-de-bogota"],"_links":{"self":[{"href":"https:\/\/contraluzcucuta.co\/index.php?rest_route=\/wp\/v2\/posts\/40160","targetHints":{"allow":["GET"]}}],"collection":[{"href":"https:\/\/contraluzcucuta.co\/index.php?rest_route=\/wp\/v2\/posts"}],"about":[{"href":"https:\/\/contraluzcucuta.co\/index.php?rest_route=\/wp\/v2\/types\/post"}],"author":[{"embeddable":true,"href":"https:\/\/contraluzcucuta.co\/index.php?rest_route=\/wp\/v2\/users\/1"}],"replies":[{"embeddable":true,"href":"https:\/\/contraluzcucuta.co\/index.php?rest_route=%2Fwp%2Fv2%2Fcomments&post=40160"}],"version-history":[{"count":1,"href":"https:\/\/contraluzcucuta.co\/index.php?rest_route=\/wp\/v2\/posts\/40160\/revisions"}],"predecessor-version":[{"id":40163,"href":"https:\/\/contraluzcucuta.co\/index.php?rest_route=\/wp\/v2\/posts\/40160\/revisions\/40163"}],"wp:featuredmedia":[{"embeddable":true,"href":"https:\/\/contraluzcucuta.co\/index.php?rest_route=\/wp\/v2\/media\/40161"}],"wp:attachment":[{"href":"https:\/\/contraluzcucuta.co\/index.php?rest_route=%2Fwp%2Fv2%2Fmedia&parent=40160"}],"wp:term":[{"taxonomy":"category","embeddable":true,"href":"https:\/\/contraluzcucuta.co\/index.php?rest_route=%2Fwp%2Fv2%2Fcategories&post=40160"},{"taxonomy":"post_tag","embeddable":true,"href":"https:\/\/contraluzcucuta.co\/index.php?rest_route=%2Fwp%2Fv2%2Ftags&post=40160"}],"curies":[{"name":"wp","href":"https:\/\/api.w.org\/{rel}","templated":true}]}}