{"id":40157,"date":"2024-01-15T20:45:35","date_gmt":"2024-01-16T01:45:35","guid":{"rendered":"https:\/\/contraluzcucuta.co\/?p=40157"},"modified":"2024-01-15T20:45:35","modified_gmt":"2024-01-16T01:45:35","slug":"en-voz-alta-la-accion-comunal-no-esta-sola-jorge-acevedo","status":"publish","type":"post","link":"https:\/\/contraluzcucuta.co\/?p=40157","title":{"rendered":"EN VOZ ALTA. La acci\u00f3n comunal no est\u00e1 sola: Jorge Acevedo"},"content":{"rendered":"<p style=\"padding-left: 40px; text-align: right;\"><strong><span style=\"color: #ff9900;\">C\u00daCUTA.- Presidentes de juntas de acci\u00f3n comunal, preocupados por las amenazas de las que v\u00edctimas y tras el asesinato de uno de los dirigentes este a\u00f1o, llegaron hasta el Palacio Municipal para exigirle al alcalde que los atienda y entienda la situaci\u00f3n que afrontan.<\/span><\/strong><\/p>\n<p>Jorge Acevedo atendi\u00f3 a los l\u00edderes y escuch\u00f3 las peticiones, direccionadas hacia la protecci\u00f3n de la vida y la implementaci\u00f3n de medidas de seguridad que les permitan cumplir el ejercicio de las labores comunitarias.<\/p>\n<p>Los comunales pidieron:<\/p>\n<ul>\n<li>Instalaci\u00f3n de c\u00e1maras de seguridad<\/li>\n<li>Mantenimiento de los sistemas de vigilancia<\/li>\n<li>Fortalecer las rutas de seguridad f\u00edsica<\/li>\n<li>Protecci\u00f3n para los l\u00edderes<\/li>\n<li>Mejorar la atenci\u00f3n a los l\u00edderes y a las familias<\/li>\n<li>Crear frentes de seguridad<\/li>\n<li>Robustecer el alumbrado p\u00fablico.<\/li>\n<\/ul>\n<p>\u201cLa acci\u00f3n comunal no est\u00e1 sola. La ciudadan\u00eda no est\u00e1 sola y necesito que todos pongan de su parte para cuidarnos\u201d, dijo el alcalde Acevedo. Inform\u00f3 que el gobierno local finiquita el proyecto de las c\u00e1maras de seguridad y el Plan Libertad y Orden para reforzar la seguridad paso a paso.<\/p>\n<p>Los l\u00edderes hicieron un llamado a la paz y resaltaron que el Alcalde los hubiera escuchado. Indicaron que la crisis que los aqueja sucede desde a\u00f1os atr\u00e1s. Luego, tuvieron una reuni\u00f3n privada en el despacho para dise\u00f1ar la estrategia dirigida hacia el Gobierno.<\/p>\n","protected":false},"excerpt":{"rendered":"<p>C\u00daCUTA.- Presidentes de juntas de acci\u00f3n comunal, preocupados por las amenazas de las que v\u00edctimas y tras el asesinato de uno de los dirigentes este a\u00f1o, llegaron hasta el Palacio Municipal para exigirle al alcalde que los atienda y entienda la situaci\u00f3n que afrontan. Jorge Acevedo atendi\u00f3 a los l\u00edderes y escuch\u00f3 las peticiones, direccionadas &hellip;<\/p>\n","protected":false},"author":1,"featured_media":40158,"comment_status":"open","ping_status":"open","sticky":false,"template":"","format":"standard","meta":{"footnotes":""},"categories":[2625,4],"tags":[226,2192,2910],"class_list":["post-40157","post","type-post","status-publish","format-standard","has-post-thumbnail","hentry","category-alcaldia-de-cucuta","category-barra","tag-alcaldia-de-cucuta","tag-jorge-acevedo","tag-juntas-comunales"],"_links":{"self":[{"href":"https:\/\/contraluzcucuta.co\/index.php?rest_route=\/wp\/v2\/posts\/40157","targetHints":{"allow":["GET"]}}],"collection":[{"href":"https:\/\/contraluzcucuta.co\/index.php?rest_route=\/wp\/v2\/posts"}],"about":[{"href":"https:\/\/contraluzcucuta.co\/index.php?rest_route=\/wp\/v2\/types\/post"}],"author":[{"embeddable":true,"href":"https:\/\/contraluzcucuta.co\/index.php?rest_route=\/wp\/v2\/users\/1"}],"replies":[{"embeddable":true,"href":"https:\/\/contraluzcucuta.co\/index.php?rest_route=%2Fwp%2Fv2%2Fcomments&post=40157"}],"version-history":[{"count":1,"href":"https:\/\/contraluzcucuta.co\/index.php?rest_route=\/wp\/v2\/posts\/40157\/revisions"}],"predecessor-version":[{"id":40159,"href":"https:\/\/contraluzcucuta.co\/index.php?rest_route=\/wp\/v2\/posts\/40157\/revisions\/40159"}],"wp:featuredmedia":[{"embeddable":true,"href":"https:\/\/contraluzcucuta.co\/index.php?rest_route=\/wp\/v2\/media\/40158"}],"wp:attachment":[{"href":"https:\/\/contraluzcucuta.co\/index.php?rest_route=%2Fwp%2Fv2%2Fmedia&parent=40157"}],"wp:term":[{"taxonomy":"category","embeddable":true,"href":"https:\/\/contraluzcucuta.co\/index.php?rest_route=%2Fwp%2Fv2%2Fcategories&post=40157"},{"taxonomy":"post_tag","embeddable":true,"href":"https:\/\/contraluzcucuta.co\/index.php?rest_route=%2Fwp%2Fv2%2Ftags&post=40157"}],"curies":[{"name":"wp","href":"https:\/\/api.w.org\/{rel}","templated":true}]}}