{"id":40150,"date":"2024-01-15T20:32:22","date_gmt":"2024-01-16T01:32:22","guid":{"rendered":"https:\/\/contraluzcucuta.co\/?p=40150"},"modified":"2024-01-15T20:35:14","modified_gmt":"2024-01-16T01:35:14","slug":"cucutenos-por-el-mundo-me-gusta-como-se-vive-en-argentina","status":"publish","type":"post","link":"https:\/\/contraluzcucuta.co\/?p=40150","title":{"rendered":"CUCUTE\u00d1OS POR EL MUNDO. \u00a0Me gusta como se vive en Argentina: Raisa Laguado"},"content":{"rendered":"<p style=\"padding-left: 40px; text-align: right;\"><strong><span style=\"color: #ff9900;\">C\u00daCUTA.- Los padres de comienzos del siglo XX se apoyaban en el Almanaque Bristol para ponerles los nombres a los hijos. O los bautizaban como homenaje al abuelo o al t\u00edo materno. Tambi\u00e9n, para recordar al \u00eddolo musical, cinematogr\u00e1fico, radial o de televisi\u00f3n. Otros, los hac\u00edan sus tocayos para alargar la dinast\u00eda.<\/span><\/strong><\/p>\n<p><a href=\"https:\/\/contraluzcucuta.co\/wp-content\/uploads\/2024\/01\/RAISA-LAGUADO-5.jpeg\"><img loading=\"lazy\" decoding=\"async\" class=\"alignnone size-medium wp-image-40152 alignleft\" src=\"https:\/\/contraluzcucuta.co\/wp-content\/uploads\/2024\/01\/RAISA-LAGUADO-5-225x300.jpeg\" alt=\"\" width=\"225\" height=\"300\" srcset=\"https:\/\/contraluzcucuta.co\/wp-content\/uploads\/2024\/01\/RAISA-LAGUADO-5-225x300.jpeg 225w, https:\/\/contraluzcucuta.co\/wp-content\/uploads\/2024\/01\/RAISA-LAGUADO-5-600x800.jpeg 600w, https:\/\/contraluzcucuta.co\/wp-content\/uploads\/2024\/01\/RAISA-LAGUADO-5-768x1024.jpeg 768w, https:\/\/contraluzcucuta.co\/wp-content\/uploads\/2024\/01\/RAISA-LAGUADO-5-1152x1536.jpeg 1152w, https:\/\/contraluzcucuta.co\/wp-content\/uploads\/2024\/01\/RAISA-LAGUADO-5.jpeg 1200w\" sizes=\"auto, (max-width: 225px) 100vw, 225px\" \/><\/a><\/p>\n<p>De un tiempo para ac\u00e1 se pusieron de moda los nombres de personajes extranjeros. As\u00ed, abundan en ingl\u00e9s, franc\u00e9s, \u00e1rabe, italiano, portugu\u00e9s, alem\u00e1n, griegos y latinos. En medio de ellos est\u00e1 Raisa, para recordar a la se\u00f1ora Gorbacheva, ex primera dama de la Uni\u00f3n Sovi\u00e9tica. La diferencia la marcan los apellidos. La cucute\u00f1a es Laguado Hern\u00e1ndez.<\/p>\n<p>Esta m\u00e9dica, egresada de la universidad de Pamplona y especialista en diagn\u00f3stico por im\u00e1genes de la UBA y SAR, se prepara en Buenos Aires (Argentina) en im\u00e1genes mamarias. En enero del 2019, parti\u00f3 hacia la capital argentina, porque all\u00ed encontr\u00f3 buenas opciones para continuar los estudios.<\/p>\n<ul>\n<li><em>Es una ciudad hermosa. Al principio, no te atrapa el clima, porque los inviernos son muy fr\u00edos y los veranos de mucho calor y humedad. La cultura y la pasi\u00f3n por el deporte terminan atrap\u00e1ndote. <\/em><\/li>\n<\/ul>\n<p>Se siente afortunada, porque vivi\u00f3 el momento en el que Argentina gan\u00f3 el Mundial de f\u00fatbol. Esa ha sido la mejor experiencia que ha tenido. Aparte de las acad\u00e9micas y las que ha disfrutado con la comida diferente a la colombiana. Los desayunos son dulces (medialunas, alfajores y galletas). Los almuerzos,\u00a0 en verano, son solo ensaladas. Eso le pareci\u00f3 lo m\u00e1s dif\u00edcil en cuesti\u00f3n culinaria. Las frutas cambian con las estaciones y algunas ni saben que existen.<\/p>\n<p>Acostumbrarse a esa cultura, tan distinta a la motilona, no le cost\u00f3 trabajo, pues viaj\u00f3 con un grupo de amigos que se conocieron en la universidad. El trato y la compa\u00f1\u00eda cotidianos los convirti\u00f3 en familia.<\/p>\n<p><a href=\"https:\/\/contraluzcucuta.co\/wp-content\/uploads\/2024\/01\/RAISA-LAGUADO-1.jpeg\"><img loading=\"lazy\" decoding=\"async\" class=\"alignnone size-medium wp-image-40153 alignleft\" src=\"https:\/\/contraluzcucuta.co\/wp-content\/uploads\/2024\/01\/RAISA-LAGUADO-1-300x225.jpeg\" alt=\"\" width=\"300\" height=\"225\" srcset=\"https:\/\/contraluzcucuta.co\/wp-content\/uploads\/2024\/01\/RAISA-LAGUADO-1-300x225.jpeg 300w, https:\/\/contraluzcucuta.co\/wp-content\/uploads\/2024\/01\/RAISA-LAGUADO-1-600x450.jpeg 600w, https:\/\/contraluzcucuta.co\/wp-content\/uploads\/2024\/01\/RAISA-LAGUADO-1-1024x768.jpeg 1024w, https:\/\/contraluzcucuta.co\/wp-content\/uploads\/2024\/01\/RAISA-LAGUADO-1-768x576.jpeg 768w, https:\/\/contraluzcucuta.co\/wp-content\/uploads\/2024\/01\/RAISA-LAGUADO-1.jpeg 1280w\" sizes=\"auto, (max-width: 300px) 100vw, 300px\" \/><\/a><\/p>\n<p><strong>\u00bfDe lo vivido qu\u00e9 ha sido lo mejor?<\/strong><\/p>\n<ul>\n<li><em>Lo primero, que el pa\u00eds me haya permitido trabajar y estudiar para obtener mi t\u00edtulo de especialista. Y lo segundo, haber estado cuando Argentina gan\u00f3 el Mundial. Fue algo del otro mundo. <\/em><\/li>\n<\/ul>\n<p>C\u00facuta y Buenos Aires son diferentes desde la arquitectura hasta el clima. No hay nada que las asemeje. Si pudiera traer algo de all\u00e1 para ac\u00e1 empezar\u00eda por los vinos; luego, el sistema de transporte (tren, subterr\u00e1neo y metrob\u00fas); despu\u00e9s, la amplitud de las calles y la adaptaci\u00f3n de sem\u00e1foros para peatones y personas con discapacidad auditiva.<\/p>\n<p>El ser colombiana no le ha ocasionado malos momentos. Por el contrario, ha recibido elogios por el acento al hablar, por el respeto hacia los dem\u00e1s y por la cordialidad con la que se expresa. Ese es el distintivo con el que demuestra que procede de la Perla del Norte.<\/p>\n<p><a href=\"https:\/\/contraluzcucuta.co\/wp-content\/uploads\/2024\/01\/RAISA-LAGUADO-10.jpg\"><img loading=\"lazy\" decoding=\"async\" class=\"alignnone size-medium wp-image-40154 alignleft\" src=\"https:\/\/contraluzcucuta.co\/wp-content\/uploads\/2024\/01\/RAISA-LAGUADO-10-300x206.jpg\" alt=\"\" width=\"300\" height=\"206\" srcset=\"https:\/\/contraluzcucuta.co\/wp-content\/uploads\/2024\/01\/RAISA-LAGUADO-10-300x206.jpg 300w, https:\/\/contraluzcucuta.co\/wp-content\/uploads\/2024\/01\/RAISA-LAGUADO-10-600x413.jpg 600w, https:\/\/contraluzcucuta.co\/wp-content\/uploads\/2024\/01\/RAISA-LAGUADO-10-110x75.jpg 110w, https:\/\/contraluzcucuta.co\/wp-content\/uploads\/2024\/01\/RAISA-LAGUADO-10.jpg 712w\" sizes=\"auto, (max-width: 300px) 100vw, 300px\" \/><\/a><\/p>\n<p><strong>\u00bfCu\u00e1ndo piensa regresar a su tierra?<\/strong><\/p>\n<ul>\n<li><em>La realidad, me gustar\u00eda quedarme. Me gusta como se vive en Argentina. La calidad de vida y la tranquilidad son inigualables. Infortunadamente, la econom\u00eda es inestable. As\u00ed que me quedo mientras hago los tr\u00e1mites para homologar mis t\u00edtulos en Colombia. Creo que, en un a\u00f1o, aproximadamente, estar\u00e9 de regreso.<\/em><\/li>\n<\/ul>\n<p><strong>RAFAEL ANTONIO PAB\u00d3N<\/strong><\/p>\n<p><strong><a href=\"mailto:rafaelpabon58@hotmail.com\">rafaelpabon58@hotmail.com<\/a><\/strong><\/p>\n","protected":false},"excerpt":{"rendered":"<p>C\u00daCUTA.- Los padres de comienzos del siglo XX se apoyaban en el Almanaque Bristol para ponerles los nombres a los hijos. O los bautizaban como homenaje al abuelo o al t\u00edo materno. Tambi\u00e9n, para recordar al \u00eddolo musical, cinematogr\u00e1fico, radial o de televisi\u00f3n. Otros, los hac\u00edan sus tocayos para alargar la dinast\u00eda. De un tiempo &hellip;<\/p>\n","protected":false},"author":1,"featured_media":40151,"comment_status":"open","ping_status":"open","sticky":false,"template":"","format":"standard","meta":{"footnotes":""},"categories":[45,4],"tags":[5930,2021,5953],"class_list":["post-40150","post","type-post","status-publish","format-standard","has-post-thumbnail","hentry","category-destacado","category-barra","tag-cucutenos-en-el-exterior","tag-cucutenos-por-el-mundo","tag-raisa-laguado"],"_links":{"self":[{"href":"https:\/\/contraluzcucuta.co\/index.php?rest_route=\/wp\/v2\/posts\/40150","targetHints":{"allow":["GET"]}}],"collection":[{"href":"https:\/\/contraluzcucuta.co\/index.php?rest_route=\/wp\/v2\/posts"}],"about":[{"href":"https:\/\/contraluzcucuta.co\/index.php?rest_route=\/wp\/v2\/types\/post"}],"author":[{"embeddable":true,"href":"https:\/\/contraluzcucuta.co\/index.php?rest_route=\/wp\/v2\/users\/1"}],"replies":[{"embeddable":true,"href":"https:\/\/contraluzcucuta.co\/index.php?rest_route=%2Fwp%2Fv2%2Fcomments&post=40150"}],"version-history":[{"count":2,"href":"https:\/\/contraluzcucuta.co\/index.php?rest_route=\/wp\/v2\/posts\/40150\/revisions"}],"predecessor-version":[{"id":40156,"href":"https:\/\/contraluzcucuta.co\/index.php?rest_route=\/wp\/v2\/posts\/40150\/revisions\/40156"}],"wp:featuredmedia":[{"embeddable":true,"href":"https:\/\/contraluzcucuta.co\/index.php?rest_route=\/wp\/v2\/media\/40151"}],"wp:attachment":[{"href":"https:\/\/contraluzcucuta.co\/index.php?rest_route=%2Fwp%2Fv2%2Fmedia&parent=40150"}],"wp:term":[{"taxonomy":"category","embeddable":true,"href":"https:\/\/contraluzcucuta.co\/index.php?rest_route=%2Fwp%2Fv2%2Fcategories&post=40150"},{"taxonomy":"post_tag","embeddable":true,"href":"https:\/\/contraluzcucuta.co\/index.php?rest_route=%2Fwp%2Fv2%2Ftags&post=40150"}],"curies":[{"name":"wp","href":"https:\/\/api.w.org\/{rel}","templated":true}]}}