{"id":40141,"date":"2024-01-14T19:25:05","date_gmt":"2024-01-15T00:25:05","guid":{"rendered":"https:\/\/contraluzcucuta.co\/?p=40141"},"modified":"2024-01-14T19:25:05","modified_gmt":"2024-01-15T00:25:05","slug":"armonia-vial-taxistas-plantean-medidas-para-armonizar-el-servicio","status":"publish","type":"post","link":"https:\/\/contraluzcucuta.co\/?p=40141","title":{"rendered":"ARMON\u00cdA VIAL. Taxistas plantean medidas para armonizar el servicio"},"content":{"rendered":"<p style=\"padding-left: 40px; text-align: right;\"><strong><span style=\"color: #ff9900;\">C\u00daCUTA.- Siete puntos ser\u00e1n fundamentales para establecer la armon\u00eda en la relaci\u00f3n administraci\u00f3n municipal \u2013 taxistas. El inter\u00e9s mutuo es mantener el di\u00e1logo continuo y directo con el alcalde Jorge Acevedo y el secretario de tr\u00e1nsito Albeiro Boh\u00f3rquez para discutir los temas comunes.<\/span><\/strong><\/p>\n<figure id=\"attachment_40143\" aria-describedby=\"caption-attachment-40143\" style=\"width: 300px\" class=\"wp-caption alignleft\"><a href=\"https:\/\/contraluzcucuta.co\/wp-content\/uploads\/2024\/01\/ALCALDIA-TAXISTAS-1.jpg\"><img loading=\"lazy\" decoding=\"async\" class=\"size-medium wp-image-40143\" src=\"https:\/\/contraluzcucuta.co\/wp-content\/uploads\/2024\/01\/ALCALDIA-TAXISTAS-1-300x239.jpg\" alt=\"\" width=\"300\" height=\"239\" srcset=\"https:\/\/contraluzcucuta.co\/wp-content\/uploads\/2024\/01\/ALCALDIA-TAXISTAS-1-300x239.jpg 300w, https:\/\/contraluzcucuta.co\/wp-content\/uploads\/2024\/01\/ALCALDIA-TAXISTAS-1-600x479.jpg 600w, https:\/\/contraluzcucuta.co\/wp-content\/uploads\/2024\/01\/ALCALDIA-TAXISTAS-1.jpg 699w\" sizes=\"auto, (max-width: 300px) 100vw, 300px\" \/><\/a><figcaption id=\"caption-attachment-40143\" class=\"wp-caption-text\">Foto: @AlcaldiaCucuta<\/figcaption><\/figure>\n<p>El objetivo de los compromisos suscritos es garantizar la seguridad, la calidad del servicio, la integralidad de conductores y pasajeros, la eficiencia en el transporte de usuarios y el orden en las calles cucute\u00f1as. el alcalde de C\u00facuta, Jorge Acevedo, en compa\u00f1\u00eda del secretario de Tr\u00e1nsito, Albeiro Boh\u00f3rquez, citaron a una reuni\u00f3n trascendental a los representantes de este gremio.<\/p>\n<p>Los puntos acordados son:<\/p>\n<ul>\n<li>Se garanticen los operativos de seguridad<\/li>\n<li>Haya organizaci\u00f3n en los paraderos<\/li>\n<li>Se implemente el pico y placa<\/li>\n<li>Mantener el convenio con la Polic\u00eda para el control en las calles<\/li>\n<li>Revisar las medidas en las estaciones de servicio<\/li>\n<li>Mejora de v\u00edas, sem\u00e1foros y marcaci\u00f3n vial<\/li>\n<li>Establecer nuevas tarifas de servicio p\u00fablico.<\/li>\n<\/ul>\n<p>Los acuerdos buscan fortalecer la colaboraci\u00f3n entre la administraci\u00f3n y los taxistas, con el fin de crear un entorno m\u00e1s seguro y eficiente para la movilidad en la ciudad.<\/p>\n","protected":false},"excerpt":{"rendered":"<p>C\u00daCUTA.- Siete puntos ser\u00e1n fundamentales para establecer la armon\u00eda en la relaci\u00f3n administraci\u00f3n municipal \u2013 taxistas. El inter\u00e9s mutuo es mantener el di\u00e1logo continuo y directo con el alcalde Jorge Acevedo y el secretario de tr\u00e1nsito Albeiro Boh\u00f3rquez para discutir los temas comunes. El objetivo de los compromisos suscritos es garantizar la seguridad, la calidad &hellip;<\/p>\n","protected":false},"author":1,"featured_media":40142,"comment_status":"open","ping_status":"open","sticky":false,"template":"","format":"standard","meta":{"footnotes":""},"categories":[4,6],"tags":[5950,226,5949,5938],"class_list":["post-40141","post","type-post","status-publish","format-standard","has-post-thumbnail","hentry","category-barra","category-ojo-avizor","tag-alcalde-jorge-acevedo","tag-alcaldia-de-cucuta","tag-armonia-vial","tag-taxistas-cucutenos"],"_links":{"self":[{"href":"https:\/\/contraluzcucuta.co\/index.php?rest_route=\/wp\/v2\/posts\/40141","targetHints":{"allow":["GET"]}}],"collection":[{"href":"https:\/\/contraluzcucuta.co\/index.php?rest_route=\/wp\/v2\/posts"}],"about":[{"href":"https:\/\/contraluzcucuta.co\/index.php?rest_route=\/wp\/v2\/types\/post"}],"author":[{"embeddable":true,"href":"https:\/\/contraluzcucuta.co\/index.php?rest_route=\/wp\/v2\/users\/1"}],"replies":[{"embeddable":true,"href":"https:\/\/contraluzcucuta.co\/index.php?rest_route=%2Fwp%2Fv2%2Fcomments&post=40141"}],"version-history":[{"count":1,"href":"https:\/\/contraluzcucuta.co\/index.php?rest_route=\/wp\/v2\/posts\/40141\/revisions"}],"predecessor-version":[{"id":40144,"href":"https:\/\/contraluzcucuta.co\/index.php?rest_route=\/wp\/v2\/posts\/40141\/revisions\/40144"}],"wp:featuredmedia":[{"embeddable":true,"href":"https:\/\/contraluzcucuta.co\/index.php?rest_route=\/wp\/v2\/media\/40142"}],"wp:attachment":[{"href":"https:\/\/contraluzcucuta.co\/index.php?rest_route=%2Fwp%2Fv2%2Fmedia&parent=40141"}],"wp:term":[{"taxonomy":"category","embeddable":true,"href":"https:\/\/contraluzcucuta.co\/index.php?rest_route=%2Fwp%2Fv2%2Fcategories&post=40141"},{"taxonomy":"post_tag","embeddable":true,"href":"https:\/\/contraluzcucuta.co\/index.php?rest_route=%2Fwp%2Fv2%2Ftags&post=40141"}],"curies":[{"name":"wp","href":"https:\/\/api.w.org\/{rel}","templated":true}]}}