{"id":40134,"date":"2024-01-14T19:02:36","date_gmt":"2024-01-15T00:02:36","guid":{"rendered":"https:\/\/contraluzcucuta.co\/?p=40134"},"modified":"2024-01-14T19:02:36","modified_gmt":"2024-01-15T00:02:36","slug":"temporada-de-fin-de-ano-cucutenos-compraron-mas-comida-que-ropa","status":"publish","type":"post","link":"https:\/\/contraluzcucuta.co\/?p=40134","title":{"rendered":"TEMPORADA DE FIN DE A\u00d1O. Cucute\u00f1os compraron m\u00e1s comida que ropa"},"content":{"rendered":"<p style=\"padding-left: 40px; text-align: right;\"><strong><span style=\"color: #ff9900;\">C\u00daCUTA.- En el sondeo cualitativo habitual, Fenalco Seccional Norte de Santander presenta a la opini\u00f3n el comportamiento en ventas de la temporada de fin de a\u00f1o, que se entiende como la primera fecha comercial en el pa\u00eds y en la ciudad.<\/span><\/strong><\/p>\n<p>La encuesta relata la data de lo acontecido en las empresas regionales, en cuanto a las ventas de fin de a\u00f1o.<\/p>\n<p>\u00bfAl finalizar el 2023, c\u00f3mo fue el comportamiento de las ventas, con relaci\u00f3n al a\u00f1o anterior?<\/p>\n<p>&#8211; 70 %. Menor a lo ocurrido en el 2022<\/p>\n<p>&#8211; 10 %. Se mantuvo igual<\/p>\n<p>&#8211; 20 %. No cumplieron el objetivo esperado.<\/p>\n<p>\u00bfSi su respuesta fue que no cumplieron las expectativas, indique a que atribuye este resultado?<\/p>\n<p>&#8211; 77 %. A una percepci\u00f3n pol\u00edtica negativa<\/p>\n<p>&#8211; 23 %. Falta de compradores.<\/p>\n<p>En los \u00faltimos meses del 2023 \u00bfcu\u00e1l fue el mejor en ventas?<\/p>\n<ul>\n<li>61%. Diciembre<\/li>\n<li>31 %. Octubre<\/li>\n<li>8 %. Noviembre<\/li>\n<\/ul>\n<p>Llama la atenci\u00f3n del gremio que, productos que tienen alta demanda en el fin de a\u00f1o, no sobrepasa lo ocurrido en el 2022. Por el contrario, se present\u00f3 un decrecimiento en ventas cercano al 20 %.<\/p>\n<p>\u201cEl hacer cambios en los procesos empresariales, aplicando innovaci\u00f3n, definici\u00f3n de nuevas estrategias comerciales y mesura para analizar el comportamiento del mercado en los pr\u00f3ximos meses, har\u00e1n que obtengamos resultados distintos\u201d, concluy\u00f3 Fenalco.<\/p>\n","protected":false},"excerpt":{"rendered":"<p>C\u00daCUTA.- En el sondeo cualitativo habitual, Fenalco Seccional Norte de Santander presenta a la opini\u00f3n el comportamiento en ventas de la temporada de fin de a\u00f1o, que se entiende como la primera fecha comercial en el pa\u00eds y en la ciudad. La encuesta relata la data de lo acontecido en las empresas regionales, en cuanto &hellip;<\/p>\n","protected":false},"author":1,"featured_media":40135,"comment_status":"open","ping_status":"open","sticky":false,"template":"","format":"standard","meta":{"footnotes":""},"categories":[4,36],"tags":[1526,5395],"class_list":["post-40134","post","type-post","status-publish","format-standard","has-post-thumbnail","hentry","category-barra","category-la-voz-del-pueblo","tag-fenalco-norte-de-santander","tag-la-voz-del-pueblo"],"_links":{"self":[{"href":"https:\/\/contraluzcucuta.co\/index.php?rest_route=\/wp\/v2\/posts\/40134","targetHints":{"allow":["GET"]}}],"collection":[{"href":"https:\/\/contraluzcucuta.co\/index.php?rest_route=\/wp\/v2\/posts"}],"about":[{"href":"https:\/\/contraluzcucuta.co\/index.php?rest_route=\/wp\/v2\/types\/post"}],"author":[{"embeddable":true,"href":"https:\/\/contraluzcucuta.co\/index.php?rest_route=\/wp\/v2\/users\/1"}],"replies":[{"embeddable":true,"href":"https:\/\/contraluzcucuta.co\/index.php?rest_route=%2Fwp%2Fv2%2Fcomments&post=40134"}],"version-history":[{"count":1,"href":"https:\/\/contraluzcucuta.co\/index.php?rest_route=\/wp\/v2\/posts\/40134\/revisions"}],"predecessor-version":[{"id":40136,"href":"https:\/\/contraluzcucuta.co\/index.php?rest_route=\/wp\/v2\/posts\/40134\/revisions\/40136"}],"wp:featuredmedia":[{"embeddable":true,"href":"https:\/\/contraluzcucuta.co\/index.php?rest_route=\/wp\/v2\/media\/40135"}],"wp:attachment":[{"href":"https:\/\/contraluzcucuta.co\/index.php?rest_route=%2Fwp%2Fv2%2Fmedia&parent=40134"}],"wp:term":[{"taxonomy":"category","embeddable":true,"href":"https:\/\/contraluzcucuta.co\/index.php?rest_route=%2Fwp%2Fv2%2Fcategories&post=40134"},{"taxonomy":"post_tag","embeddable":true,"href":"https:\/\/contraluzcucuta.co\/index.php?rest_route=%2Fwp%2Fv2%2Ftags&post=40134"}],"curies":[{"name":"wp","href":"https:\/\/api.w.org\/{rel}","templated":true}]}}