{"id":40130,"date":"2024-01-12T04:15:36","date_gmt":"2024-01-12T09:15:36","guid":{"rendered":"https:\/\/contraluzcucuta.co\/?p=40130"},"modified":"2024-01-12T04:15:36","modified_gmt":"2024-01-12T09:15:36","slug":"gremios-del-carbon-y-minero-mayor-acompanamiento-institucional","status":"publish","type":"post","link":"https:\/\/contraluzcucuta.co\/?p=40130","title":{"rendered":"GREMIOS DEL CARB\u00d3N Y MINERO. Mayor acompa\u00f1amiento institucional"},"content":{"rendered":"<p style=\"padding-left: 40px; text-align: right;\"><strong><span style=\"color: #ff9900;\">C\u00daCUTA.- Los sectores minero y de carb\u00f3n de Norte de Santander tendr\u00e1 mayor acompa\u00f1amiento institucional para afrontar la situaci\u00f3n que tiene atemorizados a los mineros en Sardinata. La decisi\u00f3n se tom\u00f3 en el encuentro que sostuvieron voceros de los afectados con autoridades civiles, policiales y militares.\u00a0<\/span><\/strong><\/p>\n<p>Otras conclusiones de la reuni\u00f3n son:<\/p>\n<p>&#8211; Comunicar al Alto Comisionado para la Paz las amenazas a representantes del gremio minero en Sardinata. Se desconocen la organizaci\u00f3n o grupo responsables.<\/p>\n<p>&#8211; La Gobernaci\u00f3n de Norte de Santander liderar\u00e1 un nuevo encuentro con m\u00e1s actores para coordinar acciones que brinden garant\u00edas a las empresas mineras.<\/p>\n<p>&#8211; Los mineros expondr\u00e1n a la opini\u00f3n la afectaci\u00f3n generada por las amenazas.<\/p>\n<p>&#8211; Se solicitar\u00e1 incremento de los pies de fuerza de la Polic\u00eda y el Ej\u00e9rcito.<\/p>\n<p>El gobernador William Villamizar indic\u00f3 que har\u00e1 seguimiento a esta situaci\u00f3n para garantizar que las actividades comerciales afectadas.<\/p>\n<p>La jornada, convocada por la Gobernaci\u00f3n de Norte de Santander, cont\u00f3 con participaci\u00f3n de la alcaldesa de Sardinata, Diomara Monta\u00f1ez; el Defensor del Pueblo, Pepe Ruiz; los secretarios de Gesti\u00f3n Minero Energ\u00e9tico, C\u00e9sar Castillo; de Gobierno, Jhonny Pe\u00f1aranda, y de Seguridad, George Quintero, y el Alto Consejero para la Paz y la Reconciliaci\u00f3n, Luis Fernando Ni\u00f1o.<\/p>\n","protected":false},"excerpt":{"rendered":"<p>C\u00daCUTA.- Los sectores minero y de carb\u00f3n de Norte de Santander tendr\u00e1 mayor acompa\u00f1amiento institucional para afrontar la situaci\u00f3n que tiene atemorizados a los mineros en Sardinata. La decisi\u00f3n se tom\u00f3 en el encuentro que sostuvieron voceros de los afectados con autoridades civiles, policiales y militares.\u00a0 Otras conclusiones de la reuni\u00f3n son: &#8211; Comunicar al &hellip;<\/p>\n","protected":false},"author":1,"featured_media":40131,"comment_status":"open","ping_status":"open","sticky":false,"template":"","format":"standard","meta":{"footnotes":""},"categories":[32],"tags":[379,5947],"class_list":["post-40130","post","type-post","status-publish","format-standard","has-post-thumbnail","hentry","category-recorrido-por-la-region","tag-gobernacion-de-norte-de-santander","tag-mineros-de-norte-de-santander"],"_links":{"self":[{"href":"https:\/\/contraluzcucuta.co\/index.php?rest_route=\/wp\/v2\/posts\/40130","targetHints":{"allow":["GET"]}}],"collection":[{"href":"https:\/\/contraluzcucuta.co\/index.php?rest_route=\/wp\/v2\/posts"}],"about":[{"href":"https:\/\/contraluzcucuta.co\/index.php?rest_route=\/wp\/v2\/types\/post"}],"author":[{"embeddable":true,"href":"https:\/\/contraluzcucuta.co\/index.php?rest_route=\/wp\/v2\/users\/1"}],"replies":[{"embeddable":true,"href":"https:\/\/contraluzcucuta.co\/index.php?rest_route=%2Fwp%2Fv2%2Fcomments&post=40130"}],"version-history":[{"count":1,"href":"https:\/\/contraluzcucuta.co\/index.php?rest_route=\/wp\/v2\/posts\/40130\/revisions"}],"predecessor-version":[{"id":40132,"href":"https:\/\/contraluzcucuta.co\/index.php?rest_route=\/wp\/v2\/posts\/40130\/revisions\/40132"}],"wp:featuredmedia":[{"embeddable":true,"href":"https:\/\/contraluzcucuta.co\/index.php?rest_route=\/wp\/v2\/media\/40131"}],"wp:attachment":[{"href":"https:\/\/contraluzcucuta.co\/index.php?rest_route=%2Fwp%2Fv2%2Fmedia&parent=40130"}],"wp:term":[{"taxonomy":"category","embeddable":true,"href":"https:\/\/contraluzcucuta.co\/index.php?rest_route=%2Fwp%2Fv2%2Fcategories&post=40130"},{"taxonomy":"post_tag","embeddable":true,"href":"https:\/\/contraluzcucuta.co\/index.php?rest_route=%2Fwp%2Fv2%2Ftags&post=40130"}],"curies":[{"name":"wp","href":"https:\/\/api.w.org\/{rel}","templated":true}]}}