{"id":40122,"date":"2024-01-12T04:06:40","date_gmt":"2024-01-12T09:06:40","guid":{"rendered":"https:\/\/contraluzcucuta.co\/?p=40122"},"modified":"2024-01-12T04:06:40","modified_gmt":"2024-01-12T09:06:40","slug":"cucutenos-por-el-mundo-la-calidad-de-vida-que-tengo-aca-no-la-veo-alla-yina-rivera","status":"publish","type":"post","link":"https:\/\/contraluzcucuta.co\/?p=40122","title":{"rendered":"CUCUTE\u00d1OS POR EL MUNDO. La calidad de vida que tengo ac\u00e1, no la veo all\u00e1: Yina Rivera"},"content":{"rendered":"<p style=\"padding-left: 40px; text-align: right;\"><strong><span style=\"color: #ff9900;\">C\u00daCUTA.- Pasar de repente de los 37 grados cucute\u00f1os a estar 30 grados bajo cero es una experiencia que pocos viven y alcanzan a soportar antes de pensar en dar marcha atr\u00e1s a los sue\u00f1os. Esa vivencia es f\u00e1cil de contar y de describir, pero dif\u00edcil de aguantar, a pesar de la ropa pesada que se vista. Si se pasa la prueba de los primeros d\u00edas, los meses y a\u00f1os restantes llegar\u00e1n con a\u00f1adidura.<\/span><\/strong><\/p>\n<p style=\"text-align: left;\">\n<p style=\"text-align: left;\">Yina Paola Rivera Vergel, en el 2006, cuando a\u00fan era estudiante de comunicaci\u00f3n social decidi\u00f3 dejar a C\u00facuta y viajar a Bogot\u00e1. En la capital del pa\u00eds termin\u00f3 la carrera profesional y comenz\u00f3 a pensar en la posibilidad de volar m\u00e1s alto. Puso los ojos en Canad\u00e1 y Suiza. Se decant\u00f3 por ir a Norte Am\u00e9rica, aplic\u00f3 para que la recibieran y se march\u00f3.<\/p>\n<p><a href=\"https:\/\/contraluzcucuta.co\/wp-content\/uploads\/2024\/01\/YINA-RIVERA-3.jpg\"><img loading=\"lazy\" decoding=\"async\" class=\"alignnone size-medium wp-image-40125 alignleft\" src=\"https:\/\/contraluzcucuta.co\/wp-content\/uploads\/2024\/01\/YINA-RIVERA-3-300x271.jpg\" alt=\"\" width=\"300\" height=\"271\" srcset=\"https:\/\/contraluzcucuta.co\/wp-content\/uploads\/2024\/01\/YINA-RIVERA-3-300x271.jpg 300w, https:\/\/contraluzcucuta.co\/wp-content\/uploads\/2024\/01\/YINA-RIVERA-3-600x543.jpg 600w, https:\/\/contraluzcucuta.co\/wp-content\/uploads\/2024\/01\/YINA-RIVERA-3-768x695.jpg 768w, https:\/\/contraluzcucuta.co\/wp-content\/uploads\/2024\/01\/YINA-RIVERA-3.jpg 941w\" sizes=\"auto, (max-width: 300px) 100vw, 300px\" \/><\/a><\/p>\n<p>Quebec la recibi\u00f3 sonriente. A los tres meses de estad\u00eda ten\u00eda c\u00e9dula de residente y a los cuatro a\u00f1os estaba nacionalizada. El haber estado 11 a\u00f1os tan lejos de la ciudad natal, no le ha hecho perder el acento al hablar. Eso s\u00ed, hoy tiene preferencia por la provincia canadiense, porque es tranquila, con ambiente familiar, ideal para la crianza de los hijos Danna y Bruno, y segura. <em>\u201cNo la cambio por nada\u201d.<\/em><\/p>\n<p><a href=\"https:\/\/contraluzcucuta.co\/wp-content\/uploads\/2024\/01\/YINA-RIVERA-7.jpeg\"><img loading=\"lazy\" decoding=\"async\" class=\"alignnone size-medium wp-image-40126 alignleft\" src=\"https:\/\/contraluzcucuta.co\/wp-content\/uploads\/2024\/01\/YINA-RIVERA-7-225x300.jpeg\" alt=\"\" width=\"225\" height=\"300\" srcset=\"https:\/\/contraluzcucuta.co\/wp-content\/uploads\/2024\/01\/YINA-RIVERA-7-225x300.jpeg 225w, https:\/\/contraluzcucuta.co\/wp-content\/uploads\/2024\/01\/YINA-RIVERA-7-600x800.jpeg 600w, https:\/\/contraluzcucuta.co\/wp-content\/uploads\/2024\/01\/YINA-RIVERA-7-768x1024.jpeg 768w, https:\/\/contraluzcucuta.co\/wp-content\/uploads\/2024\/01\/YINA-RIVERA-7-1152x1536.jpeg 1152w, https:\/\/contraluzcucuta.co\/wp-content\/uploads\/2024\/01\/YINA-RIVERA-7.jpeg 1200w\" sizes=\"auto, (max-width: 225px) 100vw, 225px\" \/><\/a><\/p>\n<p>Los a\u00f1os le han ense\u00f1ado que hay muchas actividades para hacer. Puede irse al castillo m\u00e1s fotografiado del mundo o salir a observar el hotel de hielo. En verano ve oscurecerse a las 9:00 de la noche y en invierno, a las 3:00 de la tarde. Ah\u00ed tiene para escoger en qu\u00e9 momento hace el recorrido, qu\u00e9 ropa luce y con qui\u00e9n sale.<\/p>\n<p><em>\u201cAl comienzo da duro el idioma. La cultura es diferente\u201d<\/em>. El deseo por darles una mejor calidad de vida a los hijos la impuls\u00f3 a acostumbrarse a esa cultura tan distinta a la colombiana, en general, y a la cucute\u00f1a, en particular. Como madre cabeza de hogar ha tenido apoyo oficial y los ni\u00f1os tienen comodidades para estudiar.<\/p>\n<p>Al hablar de los nuevos paisanos no generaliza. As\u00ed como ha tropezado con gente fr\u00eda, tambi\u00e9n ha dado con personas a las que califica como lindas y queridas. <em>\u201cTrabajo en un CPE (Centre de la petite enfance), con ni\u00f1os de 6 meses a 5 a\u00f1os\u201d.<\/em> Ha recibido buen trato por la manera de comportarse. Es entrona, habladora, risue\u00f1a, caracter\u00edsticas propias de su ADN motil\u00f3n.<\/p>\n<p>Al hacer la evaluaci\u00f3n de lo vivido en busca de lo mejor, no duda. \u201cTodo\u201d. Ha aprendido con el cambio extremo, ha visto crecer a los hijos, se satisface con las ventajas aprovechadas, est\u00e1 form\u00e1ndose como docente, ha desarrollado otra vocaci\u00f3n.<\/p>\n<p><strong>\u00bfHay alguna comparaci\u00f3n con C\u00facuta?<\/strong><\/p>\n<ul>\n<li><em> Creo que ninguna. Aqu\u00ed cada quien defiende lo suyo. Hay que sacar cita para visitar a los amigos y a los familiares. Aqu\u00ed todo es como cronometrado, con fechas. No hay comparaci\u00f3n para nada.<\/em><\/li>\n<\/ul>\n<p>&nbsp;<\/p>\n<p><a href=\"https:\/\/contraluzcucuta.co\/wp-content\/uploads\/2024\/01\/YINA-RIVERA-8-1.jpeg\"><img loading=\"lazy\" decoding=\"async\" class=\"alignnone size-medium wp-image-40128 alignleft\" src=\"https:\/\/contraluzcucuta.co\/wp-content\/uploads\/2024\/01\/YINA-RIVERA-8-1-300x272.jpeg\" alt=\"\" width=\"300\" height=\"272\" srcset=\"https:\/\/contraluzcucuta.co\/wp-content\/uploads\/2024\/01\/YINA-RIVERA-8-1-300x272.jpeg 300w, https:\/\/contraluzcucuta.co\/wp-content\/uploads\/2024\/01\/YINA-RIVERA-8-1-600x545.jpeg 600w, https:\/\/contraluzcucuta.co\/wp-content\/uploads\/2024\/01\/YINA-RIVERA-8-1-768x697.jpeg 768w, https:\/\/contraluzcucuta.co\/wp-content\/uploads\/2024\/01\/YINA-RIVERA-8-1.jpeg 946w\" sizes=\"auto, (max-width: 300px) 100vw, 300px\" \/><\/a><\/p>\n<p>Si pudiera traerse algo de Quebec para C\u00facuta optar\u00eda por meter en la maleta la puntualidad canadiense, por ser caracter\u00edstica fundamental entre esa comunidad norteamericana. Tambi\u00e9n, echar\u00eda en bolsas un poquito de nieve para calmar el calor que sofoca a los cucute\u00f1os.<\/p>\n<p>No ha pasado malos ratos por ser colombiana. Al contrario, en algunas oportunidades destacan la jocosidad de los nacionales y la disponibilidad para dar m\u00e1s all\u00e1 de lo que se les pide. Ni siquiera se han burlado cuando no ha podido con el idioma, por el contrario, la ayudan a entender.<\/p>\n<p>La camiseta rojinegra es el distintivo con la que muestra su procedencia. No cambia la comida colombiana y prepara los alimentos tradicionales, as\u00ed haya aprendido a comer mejor. Vive pendiente de lo que ocurre en C\u00facuta. Mira las redes sociales para estar informada.<\/p>\n<p><strong>\u00bfPiensa regresar a su tierra o ya ech\u00f3 ra\u00edces all\u00e1?<\/strong><\/p>\n<ul>\n<li><em>No creo que regrese. Por ahora no est\u00e1 en mis proyectos. Ac\u00e1 puedo hacer m\u00e1s que all\u00e1. Estoy bien ac\u00e1. Termino mi segunda profesi\u00f3n, mi hija est\u00e1 en la universidad, mi hijo est\u00e1 en noveno grado. La calidad de vida que tengo ac\u00e1, no la veo all\u00e1.<\/em><\/li>\n<\/ul>\n<p><strong>RAFAEL ANTONIO PAB\u00d3N<\/strong><\/p>\n<p><a href=\"mailto:rafaelpabon58@hotmail.com\"><strong>rafaelpabon58@hotmail.com<\/strong><\/a><\/p>\n","protected":false},"excerpt":{"rendered":"<p>C\u00daCUTA.- Pasar de repente de los 37 grados cucute\u00f1os a estar 30 grados bajo cero es una experiencia que pocos viven y alcanzan a soportar antes de pensar en dar marcha atr\u00e1s a los sue\u00f1os. Esa vivencia es f\u00e1cil de contar y de describir, pero dif\u00edcil de aguantar, a pesar de la ropa pesada que &hellip;<\/p>\n","protected":false},"author":1,"featured_media":40123,"comment_status":"open","ping_status":"open","sticky":false,"template":"","format":"standard","meta":{"footnotes":""},"categories":[45,4],"tags":[5930,2021,5946],"class_list":["post-40122","post","type-post","status-publish","format-standard","has-post-thumbnail","hentry","category-destacado","category-barra","tag-cucutenos-en-el-exterior","tag-cucutenos-por-el-mundo","tag-yina-rivera"],"_links":{"self":[{"href":"https:\/\/contraluzcucuta.co\/index.php?rest_route=\/wp\/v2\/posts\/40122","targetHints":{"allow":["GET"]}}],"collection":[{"href":"https:\/\/contraluzcucuta.co\/index.php?rest_route=\/wp\/v2\/posts"}],"about":[{"href":"https:\/\/contraluzcucuta.co\/index.php?rest_route=\/wp\/v2\/types\/post"}],"author":[{"embeddable":true,"href":"https:\/\/contraluzcucuta.co\/index.php?rest_route=\/wp\/v2\/users\/1"}],"replies":[{"embeddable":true,"href":"https:\/\/contraluzcucuta.co\/index.php?rest_route=%2Fwp%2Fv2%2Fcomments&post=40122"}],"version-history":[{"count":1,"href":"https:\/\/contraluzcucuta.co\/index.php?rest_route=\/wp\/v2\/posts\/40122\/revisions"}],"predecessor-version":[{"id":40129,"href":"https:\/\/contraluzcucuta.co\/index.php?rest_route=\/wp\/v2\/posts\/40122\/revisions\/40129"}],"wp:featuredmedia":[{"embeddable":true,"href":"https:\/\/contraluzcucuta.co\/index.php?rest_route=\/wp\/v2\/media\/40123"}],"wp:attachment":[{"href":"https:\/\/contraluzcucuta.co\/index.php?rest_route=%2Fwp%2Fv2%2Fmedia&parent=40122"}],"wp:term":[{"taxonomy":"category","embeddable":true,"href":"https:\/\/contraluzcucuta.co\/index.php?rest_route=%2Fwp%2Fv2%2Fcategories&post=40122"},{"taxonomy":"post_tag","embeddable":true,"href":"https:\/\/contraluzcucuta.co\/index.php?rest_route=%2Fwp%2Fv2%2Ftags&post=40122"}],"curies":[{"name":"wp","href":"https:\/\/api.w.org\/{rel}","templated":true}]}}