{"id":40110,"date":"2024-01-12T03:26:23","date_gmt":"2024-01-12T08:26:23","guid":{"rendered":"https:\/\/contraluzcucuta.co\/?p=40110"},"modified":"2024-01-12T03:26:23","modified_gmt":"2024-01-12T08:26:23","slug":"en-voz-alta-la-banda-departamental-santa-cecilia-se-envejecio","status":"publish","type":"post","link":"https:\/\/contraluzcucuta.co\/?p=40110","title":{"rendered":"EN VOZ ALTA. La Banda Departamental Santa Cecilia se envejeci\u00f3"},"content":{"rendered":"<p style=\"padding-left: 40px; text-align: right;\"><strong><span style=\"color: #ff9900;\">C\u00daCUTA.- La Banda Departamental de M\u00fasicos Santa Cecilia envejeci\u00f3. Y no solo en la edad de los integrantes, tambi\u00e9n los instrumentos y los atriles son los mismos que se utilizaron hace dos d\u00e9cadas, antes de desaparecer del \u00e1mbito cultural de Norte de Santander.<\/span><\/strong><\/p>\n<p><a href=\"https:\/\/contraluzcucuta.co\/wp-content\/uploads\/2024\/01\/BANDA-2.jpeg\"><img loading=\"lazy\" decoding=\"async\" class=\"alignnone size-medium wp-image-40112 alignleft\" src=\"https:\/\/contraluzcucuta.co\/wp-content\/uploads\/2024\/01\/BANDA-2-300x200.jpeg\" alt=\"\" width=\"300\" height=\"200\" srcset=\"https:\/\/contraluzcucuta.co\/wp-content\/uploads\/2024\/01\/BANDA-2-300x200.jpeg 300w, https:\/\/contraluzcucuta.co\/wp-content\/uploads\/2024\/01\/BANDA-2-600x401.jpeg 600w, https:\/\/contraluzcucuta.co\/wp-content\/uploads\/2024\/01\/BANDA-2-1024x684.jpeg 1024w, https:\/\/contraluzcucuta.co\/wp-content\/uploads\/2024\/01\/BANDA-2-768x513.jpeg 768w, https:\/\/contraluzcucuta.co\/wp-content\/uploads\/2024\/01\/BANDA-2.jpeg 1080w\" sizes=\"auto, (max-width: 300px) 100vw, 300px\" \/><\/a><\/p>\n<p>Evaristo Laguado ingres\u00f3 a la Banda en 1984, han pasado 40 a\u00f1os y mantiene la preocupaci\u00f3n porque la agrupaci\u00f3n no se acabe para siempre. El sue\u00f1o musical que alberga es volver al primer lugar en los actos conmemorativos locales y regionales, y que en las posesiones de gobernantes, en las universidades y en la Casa del General Santander retumben oboes, flautas, clarinetes, requintos, clarinetes bajos, saxofones sopranos, altos, tenores y bar\u00edtonos, trompetas, trombones y tubas.<\/p>\n<p>El uniforme que recibieron hace cuatro a\u00f1os lo mantienen impecable. Est\u00e1 listo para complementar la ilusi\u00f3n que atesoran con el ofrecimiento del gobernador William Villamizar, porque est\u00e1 interesado en recuperar esa parte cultural. En 1999, en la administraci\u00f3n de Jorge Garc\u00eda-Herreros (1997 \u2013 2000), se cerr\u00f3 el Instituto de Bellas Artes. Autom\u00e1ticamente, se acab\u00f3 la Banda Departamental.<\/p>\n<p>Pasaron por la C\u00fapula Chata Juan Alcides Santaella (2001 \u2013 2004), Luis Miguel Morelli (2004 &#8211; 2008), William Villamizar (2008 &#8211; 2010), Enrique Ram\u00edrez Y\u00e1\u00f1ez (2010 &#8211; 2011), Adalberto Palacios (2011 &#8211; 2012) y Edgar D\u00edaz (2012 &#8211; 2016) sin que se conmovieran por la carencia de la agrupaci\u00f3n musical. Dieciocho a\u00f1os despu\u00e9s, se reactiv\u00f3.<\/p>\n<p><a href=\"https:\/\/contraluzcucuta.co\/wp-content\/uploads\/2024\/01\/BANDA-3.jpeg\"><img loading=\"lazy\" decoding=\"async\" class=\"alignnone size-medium wp-image-40113 alignleft\" src=\"https:\/\/contraluzcucuta.co\/wp-content\/uploads\/2024\/01\/BANDA-3-300x174.jpeg\" alt=\"\" width=\"300\" height=\"174\" srcset=\"https:\/\/contraluzcucuta.co\/wp-content\/uploads\/2024\/01\/BANDA-3-300x174.jpeg 300w, https:\/\/contraluzcucuta.co\/wp-content\/uploads\/2024\/01\/BANDA-3-600x348.jpeg 600w, https:\/\/contraluzcucuta.co\/wp-content\/uploads\/2024\/01\/BANDA-3-1024x594.jpeg 1024w, https:\/\/contraluzcucuta.co\/wp-content\/uploads\/2024\/01\/BANDA-3-768x446.jpeg 768w, https:\/\/contraluzcucuta.co\/wp-content\/uploads\/2024\/01\/BANDA-3.jpeg 1080w\" sizes=\"auto, (max-width: 300px) 100vw, 300px\" \/><\/a><\/p>\n<p>\u201cSe vivi\u00f3 un abismo grand\u00edsimo. Cada m\u00fasico busc\u00f3 c\u00f3mo subsistir en orquestas, papayeras, agrupaciones, pero nunca hubo acercamientos para ensayar, porque no hab\u00eda qui\u00e9n los uniera. Jes\u00fas Zambrano apareci\u00f3 en el 2018 y foment\u00f3 la uni\u00f3n\u201d, dijo Evaristo Laguado.<\/p>\n<p>A la convocatoria respondieron 36 integrantes. Ahora, hay 33, se fueron tres. Ingresaron 12 j\u00f3venes. Hay cuatro o cinco m\u00fasicos enfermos, a quienes la m\u00fasica los incentiva, les despierta las ganas de vivir y de seguir so\u00f1ando, porque todav\u00eda sue\u00f1an.<\/p>\n<p>Las puertas de la Banda se han abierto de par en par para que entre la renovaci\u00f3n. \u201cLo que pasa es que la renovaci\u00f3n no puede hacerse con las u\u00f1as. A los muchachos hay que pagarles. Hay muchachos buenos, pero no hay acoplamiento\u201d.<\/p>\n<p>Por esa carencia econ\u00f3mica no pueden incluir a los nuevos en el proyecto, porque el presupuesto no alcanza. Los tienen en preaviso para ser los remplazos de alg\u00fan integrante por muerte o por cansancio. Ser\u00e1n suplentes en la n\u00f3mina musical.<\/p>\n<p><a href=\"https:\/\/contraluzcucuta.co\/wp-content\/uploads\/2024\/01\/BANDA-5.jpeg\"><img loading=\"lazy\" decoding=\"async\" class=\"alignnone size-medium wp-image-40114 alignleft\" src=\"https:\/\/contraluzcucuta.co\/wp-content\/uploads\/2024\/01\/BANDA-5-300x173.jpeg\" alt=\"\" width=\"300\" height=\"173\" srcset=\"https:\/\/contraluzcucuta.co\/wp-content\/uploads\/2024\/01\/BANDA-5-300x173.jpeg 300w, https:\/\/contraluzcucuta.co\/wp-content\/uploads\/2024\/01\/BANDA-5-600x346.jpeg 600w, https:\/\/contraluzcucuta.co\/wp-content\/uploads\/2024\/01\/BANDA-5-1024x590.jpeg 1024w, https:\/\/contraluzcucuta.co\/wp-content\/uploads\/2024\/01\/BANDA-5-768x442.jpeg 768w, https:\/\/contraluzcucuta.co\/wp-content\/uploads\/2024\/01\/BANDA-5.jpeg 1080w\" sizes=\"auto, (max-width: 300px) 100vw, 300px\" \/><\/a><\/p>\n<p>\u201cLos instrumentos son los mismos de hace dos d\u00e9cadas. No ha habido oportunidad de comprar, porque son costosos. Cada uno vale m\u00e1s de $ 5,0 millones. No podemos decir que es facilito meter a algunos. Est\u00e1n los mismos atriles\u201d. El otrora Instituto de Cultura y Bellas Artes era bueno y apoyaba. Las presentaciones eran apote\u00f3sicas. Ahora, los contratos que reciben llegan por intermedio de la Secretar\u00eda Departamental de Cultura.<\/p>\n<p>Hace cuatro a\u00f1os les asignaron 10 conciertos que, normalmente, los ejecutaban en templos cat\u00f3licos. \u201cPara el presente, la idea es aprovechar la ayuda ofrecida por el gobernador Villamizar. Mirar qu\u00e9 va a dar y c\u00f3mo nos va a dar. Propondremos proyectos para desarrollar en la periferia o en colegios adonde no llegue el aprendizaje de la m\u00fasica\u201d.<\/p>\n<p><strong>RAFAEL ANTONIO PAB\u00d3N<\/strong><\/p>\n<p><a href=\"mailto:rafaelpabon58@hotmail.com\"><strong>rafaelpabon58@hotmail.com<\/strong><\/a><\/p>\n","protected":false},"excerpt":{"rendered":"<p>C\u00daCUTA.- La Banda Departamental de M\u00fasicos Santa Cecilia envejeci\u00f3. Y no solo en la edad de los integrantes, tambi\u00e9n los instrumentos y los atriles son los mismos que se utilizaron hace dos d\u00e9cadas, antes de desaparecer del \u00e1mbito cultural de Norte de Santander. Evaristo Laguado ingres\u00f3 a la Banda en 1984, han pasado 40 a\u00f1os &hellip;<\/p>\n","protected":false},"author":1,"featured_media":40111,"comment_status":"open","ping_status":"open","sticky":false,"template":"","format":"standard","meta":{"footnotes":""},"categories":[4,36],"tags":[5943,5703,4260,4161],"class_list":["post-40110","post","type-post","status-publish","format-standard","has-post-thumbnail","hentry","category-barra","category-la-voz-del-pueblo","tag-banda-santa-cecilia","tag-en-voz-alta","tag-musicos-cucutenos","tag-musicos-nortesantandereanos"],"_links":{"self":[{"href":"https:\/\/contraluzcucuta.co\/index.php?rest_route=\/wp\/v2\/posts\/40110","targetHints":{"allow":["GET"]}}],"collection":[{"href":"https:\/\/contraluzcucuta.co\/index.php?rest_route=\/wp\/v2\/posts"}],"about":[{"href":"https:\/\/contraluzcucuta.co\/index.php?rest_route=\/wp\/v2\/types\/post"}],"author":[{"embeddable":true,"href":"https:\/\/contraluzcucuta.co\/index.php?rest_route=\/wp\/v2\/users\/1"}],"replies":[{"embeddable":true,"href":"https:\/\/contraluzcucuta.co\/index.php?rest_route=%2Fwp%2Fv2%2Fcomments&post=40110"}],"version-history":[{"count":1,"href":"https:\/\/contraluzcucuta.co\/index.php?rest_route=\/wp\/v2\/posts\/40110\/revisions"}],"predecessor-version":[{"id":40115,"href":"https:\/\/contraluzcucuta.co\/index.php?rest_route=\/wp\/v2\/posts\/40110\/revisions\/40115"}],"wp:featuredmedia":[{"embeddable":true,"href":"https:\/\/contraluzcucuta.co\/index.php?rest_route=\/wp\/v2\/media\/40111"}],"wp:attachment":[{"href":"https:\/\/contraluzcucuta.co\/index.php?rest_route=%2Fwp%2Fv2%2Fmedia&parent=40110"}],"wp:term":[{"taxonomy":"category","embeddable":true,"href":"https:\/\/contraluzcucuta.co\/index.php?rest_route=%2Fwp%2Fv2%2Fcategories&post=40110"},{"taxonomy":"post_tag","embeddable":true,"href":"https:\/\/contraluzcucuta.co\/index.php?rest_route=%2Fwp%2Fv2%2Ftags&post=40110"}],"curies":[{"name":"wp","href":"https:\/\/api.w.org\/{rel}","templated":true}]}}