{"id":40098,"date":"2024-01-10T19:57:14","date_gmt":"2024-01-11T00:57:14","guid":{"rendered":"https:\/\/contraluzcucuta.co\/?p=40098"},"modified":"2024-01-10T19:57:14","modified_gmt":"2024-01-11T00:57:14","slug":"la-playa-de-belen-el-pueblito-mas-lindo-de-norte-de-santander-hace-29-anos","status":"publish","type":"post","link":"https:\/\/contraluzcucuta.co\/?p=40098","title":{"rendered":"LA PLAYA DE BEL\u00c9N. El pueblito m\u00e1s lindo de Norte de Santander, hace 29 a\u00f1os"},"content":{"rendered":"<p style=\"padding-left: 40px; text-align: right;\"><strong><span style=\"color: #ff9900;\">C\u00daCUTA.- Hace 29 a\u00f1os (1995), el gobierno departamental organiz\u00f3 un concurso para encontrar el pueblito m\u00e1s bonito de Norte de Santander. Gan\u00f3 La Playa de Bel\u00e9n por m\u00faltiples razones. El nombre se le debe al sacerdote \u00c1ngel Cort\u00e9s. El municipio fue creado el 15 de septiembre de 1913.<\/span><\/strong><\/p>\n<p><a href=\"https:\/\/contraluzcucuta.co\/wp-content\/uploads\/2024\/01\/LA-PLAYA-DE-BELEN-1.webp\"><img loading=\"lazy\" decoding=\"async\" class=\"alignnone size-medium wp-image-40100 alignleft\" src=\"https:\/\/contraluzcucuta.co\/wp-content\/uploads\/2024\/01\/LA-PLAYA-DE-BELEN-1-300x169.webp\" alt=\"\" width=\"300\" height=\"169\" srcset=\"https:\/\/contraluzcucuta.co\/wp-content\/uploads\/2024\/01\/LA-PLAYA-DE-BELEN-1-300x169.webp 300w, https:\/\/contraluzcucuta.co\/wp-content\/uploads\/2024\/01\/LA-PLAYA-DE-BELEN-1-600x338.webp 600w, https:\/\/contraluzcucuta.co\/wp-content\/uploads\/2024\/01\/LA-PLAYA-DE-BELEN-1-1024x576.webp 1024w, https:\/\/contraluzcucuta.co\/wp-content\/uploads\/2024\/01\/LA-PLAYA-DE-BELEN-1-768x432.webp 768w, https:\/\/contraluzcucuta.co\/wp-content\/uploads\/2024\/01\/LA-PLAYA-DE-BELEN-1.webp 1440w\" sizes=\"auto, (max-width: 300px) 100vw, 300px\" \/><\/a><\/p>\n<p>Otro t\u00edtulo honor\u00edfico que ostenta es el reconocimiento del ministerio de Cultura. En el 2005, el casco urbano fue declarado Patrimonio Nacional. El municipio est\u00e1 compuesto por tres calles: la del Comercio o Bel\u00e9n de Jes\u00fas, la del Medio y la de Atr\u00e1s o de San Diego.<\/p>\n<p>La uniformidad de las fachadas de las viviendas contempla muros blancos en los que cuelgan masetas artesanales con flores, faroles e igual nomenclatura en cada una. En la construcci\u00f3n destacan la tapia pisada, las cubiertas en ca\u00f1a brava, las tejas espa\u00f1olas, los aleros protectores, los z\u00f3calos pintados de rojo colonial y las puertas y ventanas en madera color marr\u00f3n.<\/p>\n<p>El reconocimiento del Ministerio obedeci\u00f3 a la remarcada preservaci\u00f3n del estilo colonial que caracteriza al municipio. Casas y edificaciones est\u00e1n construidas con el estilo colonial, pese a que no fueron levantadas durante esa \u00e9poca. Cualquier construcci\u00f3n nueva debe cumplir los par\u00e1metros establecidos para mantener la armon\u00eda del conjunto arquitect\u00f3nico.<\/p>\n<p>Otra raz\u00f3n es la ubicaci\u00f3n, al lado y lado de los Estoraques, figuras naturales que resaltan por el gran tama\u00f1o y la inusual forma, esculpida durante a\u00f1os por la erosi\u00f3n, y que han servido de inspiraci\u00f3n para artistas del pasado y del presente.<\/p>\n","protected":false},"excerpt":{"rendered":"<p>C\u00daCUTA.- Hace 29 a\u00f1os (1995), el gobierno departamental organiz\u00f3 un concurso para encontrar el pueblito m\u00e1s bonito de Norte de Santander. Gan\u00f3 La Playa de Bel\u00e9n por m\u00faltiples razones. El nombre se le debe al sacerdote \u00c1ngel Cort\u00e9s. El municipio fue creado el 15 de septiembre de 1913. Otro t\u00edtulo honor\u00edfico que ostenta es el &hellip;<\/p>\n","protected":false},"author":1,"featured_media":40099,"comment_status":"open","ping_status":"open","sticky":false,"template":"","format":"standard","meta":{"footnotes":""},"categories":[4,32],"tags":[3984,75],"class_list":["post-40098","post","type-post","status-publish","format-standard","has-post-thumbnail","hentry","category-barra","category-recorrido-por-la-region","tag-la-playa-de-belen","tag-municipios-de-norte-de-santander"],"_links":{"self":[{"href":"https:\/\/contraluzcucuta.co\/index.php?rest_route=\/wp\/v2\/posts\/40098","targetHints":{"allow":["GET"]}}],"collection":[{"href":"https:\/\/contraluzcucuta.co\/index.php?rest_route=\/wp\/v2\/posts"}],"about":[{"href":"https:\/\/contraluzcucuta.co\/index.php?rest_route=\/wp\/v2\/types\/post"}],"author":[{"embeddable":true,"href":"https:\/\/contraluzcucuta.co\/index.php?rest_route=\/wp\/v2\/users\/1"}],"replies":[{"embeddable":true,"href":"https:\/\/contraluzcucuta.co\/index.php?rest_route=%2Fwp%2Fv2%2Fcomments&post=40098"}],"version-history":[{"count":1,"href":"https:\/\/contraluzcucuta.co\/index.php?rest_route=\/wp\/v2\/posts\/40098\/revisions"}],"predecessor-version":[{"id":40101,"href":"https:\/\/contraluzcucuta.co\/index.php?rest_route=\/wp\/v2\/posts\/40098\/revisions\/40101"}],"wp:featuredmedia":[{"embeddable":true,"href":"https:\/\/contraluzcucuta.co\/index.php?rest_route=\/wp\/v2\/media\/40099"}],"wp:attachment":[{"href":"https:\/\/contraluzcucuta.co\/index.php?rest_route=%2Fwp%2Fv2%2Fmedia&parent=40098"}],"wp:term":[{"taxonomy":"category","embeddable":true,"href":"https:\/\/contraluzcucuta.co\/index.php?rest_route=%2Fwp%2Fv2%2Fcategories&post=40098"},{"taxonomy":"post_tag","embeddable":true,"href":"https:\/\/contraluzcucuta.co\/index.php?rest_route=%2Fwp%2Fv2%2Ftags&post=40098"}],"curies":[{"name":"wp","href":"https:\/\/api.w.org\/{rel}","templated":true}]}}