{"id":40086,"date":"2024-01-10T19:29:24","date_gmt":"2024-01-11T00:29:24","guid":{"rendered":"https:\/\/contraluzcucuta.co\/?p=40086"},"modified":"2024-01-10T19:35:56","modified_gmt":"2024-01-11T00:35:56","slug":"conversaciones-de-entre-casa-soy-un-agradecido-del-periodismo","status":"publish","type":"post","link":"https:\/\/contraluzcucuta.co\/?p=40086","title":{"rendered":"CONVERSACIONES DE ENTRE CASA. Soy un agradecido del periodismo: Fredy Figueroa"},"content":{"rendered":"<p style=\"padding-left: 40px; text-align: right;\"><strong><span style=\"color: #ff9900;\">C\u00daCUTA.- La vida ofrece al ser humano posibilidades de subir y bajar. Los a\u00f1os pasan como si viajaran en tobog\u00e1n. A Fredy Alberto Figueroa G\u00f3mez, el 2024 lo acarici\u00f3 con suavidad y le puso en las manos dos trofeos que no ten\u00eda pensado exhibir en el curr\u00edculum, al menos por ahora. Enero lo sorprendi\u00f3 como presidente de la Acord Norte de Santander y d\u00edas despu\u00e9s en la gerencia de la Voz de la Gran Colombia.<\/span><\/strong><\/p>\n<p><a href=\"https:\/\/contraluzcucuta.co\/wp-content\/uploads\/2024\/01\/FREDY-FIGUEROA-3.jpeg\"><img loading=\"lazy\" decoding=\"async\" class=\"alignnone size-medium wp-image-40088 alignleft\" src=\"https:\/\/contraluzcucuta.co\/wp-content\/uploads\/2024\/01\/FREDY-FIGUEROA-3-300x225.jpeg\" alt=\"\" width=\"300\" height=\"225\" srcset=\"https:\/\/contraluzcucuta.co\/wp-content\/uploads\/2024\/01\/FREDY-FIGUEROA-3-300x225.jpeg 300w, https:\/\/contraluzcucuta.co\/wp-content\/uploads\/2024\/01\/FREDY-FIGUEROA-3-600x450.jpeg 600w, https:\/\/contraluzcucuta.co\/wp-content\/uploads\/2024\/01\/FREDY-FIGUEROA-3-1024x768.jpeg 1024w, https:\/\/contraluzcucuta.co\/wp-content\/uploads\/2024\/01\/FREDY-FIGUEROA-3-768x576.jpeg 768w, https:\/\/contraluzcucuta.co\/wp-content\/uploads\/2024\/01\/FREDY-FIGUEROA-3-1536x1152.jpeg 1536w, https:\/\/contraluzcucuta.co\/wp-content\/uploads\/2024\/01\/FREDY-FIGUEROA-3.jpeg 1600w\" sizes=\"auto, (max-width: 300px) 100vw, 300px\" \/><\/a><\/p>\n<p>La estrella de Oriente alumbr\u00f3 con intensidad para este periodista deportivo, hecho a mano, con esfuerzos. Es fruto de la constancia y de las ganas que les pone a los retos que asume. Jos\u00e9 Rafael Mogoll\u00f3n le dio la oportunidad de ingresar a la radio, en 1986, y no la despreci\u00f3. Por el contrario, se aferr\u00f3 desde ese momento al medio de comunicaci\u00f3n y ha pasado por diversas emisoras de C\u00facuta, Bucaramanga, Medell\u00edn y Venezuela.<\/p>\n<p>Es cucute\u00f1o, naci\u00f3 en 1970. Transmisora Universal fue la primera casa y aprendi\u00f3 a ser ayudante, carga cables, reportero, director y Gerente en Radio monumental, RCN C\u00facuta, Caracol C\u00facuta, Colmundo, Antena 2, Voz del Norte Radio Bucaramanga, Circuito Radial de Venezuela y Uepa FM.<\/p>\n<ul>\n<li><em>Ha sido una carrera llena de tropiezos y dificultades. Pero la perseverancia y el amor por la profesi\u00f3n me dieron la oportunidad de prepararme y aprender cada d\u00eda. Hoy, soy un agradecido del periodismo.<\/em><\/li>\n<\/ul>\n<p>No ha hecho nada distinto a trabajar en la radio. En ese medio ha conseguido los pocos bienes materiales que posee y le ha alcanzado para educar a los hijos, ayudar a los padres y sostener el hogar. Ha combinado esta labor con la televisi\u00f3n y las redes sociales.<\/p>\n<p>En el 2017, asumi\u00f3 la gerencia comercial en la Voz del Norte. Esa experiencia le vali\u00f3 como punto de lanza para ser designado gerente de la Voz de la Gran Colombia.<\/p>\n<ul>\n<li><em>Del periodismo he aprendido el contacto con la gente. El conocer a deportistas, empresarios, pol\u00edticos. Aqu\u00ed se aprende de todo el mundo, de la se\u00f1ora del aseo, del gerente, del control, del locutor, del programador y del transmisorista.<\/em><\/li>\n<\/ul>\n<p><a href=\"https:\/\/contraluzcucuta.co\/wp-content\/uploads\/2024\/01\/FREDY-FIGUEROA-5.jpeg\"><img loading=\"lazy\" decoding=\"async\" class=\"alignnone size-medium wp-image-40089 alignleft\" src=\"https:\/\/contraluzcucuta.co\/wp-content\/uploads\/2024\/01\/FREDY-FIGUEROA-5-300x225.jpeg\" alt=\"\" width=\"300\" height=\"225\" srcset=\"https:\/\/contraluzcucuta.co\/wp-content\/uploads\/2024\/01\/FREDY-FIGUEROA-5-300x225.jpeg 300w, https:\/\/contraluzcucuta.co\/wp-content\/uploads\/2024\/01\/FREDY-FIGUEROA-5-600x450.jpeg 600w, https:\/\/contraluzcucuta.co\/wp-content\/uploads\/2024\/01\/FREDY-FIGUEROA-5-1024x768.jpeg 1024w, https:\/\/contraluzcucuta.co\/wp-content\/uploads\/2024\/01\/FREDY-FIGUEROA-5-768x576.jpeg 768w, https:\/\/contraluzcucuta.co\/wp-content\/uploads\/2024\/01\/FREDY-FIGUEROA-5-1536x1152.jpeg 1536w, https:\/\/contraluzcucuta.co\/wp-content\/uploads\/2024\/01\/FREDY-FIGUEROA-5.jpeg 1600w\" sizes=\"auto, (max-width: 300px) 100vw, 300px\" \/><\/a><\/p>\n<p>La preparaci\u00f3n profesional la ha obtenido en seminarios, cursos, talleres, conferencias y congresos. De cada actividad en la que ha participado ha tomado lo bueno y para aplicarlo en el ejercicio period\u00edstico. El inter\u00e9s por el aprendizaje lo ha sumergido en la adquisici\u00f3n de conocimientos acerca de baloncesto, softbol, voleibol, nataci\u00f3n, boxeo y otros deportes.<\/p>\n<p>El mejor trabajo period\u00edstico que recuerde es la entrevista a Albeiro Usurriaga, exfutbolista que milit\u00f3 en el C\u00facuta Deportivo. Ese di\u00e1logo lo marc\u00f3, porque \u2018El Palomo\u2019 se abri\u00f3 como ser humano. Trabajaba para Colmundo. Lo revelado por el exdeportista lo califica como escalofriante.<\/p>\n<p>No todos los momentos han sido gratificantes para Fredy. Ten\u00eda la concepci\u00f3n que la jefatura de prensa de una entidad del Estado era complicada para asumirla. Le dieron la posibilidad de trabajar en Oca\u00f1a y la rechaz\u00f3 a pesar del monto del sueldo. Simplemente, crey\u00f3 que no era su campo de acci\u00f3n y dio el no rotundo.<\/p>\n<p>En la Acord Norte de Santander hac\u00eda alarde de ser el gregario de los presidentes. Ahora, la vida se ha volteado y es la cabeza visible del gremio de los periodistas deportivos. No busc\u00f3 el cargo, le cay\u00f3 del cielo.<\/p>\n<ul>\n<li><em>Soy un enamorado de la Acord. Siempre so\u00f1\u00e9 con ser socio. Fue dif\u00edcil llegar. Hace 20 a\u00f1os soy miembro y he aprendido a amarla, porque es una familia.<\/em><\/li>\n<\/ul>\n<p><a href=\"https:\/\/contraluzcucuta.co\/wp-content\/uploads\/2024\/01\/FREDY-FIGUEROA-2.jpeg\"><img loading=\"lazy\" decoding=\"async\" class=\"alignnone size-medium wp-image-40090 alignleft\" src=\"https:\/\/contraluzcucuta.co\/wp-content\/uploads\/2024\/01\/FREDY-FIGUEROA-2-300x225.jpeg\" alt=\"\" width=\"300\" height=\"225\" srcset=\"https:\/\/contraluzcucuta.co\/wp-content\/uploads\/2024\/01\/FREDY-FIGUEROA-2-300x225.jpeg 300w, https:\/\/contraluzcucuta.co\/wp-content\/uploads\/2024\/01\/FREDY-FIGUEROA-2-600x450.jpeg 600w, https:\/\/contraluzcucuta.co\/wp-content\/uploads\/2024\/01\/FREDY-FIGUEROA-2-1024x768.jpeg 1024w, https:\/\/contraluzcucuta.co\/wp-content\/uploads\/2024\/01\/FREDY-FIGUEROA-2-768x576.jpeg 768w, https:\/\/contraluzcucuta.co\/wp-content\/uploads\/2024\/01\/FREDY-FIGUEROA-2-1536x1152.jpeg 1536w, https:\/\/contraluzcucuta.co\/wp-content\/uploads\/2024\/01\/FREDY-FIGUEROA-2.jpeg 1600w\" sizes=\"auto, (max-width: 300px) 100vw, 300px\" \/><\/a><\/p>\n<p>Visiona a la Asociaci\u00f3n como una entidad de puertas abiertas a la que lleguen los periodistas que han querido estar y por diversas circunstancias no pertenecen al gremio. Tambi\u00e9n, tiene pensado acercar la Acord a las nuevas generaciones, a esos j\u00f3venes que se preparan en la universidad y que pueden marcar el relevo.<\/p>\n<p><strong>\u00bfQu\u00e9 sue\u00f1a con la Voz de la Gran Colombia?<\/strong><\/p>\n<ul>\n<li><em>Sue\u00f1o con una emisora con buen sonido, potente, que entre la frecuencia AM pueda competir, period\u00edsticamente, con las cadenas y con las emisoras independientes.<\/em><\/li>\n<\/ul>\n<p><strong>RAFAEL ANTONIO PAB\u00d3N<\/strong><\/p>\n<p><strong><a href=\"mailto:rafaelpabon58@hotmail.com\">rafaelpabon58@hotmail.com<\/a><\/strong><\/p>\n","protected":false},"excerpt":{"rendered":"<p>C\u00daCUTA.- La vida ofrece al ser humano posibilidades de subir y bajar. Los a\u00f1os pasan como si viajaran en tobog\u00e1n. A Fredy Alberto Figueroa G\u00f3mez, el 2024 lo acarici\u00f3 con suavidad y le puso en las manos dos trofeos que no ten\u00eda pensado exhibir en el curr\u00edculum, al menos por ahora. Enero lo sorprendi\u00f3 como &hellip;<\/p>\n","protected":false},"author":1,"featured_media":40087,"comment_status":"open","ping_status":"open","sticky":false,"template":"","format":"standard","meta":{"footnotes":""},"categories":[17,45,4],"tags":[1244,2929,5935,3590,5940],"class_list":["post-40086","post","type-post","status-publish","format-standard","has-post-thumbnail","hentry","category-conversaciones-a-contraluz","category-destacado","category-barra","tag-acord-norte-de-santander","tag-conversaciones-a-contraluz","tag-conversaciones-de-entre-casa","tag-radio-cucutena","tag-voz-de-la-gran-colombia"],"_links":{"self":[{"href":"https:\/\/contraluzcucuta.co\/index.php?rest_route=\/wp\/v2\/posts\/40086","targetHints":{"allow":["GET"]}}],"collection":[{"href":"https:\/\/contraluzcucuta.co\/index.php?rest_route=\/wp\/v2\/posts"}],"about":[{"href":"https:\/\/contraluzcucuta.co\/index.php?rest_route=\/wp\/v2\/types\/post"}],"author":[{"embeddable":true,"href":"https:\/\/contraluzcucuta.co\/index.php?rest_route=\/wp\/v2\/users\/1"}],"replies":[{"embeddable":true,"href":"https:\/\/contraluzcucuta.co\/index.php?rest_route=%2Fwp%2Fv2%2Fcomments&post=40086"}],"version-history":[{"count":2,"href":"https:\/\/contraluzcucuta.co\/index.php?rest_route=\/wp\/v2\/posts\/40086\/revisions"}],"predecessor-version":[{"id":40092,"href":"https:\/\/contraluzcucuta.co\/index.php?rest_route=\/wp\/v2\/posts\/40086\/revisions\/40092"}],"wp:featuredmedia":[{"embeddable":true,"href":"https:\/\/contraluzcucuta.co\/index.php?rest_route=\/wp\/v2\/media\/40087"}],"wp:attachment":[{"href":"https:\/\/contraluzcucuta.co\/index.php?rest_route=%2Fwp%2Fv2%2Fmedia&parent=40086"}],"wp:term":[{"taxonomy":"category","embeddable":true,"href":"https:\/\/contraluzcucuta.co\/index.php?rest_route=%2Fwp%2Fv2%2Fcategories&post=40086"},{"taxonomy":"post_tag","embeddable":true,"href":"https:\/\/contraluzcucuta.co\/index.php?rest_route=%2Fwp%2Fv2%2Ftags&post=40086"}],"curies":[{"name":"wp","href":"https:\/\/api.w.org\/{rel}","templated":true}]}}