{"id":40067,"date":"2024-01-08T22:06:34","date_gmt":"2024-01-09T03:06:34","guid":{"rendered":"https:\/\/contraluzcucuta.co\/?p=40067"},"modified":"2024-01-08T22:06:34","modified_gmt":"2024-01-09T03:06:34","slug":"cucutenos-por-el-mundo-llore-cuando-vi-el-primer-iceberg-jenny-parada","status":"publish","type":"post","link":"https:\/\/contraluzcucuta.co\/?p=40067","title":{"rendered":"CUCUTE\u00d1OS POR EL MUNDO. Llor\u00e9 cuando vi el primer iceberg: Jenny Parada"},"content":{"rendered":"<p style=\"padding-left: 40px; text-align: right;\"><strong><span style=\"color: #ff9900;\">C\u00daCUTA.- \u00c9rase una vez una estudiante de microbiolog\u00eda a punto de terminar la preparaci\u00f3n universitaria y que deb\u00eda buscar d\u00f3nde hacer las pasant\u00edas para coronar el t\u00edtulo. Las opciones que se le presentaban no la satisfac\u00edan. Quer\u00eda algo m\u00e1s que una empresa de l\u00e1cteos o una de bebidas gaseosas. Los meses transcurr\u00edan y la oportunidad no aparec\u00eda en el lejano horizonte profesional.<\/span><\/strong><\/p>\n<p>Ante la presi\u00f3n docente, estuvo a punto de ceder y aceptar el ofrecimiento laboral que se le pon\u00eda enfrente. Sin perder la fe en el Dios que cree, estir\u00f3 al m\u00e1ximo la esperanza para encontrar lo deseado. \u00a1Eureka! Un d\u00eda, una profesora se le acerc\u00f3 y con timidez le propuso viaje para Tumaco (Nari\u00f1o), al otro lado del pa\u00eds. Y acept\u00f3, porque ser\u00eda la ocasi\u00f3n ideal para explorar ese mundo distante del que poco conoc\u00eda.<\/p>\n<p>Hoy, cuando han transcurrido 13 a\u00f1os, rememora esos d\u00edas y con las l\u00e1grimas contenidas narra lo vivido y lo sufrido, lo gozado y lo aprendido, lo disfrutado y lo conocido, lo divino y lo humano, el ayer, el hoy y el ma\u00f1ana.<\/p>\n<p>Jenny Parada es microbi\u00f3loga de la Universidad de Pamplona, con maestr\u00eda en oceanograf\u00eda, investigadora sobre el agua de lastre (empleada en la navegaci\u00f3n mar\u00edtima para dar estabilidad a los buques y lograr seguridad y transportaci\u00f3n eficaz) y futura bioestadista. Es cucute\u00f1a y no quiere perder el acento, porque hace parte de la personalidad fuerte y recia de las mujeres nacidas por ac\u00e1. Esa que le granje\u00f3 el remoquete de La Pola.<\/p>\n<ul>\n<li><em>Los dos primeros meses lloraba mucho. Era pura selva y se escuchaban sonidos extra\u00f1os que no hab\u00eda en C\u00facuta. Dec\u00edan que eran las brujas que molestaban a los nuevos.<\/em><\/li>\n<\/ul>\n<p>Esa experiencia la vivi\u00f3 en la vereda Las Palmas, destino al que lleg\u00f3 para cumplir con la etapa de pr\u00e1cticas profesionales. Ah\u00ed est\u00e1n las palmas de aceite, se recoge el fruto, lo procesan y extraen el aceite que exportan. El encargo que ten\u00eda Jenny en el laboratorio era producir hongos para el control de plagas y enfermedades del cultivo y as\u00ed evitar el uso de qu\u00edmicos.<\/p>\n<p>Dos a\u00f1os despu\u00e9s, ingres\u00f3 al Sena para compartir los conocimientos con estudiantes de tecnolog\u00eda y control ambiental, en Tumaco. Los alumnos eran mayores de 30 a\u00f1os, con hijos y problem\u00e1ticos. La profesora llegaba a los 24. De pronto, se le apareci\u00f3 el \u00e1ngel que no desampara a los seres humanos. Una sugerencia en clase le permiti\u00f3 conocer la Direcci\u00f3n General Mar\u00edtima y Portuaria (Dimar). De ah\u00ed en adelante comienza otra historia.<\/p>\n<p>La recibi\u00f3 Robinson, jefe del laboratorio, quien no daba cr\u00e9dito de tener a su lado a una microbi\u00f3loga radicada en Tumaco y soltera. Corr\u00eda marzo del 2012. En mayo la contrataron.<\/p>\n<p><a href=\"https:\/\/contraluzcucuta.co\/wp-content\/uploads\/2024\/01\/JENNY-PARADA-3.jpeg\"><img loading=\"lazy\" decoding=\"async\" class=\"alignnone size-medium wp-image-40069 alignleft\" src=\"https:\/\/contraluzcucuta.co\/wp-content\/uploads\/2024\/01\/JENNY-PARADA-3-300x200.jpeg\" alt=\"\" width=\"300\" height=\"200\" srcset=\"https:\/\/contraluzcucuta.co\/wp-content\/uploads\/2024\/01\/JENNY-PARADA-3-300x200.jpeg 300w, https:\/\/contraluzcucuta.co\/wp-content\/uploads\/2024\/01\/JENNY-PARADA-3-600x400.jpeg 600w, https:\/\/contraluzcucuta.co\/wp-content\/uploads\/2024\/01\/JENNY-PARADA-3-1024x682.jpeg 1024w, https:\/\/contraluzcucuta.co\/wp-content\/uploads\/2024\/01\/JENNY-PARADA-3-768x512.jpeg 768w, https:\/\/contraluzcucuta.co\/wp-content\/uploads\/2024\/01\/JENNY-PARADA-3-1536x1023.jpeg 1536w, https:\/\/contraluzcucuta.co\/wp-content\/uploads\/2024\/01\/JENNY-PARADA-3.jpeg 1600w\" sizes=\"auto, (max-width: 300px) 100vw, 300px\" \/><\/a><\/p>\n<ul>\n<li><em>Fui a pedir el favor que me prestaran los laboratorios y termin\u00f3 haci\u00e9ndome la entrevista para trabajar en la Dimar.<\/em><\/li>\n<\/ul>\n<p>Le ofreci\u00f3 hacerse cargo del laboratorio de microbiolog\u00eda. Le pregunt\u00f3 si hab\u00eda trabajado con agua de mar. La respuesta fue negativa, pero record\u00f3 la ense\u00f1anza paterna: <em>si no sabe algo diga que usted aprende r\u00e1pido<\/em>. Y as\u00ed fue. Comenz\u00f3 a leer y lloraba cuando no entend\u00eda.<\/p>\n<p>Cuando viaj\u00f3 a Tumaco llevaba la expectativa de permanecer seis meses, el tiempo de la pasant\u00eda. Ahora, la propuesta laboral le planteaba la posibilidad de permanecer all\u00e1 30 a\u00f1os. Ha pasado la tercera parte. Aunque al comienzo no fue f\u00e1cil y al mes quer\u00eda renunciar. El ambiente encontrado era diferente al vivido en el mundo de los civiles.<\/p>\n<p>Despu\u00e9s del aprendizaje, la aclimataci\u00f3n, la convivencia y la adquisici\u00f3n de conocimientos llegaron los viajes al exterior. El primer destino fue Argentina, en representaci\u00f3n de Colombia para dar a conocer las herramientas implementadas por el pa\u00eds para evitar la trasferencia de especies y para presentar los resultados de las investigaciones efectuadas en el laboratorio.<\/p>\n<ul>\n<li><em>Nos encargamos de hacer investigaciones en el mar, en desarrollo de unas pol\u00edticas nacionales para proteger los oc\u00e9anos.<\/em><\/li>\n<\/ul>\n<p><a href=\"https:\/\/contraluzcucuta.co\/wp-content\/uploads\/2024\/01\/JENNY-PARADA-9.jpeg\"><img loading=\"lazy\" decoding=\"async\" class=\"alignnone size-medium wp-image-40070 alignleft\" src=\"https:\/\/contraluzcucuta.co\/wp-content\/uploads\/2024\/01\/JENNY-PARADA-9-300x169.jpeg\" alt=\"\" width=\"300\" height=\"169\" srcset=\"https:\/\/contraluzcucuta.co\/wp-content\/uploads\/2024\/01\/JENNY-PARADA-9-300x169.jpeg 300w, https:\/\/contraluzcucuta.co\/wp-content\/uploads\/2024\/01\/JENNY-PARADA-9-600x338.jpeg 600w, https:\/\/contraluzcucuta.co\/wp-content\/uploads\/2024\/01\/JENNY-PARADA-9-1024x576.jpeg 1024w, https:\/\/contraluzcucuta.co\/wp-content\/uploads\/2024\/01\/JENNY-PARADA-9-768x432.jpeg 768w, https:\/\/contraluzcucuta.co\/wp-content\/uploads\/2024\/01\/JENNY-PARADA-9.jpeg 1280w\" sizes=\"auto, (max-width: 300px) 100vw, 300px\" \/><\/a><\/p>\n<p>Dimar particip\u00f3 en la primera expedici\u00f3n ant\u00e1rtica en el 2014. El programa ant\u00e1rtico colombiano se gener\u00f3 en ese a\u00f1o. Jenny propuso un proyecto para ir a la Ant\u00e1rtida y conocer c\u00f3mo es el ph, tomar muestras, ver qu\u00e9 especies hay y c\u00f3mo es la din\u00e1mica en esa parte del continente. Pasaron tres a\u00f1os y se le concedi\u00f3 el anhelo de viajar.<\/p>\n<p>La salida fue en Cartagena. Estuvieron 84 d\u00edas mar adentro. Un mes para llegar a la Ant\u00e1rtida, otro mes de trabajo y el resto en el regreso. En el trayecto pararon en Valpara\u00edso y en Punta Arenas (Chile).<\/p>\n<p>En el estrecho de Gerlache conoci\u00f3 las estaciones, tomaron muestras de agua, hicieron arrastres con redes para identificar organismos biol\u00f3gicos y bacterias, visitaron las bases fijas y abrieron relaciones internacionales.<\/p>\n<ul>\n<li><em>La Ant\u00e1rtida es algo maravilloso. Nunca imagin\u00e9 que terminar\u00eda all\u00e1. Llor\u00e9 cuando vi el primer iceberg <\/em>(masa de hielo flotante)<em> en los canales patag\u00f3nicos.<\/em><\/li>\n<\/ul>\n<p><a href=\"https:\/\/contraluzcucuta.co\/wp-content\/uploads\/2024\/01\/JENNY-PARADA-1.jpeg\"><img loading=\"lazy\" decoding=\"async\" class=\"alignnone size-medium wp-image-40071 alignleft\" src=\"https:\/\/contraluzcucuta.co\/wp-content\/uploads\/2024\/01\/JENNY-PARADA-1-300x200.jpeg\" alt=\"\" width=\"300\" height=\"200\" srcset=\"https:\/\/contraluzcucuta.co\/wp-content\/uploads\/2024\/01\/JENNY-PARADA-1-300x200.jpeg 300w, https:\/\/contraluzcucuta.co\/wp-content\/uploads\/2024\/01\/JENNY-PARADA-1-600x400.jpeg 600w, https:\/\/contraluzcucuta.co\/wp-content\/uploads\/2024\/01\/JENNY-PARADA-1-1024x682.jpeg 1024w, https:\/\/contraluzcucuta.co\/wp-content\/uploads\/2024\/01\/JENNY-PARADA-1-768x512.jpeg 768w, https:\/\/contraluzcucuta.co\/wp-content\/uploads\/2024\/01\/JENNY-PARADA-1-1536x1023.jpeg 1536w, https:\/\/contraluzcucuta.co\/wp-content\/uploads\/2024\/01\/JENNY-PARADA-1.jpeg 1600w\" sizes=\"auto, (max-width: 300px) 100vw, 300px\" \/><\/a><\/p>\n<p>A pesar de haber nacido en tierra firme sali\u00f3 buena navegante. Las olas de hasta 10 metros de altura no la marearon y se paseaba oronda por los pasillos del buque. El fr\u00edo intenso la oblig\u00f3 a vestir dos primeras capas, los uniformes de Dimar, la capa externa, guantes, botas y gorro.<\/p>\n<ul>\n<li><em>La experiencia fue muy bacana. Conoc\u00ed mucha gente. Fue muy ch\u00e9vere. Me gustar\u00eda volver a la Ant\u00e1rtida. Uno no se imagina algo tan poderoso.<\/em><\/li>\n<\/ul>\n<p>RAFAEL ANTONIO PAB\u00d3N<\/p>\n<p>rafaelpbon58@hotmail.com<\/p>\n","protected":false},"excerpt":{"rendered":"<p>C\u00daCUTA.- \u00c9rase una vez una estudiante de microbiolog\u00eda a punto de terminar la preparaci\u00f3n universitaria y que deb\u00eda buscar d\u00f3nde hacer las pasant\u00edas para coronar el t\u00edtulo. Las opciones que se le presentaban no la satisfac\u00edan. Quer\u00eda algo m\u00e1s que una empresa de l\u00e1cteos o una de bebidas gaseosas. Los meses transcurr\u00edan y la oportunidad &hellip;<\/p>\n","protected":false},"author":1,"featured_media":40068,"comment_status":"open","ping_status":"open","sticky":false,"template":"","format":"standard","meta":{"footnotes":""},"categories":[45,4],"tags":[5930,2021,5936],"class_list":["post-40067","post","type-post","status-publish","format-standard","has-post-thumbnail","hentry","category-destacado","category-barra","tag-cucutenos-en-el-exterior","tag-cucutenos-por-el-mundo","tag-jenny-parada"],"_links":{"self":[{"href":"https:\/\/contraluzcucuta.co\/index.php?rest_route=\/wp\/v2\/posts\/40067","targetHints":{"allow":["GET"]}}],"collection":[{"href":"https:\/\/contraluzcucuta.co\/index.php?rest_route=\/wp\/v2\/posts"}],"about":[{"href":"https:\/\/contraluzcucuta.co\/index.php?rest_route=\/wp\/v2\/types\/post"}],"author":[{"embeddable":true,"href":"https:\/\/contraluzcucuta.co\/index.php?rest_route=\/wp\/v2\/users\/1"}],"replies":[{"embeddable":true,"href":"https:\/\/contraluzcucuta.co\/index.php?rest_route=%2Fwp%2Fv2%2Fcomments&post=40067"}],"version-history":[{"count":1,"href":"https:\/\/contraluzcucuta.co\/index.php?rest_route=\/wp\/v2\/posts\/40067\/revisions"}],"predecessor-version":[{"id":40072,"href":"https:\/\/contraluzcucuta.co\/index.php?rest_route=\/wp\/v2\/posts\/40067\/revisions\/40072"}],"wp:featuredmedia":[{"embeddable":true,"href":"https:\/\/contraluzcucuta.co\/index.php?rest_route=\/wp\/v2\/media\/40068"}],"wp:attachment":[{"href":"https:\/\/contraluzcucuta.co\/index.php?rest_route=%2Fwp%2Fv2%2Fmedia&parent=40067"}],"wp:term":[{"taxonomy":"category","embeddable":true,"href":"https:\/\/contraluzcucuta.co\/index.php?rest_route=%2Fwp%2Fv2%2Fcategories&post=40067"},{"taxonomy":"post_tag","embeddable":true,"href":"https:\/\/contraluzcucuta.co\/index.php?rest_route=%2Fwp%2Fv2%2Ftags&post=40067"}],"curies":[{"name":"wp","href":"https:\/\/api.w.org\/{rel}","templated":true}]}}