{"id":40051,"date":"2024-01-04T20:31:55","date_gmt":"2024-01-05T01:31:55","guid":{"rendered":"https:\/\/contraluzcucuta.co\/?p=40051"},"modified":"2024-01-04T20:34:06","modified_gmt":"2024-01-05T01:34:06","slug":"futbol-de-segunda-languida-despedida-rojinegra","status":"publish","type":"post","link":"https:\/\/contraluzcucuta.co\/?p=40051","title":{"rendered":"F\u00daTBOL DE SEGUNDA. L\u00e1nguida despedida rojinegra"},"content":{"rendered":"<p style=\"padding-left: 40px; text-align: right;\"><strong><span style=\"color: #ff9900;\">C\u00daCUTA.- Mediante un l\u00e1nguido comunicado, como es costumbre, la directiva del C\u00facuta Deportivo entreg\u00f3 el listado de los jugadores que salen de la instituci\u00f3n. Seg\u00fan el documento, 15 futbolistas abandonan el club para la temporada 2024. Los acompa\u00f1a el asistente t\u00e9cnico Wilder Mosquera.<\/span><\/strong><\/p>\n<p>Esta semana, 24 deportistas fueron llamados a comenzar trabajos de pretemporada. El grupo lo encabeza el goleador Jonathan Agudelo. Entre otros que comenzaron labores vestidos de rojo y negro son Jefry Zapata, de buena actuaci\u00f3n en el 2023, y el portero Avellaneda, que podr\u00edan tener la oportunidad de ser el titular de la escuadra motilona.<\/p>\n<p><a href=\"https:\/\/contraluzcucuta.co\/wp-content\/uploads\/2024\/01\/DARWIN-CARRERO.jpeg\"><img loading=\"lazy\" decoding=\"async\" class=\"alignnone  wp-image-40055\" src=\"https:\/\/contraluzcucuta.co\/wp-content\/uploads\/2024\/01\/DARWIN-CARRERO-246x300.jpeg\" alt=\"\" width=\"200\" height=\"244\" srcset=\"https:\/\/contraluzcucuta.co\/wp-content\/uploads\/2024\/01\/DARWIN-CARRERO-246x300.jpeg 246w, https:\/\/contraluzcucuta.co\/wp-content\/uploads\/2024\/01\/DARWIN-CARRERO-600x733.jpeg 600w, https:\/\/contraluzcucuta.co\/wp-content\/uploads\/2024\/01\/DARWIN-CARRERO-838x1024.jpeg 838w, https:\/\/contraluzcucuta.co\/wp-content\/uploads\/2024\/01\/DARWIN-CARRERO-768x938.jpeg 768w, https:\/\/contraluzcucuta.co\/wp-content\/uploads\/2024\/01\/DARWIN-CARRERO.jpeg 1080w\" sizes=\"auto, (max-width: 200px) 100vw, 200px\" \/>\u00a0 <\/a><a href=\"https:\/\/contraluzcucuta.co\/wp-content\/uploads\/2024\/01\/STALIN-MOTTA.jpg\"><img loading=\"lazy\" decoding=\"async\" class=\"alignnone  wp-image-40056\" src=\"https:\/\/contraluzcucuta.co\/wp-content\/uploads\/2024\/01\/STALIN-MOTTA-300x240.jpg\" alt=\"\" width=\"294\" height=\"235\" srcset=\"https:\/\/contraluzcucuta.co\/wp-content\/uploads\/2024\/01\/STALIN-MOTTA-300x240.jpg 300w, https:\/\/contraluzcucuta.co\/wp-content\/uploads\/2024\/01\/STALIN-MOTTA-600x480.jpg 600w, https:\/\/contraluzcucuta.co\/wp-content\/uploads\/2024\/01\/STALIN-MOTTA-1024x819.jpg 1024w, https:\/\/contraluzcucuta.co\/wp-content\/uploads\/2024\/01\/STALIN-MOTTA-768x614.jpg 768w, https:\/\/contraluzcucuta.co\/wp-content\/uploads\/2024\/01\/STALIN-MOTTA.jpg 1280w\" sizes=\"auto, (max-width: 294px) 100vw, 294px\" \/><\/a><\/p>\n<p>Los jugadores que no se ver\u00e1n en el General Santander con la casaca fronteriza son los argentinos Ezequiel Mastrol\u00eda y Lucas R\u00edos, Darwin Carrero, Felipe Ospina, David Valencia, C\u00e9sar Hinestroza, Juli\u00e1n Anaya, Stalin Motta, Alexander Gonz\u00e1lez, Brayan Moreno, Joider Micolta, Jos\u00e9 Estupi\u00f1\u00e1n, Juan David Barrenechi, Elian Londo\u00f1o y Juan Pablo Ram\u00edrez.<\/p>\n<p>Algunos cumplieron actuaciones destacadas y ser\u00e1n recordados por los aficionados, que conservar\u00e1n nombres y apellidos en la memoria para citarlos cuando hagan memoria de la n\u00f3mina que disput\u00f3 los torneos I y II del 2023 y la Copa Colombia.<\/p>\n<p>Entre los llamados a entrenamientos aparecen Eduar Esteban, Avellaneda, Vel\u00e1squez, Santiago Guzm\u00e1n, Andriu Leal, Hern\u00e1n Pertuz, Bayron Suaza, Mauricio Duarte, Juan Camilo Moreno, Cristian Mateo D\u00edaz, Gustavo Carvajal, Mateo Velasco, Jonathan Tapias, Felipe G\u00f3mez, Kevin \u00c1lvarez, Johae Villalva, Cristian Mosquera, Luis Z\u00fa\u00f1iga, Jonathan Agudelo, Valent\u00edn Robaldo, Jefry Zapata, Juli\u00e1n Angulo y Juan Moreno.<\/p>\n<p>Mientras se conocen qui\u00e9nes se van y qui\u00e9nes quedan, los aficionados, a pesar del desencanto que arrastran por el final de la campa\u00f1a pasada, contin\u00faan a la espera de conocer los refuerzos de nombre y valor que lleguen para defender los colores del club cucute\u00f1o.<\/p>\n","protected":false},"excerpt":{"rendered":"<p>C\u00daCUTA.- Mediante un l\u00e1nguido comunicado, como es costumbre, la directiva del C\u00facuta Deportivo entreg\u00f3 el listado de los jugadores que salen de la instituci\u00f3n. Seg\u00fan el documento, 15 futbolistas abandonan el club para la temporada 2024. Los acompa\u00f1a el asistente t\u00e9cnico Wilder Mosquera. Esta semana, 24 deportistas fueron llamados a comenzar trabajos de pretemporada. El &hellip;<\/p>\n","protected":false},"author":1,"featured_media":40053,"comment_status":"open","ping_status":"open","sticky":false,"template":"","format":"standard","meta":{"footnotes":""},"categories":[4,28],"tags":[5932,5934,1988,5933],"class_list":["post-40051","post","type-post","status-publish","format-standard","has-post-thumbnail","hentry","category-barra","category-vistazo-deportivo","tag-cucuta-deportivo-2024","tag-ezequiel-mastrolia","tag-futbol-de-segunda","tag-lucas-rios"],"_links":{"self":[{"href":"https:\/\/contraluzcucuta.co\/index.php?rest_route=\/wp\/v2\/posts\/40051","targetHints":{"allow":["GET"]}}],"collection":[{"href":"https:\/\/contraluzcucuta.co\/index.php?rest_route=\/wp\/v2\/posts"}],"about":[{"href":"https:\/\/contraluzcucuta.co\/index.php?rest_route=\/wp\/v2\/types\/post"}],"author":[{"embeddable":true,"href":"https:\/\/contraluzcucuta.co\/index.php?rest_route=\/wp\/v2\/users\/1"}],"replies":[{"embeddable":true,"href":"https:\/\/contraluzcucuta.co\/index.php?rest_route=%2Fwp%2Fv2%2Fcomments&post=40051"}],"version-history":[{"count":3,"href":"https:\/\/contraluzcucuta.co\/index.php?rest_route=\/wp\/v2\/posts\/40051\/revisions"}],"predecessor-version":[{"id":40058,"href":"https:\/\/contraluzcucuta.co\/index.php?rest_route=\/wp\/v2\/posts\/40051\/revisions\/40058"}],"wp:featuredmedia":[{"embeddable":true,"href":"https:\/\/contraluzcucuta.co\/index.php?rest_route=\/wp\/v2\/media\/40053"}],"wp:attachment":[{"href":"https:\/\/contraluzcucuta.co\/index.php?rest_route=%2Fwp%2Fv2%2Fmedia&parent=40051"}],"wp:term":[{"taxonomy":"category","embeddable":true,"href":"https:\/\/contraluzcucuta.co\/index.php?rest_route=%2Fwp%2Fv2%2Fcategories&post=40051"},{"taxonomy":"post_tag","embeddable":true,"href":"https:\/\/contraluzcucuta.co\/index.php?rest_route=%2Fwp%2Fv2%2Ftags&post=40051"}],"curies":[{"name":"wp","href":"https:\/\/api.w.org\/{rel}","templated":true}]}}