{"id":40044,"date":"2024-01-04T20:19:31","date_gmt":"2024-01-05T01:19:31","guid":{"rendered":"https:\/\/contraluzcucuta.co\/?p=40044"},"modified":"2024-01-04T20:21:31","modified_gmt":"2024-01-05T01:21:31","slug":"alcaldia-camara-de-comercio-juntos-construiremos-una-cucuta-mas-fuerte","status":"publish","type":"post","link":"https:\/\/contraluzcucuta.co\/?p=40044","title":{"rendered":"ALCALD\u00cdA \u2013 C\u00c1MARA DE COMERCIO. Juntos, construiremos una C\u00facuta m\u00e1s fuerte"},"content":{"rendered":"<p style=\"padding-left: 40px; text-align: right;\"><strong><span style=\"color: #ff9900;\">C\u00daCUTA.- Les dijo el alcalde Jorge Acevedo a directivos y directores de \u00c1rea de la C\u00e1mara de Comercio de C\u00facuta. La reuni\u00f3n ten\u00eda como prop\u00f3sito impulsar el crecimiento econ\u00f3mico y fortalecer el tejido empresarial de la ciudad.<\/span><\/strong><\/p>\n<p><a href=\"https:\/\/contraluzcucuta.co\/wp-content\/uploads\/2024\/01\/ALCALDE-EMPRESARIOS-3.jpeg\"><img loading=\"lazy\" decoding=\"async\" class=\"alignnone size-medium wp-image-40049 alignleft\" src=\"https:\/\/contraluzcucuta.co\/wp-content\/uploads\/2024\/01\/ALCALDE-EMPRESARIOS-3-300x198.jpeg\" alt=\"\" width=\"300\" height=\"198\" srcset=\"https:\/\/contraluzcucuta.co\/wp-content\/uploads\/2024\/01\/ALCALDE-EMPRESARIOS-3-300x198.jpeg 300w, https:\/\/contraluzcucuta.co\/wp-content\/uploads\/2024\/01\/ALCALDE-EMPRESARIOS-3-600x397.jpeg 600w, https:\/\/contraluzcucuta.co\/wp-content\/uploads\/2024\/01\/ALCALDE-EMPRESARIOS-3-1024x677.jpeg 1024w, https:\/\/contraluzcucuta.co\/wp-content\/uploads\/2024\/01\/ALCALDE-EMPRESARIOS-3-768x508.jpeg 768w, https:\/\/contraluzcucuta.co\/wp-content\/uploads\/2024\/01\/ALCALDE-EMPRESARIOS-3-310x205.jpeg 310w, https:\/\/contraluzcucuta.co\/wp-content\/uploads\/2024\/01\/ALCALDE-EMPRESARIOS-3.jpeg 1080w\" sizes=\"auto, (max-width: 300px) 100vw, 300px\" \/><\/a><\/p>\n<p>La entidad socializ\u00f3 los programas y los proyectos que se adelantan con los empresarios para promover la apertura de mercados nacionales e internacionales y atraer inversi\u00f3n extranjera.<\/p>\n<p>\u201cGenerando empleo tambi\u00e9n combatimos la inseguridad\u201d, dijo Acevedo. La C\u00e1mara de Comercio y la Alcald\u00eda articular\u00e1n esfuerzos y trabajar\u00e1n de la mano con los empresarios. \u201cReconozco el papel fundamental que tienen en la generaci\u00f3n de empleo, inversi\u00f3n y el progreso de la ciudad, por eso debemos brindar las garant\u00edas necesarias para que crezcan y fortalezcan la econom\u00eda local\u201d.<\/p>\n<p>En los pr\u00f3ximos meses se implementar\u00e1n proyectos que promuevan la sinergia entre la institucionalidad, la C\u00e1mara y los empresarios locales. Esos esfuerzos van desde incentivos para el emprendimiento hasta iniciativas de responsabilidad social corporativa que beneficiar\u00e1n a diversos sectores bajo los principios de la econom\u00eda circular.<\/p>\n","protected":false},"excerpt":{"rendered":"<p>C\u00daCUTA.- Les dijo el alcalde Jorge Acevedo a directivos y directores de \u00c1rea de la C\u00e1mara de Comercio de C\u00facuta. La reuni\u00f3n ten\u00eda como prop\u00f3sito impulsar el crecimiento econ\u00f3mico y fortalecer el tejido empresarial de la ciudad. La entidad socializ\u00f3 los programas y los proyectos que se adelantan con los empresarios para promover la apertura &hellip;<\/p>\n","protected":false},"author":1,"featured_media":40045,"comment_status":"open","ping_status":"open","sticky":false,"template":"","format":"standard","meta":{"footnotes":""},"categories":[2625,4],"tags":[],"class_list":["post-40044","post","type-post","status-publish","format-standard","has-post-thumbnail","hentry","category-alcaldia-de-cucuta","category-barra"],"_links":{"self":[{"href":"https:\/\/contraluzcucuta.co\/index.php?rest_route=\/wp\/v2\/posts\/40044","targetHints":{"allow":["GET"]}}],"collection":[{"href":"https:\/\/contraluzcucuta.co\/index.php?rest_route=\/wp\/v2\/posts"}],"about":[{"href":"https:\/\/contraluzcucuta.co\/index.php?rest_route=\/wp\/v2\/types\/post"}],"author":[{"embeddable":true,"href":"https:\/\/contraluzcucuta.co\/index.php?rest_route=\/wp\/v2\/users\/1"}],"replies":[{"embeddable":true,"href":"https:\/\/contraluzcucuta.co\/index.php?rest_route=%2Fwp%2Fv2%2Fcomments&post=40044"}],"version-history":[{"count":2,"href":"https:\/\/contraluzcucuta.co\/index.php?rest_route=\/wp\/v2\/posts\/40044\/revisions"}],"predecessor-version":[{"id":40050,"href":"https:\/\/contraluzcucuta.co\/index.php?rest_route=\/wp\/v2\/posts\/40044\/revisions\/40050"}],"wp:featuredmedia":[{"embeddable":true,"href":"https:\/\/contraluzcucuta.co\/index.php?rest_route=\/wp\/v2\/media\/40045"}],"wp:attachment":[{"href":"https:\/\/contraluzcucuta.co\/index.php?rest_route=%2Fwp%2Fv2%2Fmedia&parent=40044"}],"wp:term":[{"taxonomy":"category","embeddable":true,"href":"https:\/\/contraluzcucuta.co\/index.php?rest_route=%2Fwp%2Fv2%2Fcategories&post=40044"},{"taxonomy":"post_tag","embeddable":true,"href":"https:\/\/contraluzcucuta.co\/index.php?rest_route=%2Fwp%2Fv2%2Ftags&post=40044"}],"curies":[{"name":"wp","href":"https:\/\/api.w.org\/{rel}","templated":true}]}}